{"id":645433,"date":"2026-01-06T19:28:14","date_gmt":"2026-01-06T19:28:14","guid":{"rendered":"https:\/\/www.europesays.com\/fr\/645433\/"},"modified":"2026-01-06T19:28:14","modified_gmt":"2026-01-06T19:28:14","slug":"le-chu-fait-face-a-une-situation-de-tres-forte-tension-a-rennes-le-plan-blanc-est-declenche-dans-les-hopitaux","status":"publish","type":"post","link":"https:\/\/www.europesays.com\/fr\/645433\/","title":{"rendered":"\u00ab\u00a0Le CHU fait face \u00e0 une situation de tr\u00e8s forte tension\u00a0\u00bb\u00a0: \u00e0 Rennes, le plan blanc est d\u00e9clench\u00e9 dans les h\u00f4pitaux"},"content":{"rendered":"<p>L\u2019ann\u00e9e 2026 d\u00e9bute \u00e0 peine et le CHU de Rennes d\u00e9clenche son plan blanc, ce mardi 6 janvier 2026. \u00ab Le CHU fait face \u00e0 une situation de tr\u00e8s forte tension affectant le SAMU &#8211; Centre 15\/SAS 35 et le service d\u2019accueil des urgences adultes \u00bb, explique le CHU de Rennes dans un communiqu\u00e9, ce mardi 6 janvier 2026.<\/p>\n<p>L\u2019\u00e9tablissement met en avant \u00ab la conjonction de plusieurs facteurs majeurs : le <a href=\"https:\/\/www.letelegramme.fr\/bretagne\/medecins-liberaux-qui-fait-greve-en-bretagne-et-pourquoi-6956928.php\" target=\"_blank\" rel=\"noopener\">mouvement de gr\u00e8ve des m\u00e9decins lib\u00e9raux<\/a>, concernant \u00e9galement les m\u00e9decins g\u00e9n\u00e9ralistes participant habituellement \u00e0 la r\u00e9gulation m\u00e9dicale au sein du SAS-Centre 15 et qui ne sont actuellement plus pr\u00e9sents \u00bb, mais aussi \u00ab un pic \u00e9pid\u00e9mique hivernal important (grippe et infections respiratoires) \u00bb et \u00ab des conditions m\u00e9t\u00e9orologiques d\u00e9favorables, entra\u00eenant une augmentation des accidents et des difficult\u00e9s de d\u00e9placement \u00bb.<\/p>\n<p>Dans ce contexte, les appels au Centre 15 ont \u00ab fortement augment\u00e9 ces derniers jours \u00bb. Quant aux urgences, elles \u00ab enregistrent une activit\u00e9 extr\u00eamement importante sous le double effet du pic \u00e9pid\u00e9mique \u00e0 son plus haut niveau actuellement et d\u2019une augmentation du nombre de passages spontan\u00e9s faute d\u2019alternative toujours possible en cabinet m\u00e9dical de ville \u00bb.<\/p>\n<p>\u00ab Le soutien de tous les \u00e9tablissements de sant\u00e9 est demand\u00e9 \u00bb<\/p>\n<p>Le d\u00e9clenchement du plan blanc a donc \u00e9t\u00e9 d\u00e9cid\u00e9 \u00ab afin d\u2019adapter l\u2019organisation du CHU \u00e0 la situation \u00bb, \u00ab renforcer la mobilisation des \u00e9quipes et de rappeler aux usagers les consignes et priorit\u00e9s de prise en charge \u00bb. \u00ab Le soutien de tous les \u00e9tablissements de sant\u00e9 du territoire, publics et priv\u00e9s, est \u00e9galement demand\u00e9 pour participer \u00e0 la prise en charge des hospitalisations non programm\u00e9es des patients admis aux urgences du CHU. \u00bb<\/p>\n<p>Le CHU rappelle toutefois que \u00ab la r\u00e9gulation m\u00e9dicale du Samu et la prise en charge des urgences vitales sont assur\u00e9es 24 h\/24. L\u2019accueil des patientes enceintes dans les maternit\u00e9s est assur\u00e9 24 h\/24 et 7 J\/7. \u00ab Il appelle \u00e9galement \u00bb la population \u00e0 une utilisation responsable des services d\u2019urgence. Le 15 doit \u00eatre r\u00e9serv\u00e9 aux urgences (d\u00e9tresse respiratoire, douleur thoracique, malaise grave ou perte de connaissance, traumatisme s\u00e9v\u00e8re\u2026) et \u00e0 toute situation engageant le pronostic vital notamment.<\/p>\n","protected":false},"excerpt":{"rendered":"L\u2019ann\u00e9e 2026 d\u00e9bute \u00e0 peine et le CHU de Rennes d\u00e9clenche son plan blanc, ce mardi 6 janvier&hellip;\n","protected":false},"author":2,"featured_media":645434,"comment_status":"","ping_status":"","sticky":false,"template":"","format":"standard","meta":{"footnotes":""},"categories":[2821],"tags":[1111,11,829,1777,674,1011,27,100,848,12,584,25,71],"class_list":{"0":"post-645433","1":"post","2":"type-post","3":"status-publish","4":"format-standard","5":"has-post-thumbnail","7":"category-rennes","8":"tag-actu","9":"tag-actualites","10":"tag-bretagne","11":"tag-eu","12":"tag-europe","13":"tag-fr","14":"tag-france","15":"tag-hopital","16":"tag-ille-et-vilaine","17":"tag-news","18":"tag-rennes","19":"tag-republique-francaise","20":"tag-sante"},"share_on_mastodon":{"url":"https:\/\/pubeurope.com\/@fr\/115849809366553636","error":""},"_links":{"self":[{"href":"https:\/\/www.europesays.com\/fr\/wp-json\/wp\/v2\/posts\/645433","targetHints":{"allow":["GET"]}}],"collection":[{"href":"https:\/\/www.europesays.com\/fr\/wp-json\/wp\/v2\/posts"}],"about":[{"href":"https:\/\/www.europesays.com\/fr\/wp-json\/wp\/v2\/types\/post"}],"author":[{"embeddable":true,"href":"https:\/\/www.europesays.com\/fr\/wp-json\/wp\/v2\/users\/2"}],"replies":[{"embeddable":true,"href":"https:\/\/www.europesays.com\/fr\/wp-json\/wp\/v2\/comments?post=645433"}],"version-history":[{"count":0,"href":"https:\/\/www.europesays.com\/fr\/wp-json\/wp\/v2\/posts\/645433\/revisions"}],"wp:featuredmedia":[{"embeddable":true,"href":"https:\/\/www.europesays.com\/fr\/wp-json\/wp\/v2\/media\/645434"}],"wp:attachment":[{"href":"https:\/\/www.europesays.com\/fr\/wp-json\/wp\/v2\/media?parent=645433"}],"wp:term":[{"taxonomy":"category","embeddable":true,"href":"https:\/\/www.europesays.com\/fr\/wp-json\/wp\/v2\/categories?post=645433"},{"taxonomy":"post_tag","embeddable":true,"href":"https:\/\/www.europesays.com\/fr\/wp-json\/wp\/v2\/tags?post=645433"}],"curies":[{"name":"wp","href":"https:\/\/api.w.org\/{rel}","templated":true}]}}