{"id":645435,"date":"2026-01-06T19:29:16","date_gmt":"2026-01-06T19:29:16","guid":{"rendered":"https:\/\/www.europesays.com\/fr\/645435\/"},"modified":"2026-01-06T19:29:16","modified_gmt":"2026-01-06T19:29:16","slug":"une-partie-de-la-bretagne-reste-en-alerte-mercredi","status":"publish","type":"post","link":"https:\/\/www.europesays.com\/fr\/645435\/","title":{"rendered":"une partie de la Bretagne reste en alerte, mercredi"},"content":{"rendered":"<p>                    Par<br \/>\n        <strong><br \/>\n            <a href=\"https:\/\/actu.fr\/auteur\/clemence-pays02-actu-fr\" title=\"Consulter tous les articles de Cl\u00e9mence Pays\" target=\"_blank\" rel=\"noopener\">Cl\u00e9mence Pays<\/a><br \/>\n                    <\/strong><\/p>\n<p>        Publi\u00e9 le<\/p>\n<p>            6 janv. 2026 \u00e0 18h30        <\/p>\n<p>Dans son bulletin pr\u00e9visionnel publi\u00e9 \u00e0 16h ce mardi 6\u00a0janvier 2026, <a href=\"https:\/\/actu.fr\/meteo\/neige-et-verglas-meteo-france-etend-la-vigilance-ce-mardi-toute-la-france-concernee-a-quoi-s-attendre_63652392.html\" target=\"_blank\" rel=\"noopener\">M\u00e9t\u00e9o France<\/a> annonce placer <strong>l\u2019Ille-et-Vilaine, les C\u00f4tes-d\u2019Armor et le Morbihan en vigilance jaune neige-verglas,<\/strong> \u00e0 compter de 18h ce soir. Le Finist\u00e8re reste en vert.<\/p>\n<p class=\" wall-content\">Cette vigilance sera <strong>lev\u00e9e \u00e0 minuit pour les C\u00f4tes-d\u2019Armor et le Morbihan.<\/strong> En revanche, <strong>l\u2019Ille-et-Vilaine restera en jaune<\/strong> jusqu\u2019\u00e0 10h, mercredi 7\u00a0janvier.<\/p>\n<p>Du verglas et peut-\u00eatre de la neige<\/p>\n<p class=\" wall-content\">Ce mardi soir et cette nuit, \u00ab\u2009les temp\u00e9ratures vont rebaisser vers <strong>0\u00b0C \u00e0 -1\u00b0C,<\/strong> du Centre Bretagne, \u00e0 l\u2019est Bretagne, avec un<strong> regel sur les zones rest\u00e9es enneig\u00e9es\u2009\u00bb,<\/strong> annonce J\u00e9r\u00f4me Dr\u00e9ano. Par cons\u00e9quent, le verglas va faire son retour dans ces secteurs, pr\u00e9vient le m\u00e9t\u00e9orologue de M\u00e9t\u00e9o Bretagne.<\/p>\n<p class=\" wall-content\">\n<p class=\" wall-content\">Des <strong>pr\u00e9cipitations<\/strong> feront leur apparition du Finist\u00e8re vers l\u2019Ille-et-Vilaine. Ces pluies atteindront le d\u00e9partement bretillien \u00ab\u2009vers 2 ou 3h, alors que les temp\u00e9ratures seront proches de z\u00e9ro\u2009\u00bb, poursuit J\u00e9r\u00f4me Dr\u00e9ano.<\/p>\n<blockquote class=\"ac-article-quote wall-content\">\n<p>Il y a un risque de pluies vergla\u00e7antes, voire de neige, dans l&rsquo;est de l&rsquo;Ille-et-Vilaine.<\/p>\n<p>    <strong>J\u00e9r\u00f4me Dr\u00e9ano<\/strong><br \/>\n        M\u00e9t\u00e9orologue pour M\u00e9t\u00e9o Bretagne    <\/p><\/blockquote>\n<p class=\" wall-content\">Les pays de <a href=\"https:\/\/actu.fr\/le-journal-de-vitre\/\" target=\"_blank\" rel=\"noopener\">Vitr\u00e9<\/a> et de <a href=\"https:\/\/actu.fr\/la-chronique-republicaine\/\" target=\"_blank\" rel=\"noopener\">Foug\u00e8res<\/a> seront <strong>plus particuli\u00e8rement touch\u00e9s.<\/strong><\/p>\n<p>Votre r\u00e9gion, votre actu !<\/p>\n<p>Recevez chaque jour les infos qui comptent pour vous.<\/p>\n<p>\t<a href=\"https:\/\/actu.fr\/newsletter\" class=\"ac-btn ac-btn--corner ac-btn--medium ac-btn--blue800\" target=\"_blank\" rel=\"noopener\">S&rsquo;incrire<\/a><br \/>\nLe retour de la douceur<\/p>\n<p class=\" wall-content\">Mercredi, la Bretagne conna\u00eetra <strong>un \u00ab\u2009redoux\u2009\u00bb.<\/strong> Le matin, il fera\u00a0entre 1 et 3\u00b0C dans le secteur est de la r\u00e9gion\u2009; 4\u00b0C en Centre Bretagne et 7 \u00e0 10\u00b0C \u00e0 l\u2019ouest.<\/p>\n<p class=\" wall-content\">L\u2019apr\u00e8s-midi, M\u00e9t\u00e9o Bretagne pr\u00e9voit 8\u00b0C \u00e0 Rennes, 9\u00b0C \u00e0 Brest, Lorient, Saint-Malo, Saint-Brieuc ou encore Lannion.<\/p>\n<p class=\" wall-content\"><strong>\u00ab\u2009L\u2019\u00e9pisode hivernal va toucher \u00e0 sa fin avec la perturbation attendue<\/strong> dans la nuit de mercredi \u00e0 jeudi\u2009\u00bb, pr\u00e9vient J\u00e9r\u00f4me Dr\u00e9ano.<\/p>\n<p class=\" wall-content\">Personnalisez votre actualit\u00e9 en ajoutant vos villes et m\u00e9dias en favori avec <a href=\"https:\/\/moncompte.actu.fr\" title=\"D\u00e9couvez Mon Actu\" rel=\"nofollow noopener\" data-trk=\"{&quot;cta&quot;:{&quot;action&quot;:&quot;https:\\\/\\\/moncompte.actu.fr&quot;,&quot;category&quot;:&quot;mon compte&quot;,&quot;from&quot;:&quot;article footer&quot;,&quot;name&quot;:&quot;Mon actu&quot;,&quot;type&quot;:&quot;cta&quot;}}\" target=\"_blank\">Mon Actu<\/a>.<\/p>\n","protected":false},"excerpt":{"rendered":"Par Cl\u00e9mence Pays Publi\u00e9 le 6 janv. 2026 \u00e0 18h30 Dans son bulletin pr\u00e9visionnel publi\u00e9 \u00e0 16h ce&hellip;\n","protected":false},"author":2,"featured_media":645436,"comment_status":"","ping_status":"","sticky":false,"template":"","format":"standard","meta":{"footnotes":""},"categories":[2821],"tags":[1111,11,829,1777,674,1011,27,2487,2357,10584,12,584,25],"class_list":{"0":"post-645435","1":"post","2":"type-post","3":"status-publish","4":"format-standard","5":"has-post-thumbnail","7":"category-rennes","8":"tag-actu","9":"tag-actualites","10":"tag-bretagne","11":"tag-eu","12":"tag-europe","13":"tag-fr","14":"tag-france","15":"tag-meteo","16":"tag-meteo-france","17":"tag-neige","18":"tag-news","19":"tag-rennes","20":"tag-republique-francaise"},"share_on_mastodon":{"url":"https:\/\/pubeurope.com\/@fr\/115849813270437141","error":""},"_links":{"self":[{"href":"https:\/\/www.europesays.com\/fr\/wp-json\/wp\/v2\/posts\/645435","targetHints":{"allow":["GET"]}}],"collection":[{"href":"https:\/\/www.europesays.com\/fr\/wp-json\/wp\/v2\/posts"}],"about":[{"href":"https:\/\/www.europesays.com\/fr\/wp-json\/wp\/v2\/types\/post"}],"author":[{"embeddable":true,"href":"https:\/\/www.europesays.com\/fr\/wp-json\/wp\/v2\/users\/2"}],"replies":[{"embeddable":true,"href":"https:\/\/www.europesays.com\/fr\/wp-json\/wp\/v2\/comments?post=645435"}],"version-history":[{"count":0,"href":"https:\/\/www.europesays.com\/fr\/wp-json\/wp\/v2\/posts\/645435\/revisions"}],"wp:featuredmedia":[{"embeddable":true,"href":"https:\/\/www.europesays.com\/fr\/wp-json\/wp\/v2\/media\/645436"}],"wp:attachment":[{"href":"https:\/\/www.europesays.com\/fr\/wp-json\/wp\/v2\/media?parent=645435"}],"wp:term":[{"taxonomy":"category","embeddable":true,"href":"https:\/\/www.europesays.com\/fr\/wp-json\/wp\/v2\/categories?post=645435"},{"taxonomy":"post_tag","embeddable":true,"href":"https:\/\/www.europesays.com\/fr\/wp-json\/wp\/v2\/tags?post=645435"}],"curies":[{"name":"wp","href":"https:\/\/api.w.org\/{rel}","templated":true}]}}