{"id":645437,"date":"2026-01-06T19:30:24","date_gmt":"2026-01-06T19:30:24","guid":{"rendered":"https:\/\/www.europesays.com\/fr\/645437\/"},"modified":"2026-01-06T19:30:24","modified_gmt":"2026-01-06T19:30:24","slug":"strasbourg-le-planetarium-exceptionnellement-ferme-jusquau-6-fevrier","status":"publish","type":"post","link":"https:\/\/www.europesays.com\/fr\/645437\/","title":{"rendered":"Strasbourg. Le Plan\u00e9tarium exceptionnellement ferm\u00e9 jusqu\u2019au 6\u00a0f\u00e9vrier"},"content":{"rendered":"<p>Le Plan\u00e9tarium du Jardin des sciences de Strasbourg est exceptionnellement ferm\u00e9 du 5\u00a0janvier au 6\u00a0f\u00e9vrier. La r\u00e9paration inattendue d\u2019un vid\u00e9oprojecteur d\u00e9fectueux n\u00e9cessite en effet plusieurs semaines de fermeture.<\/p>\n<p>L\u2018\u00e9quipe invite d\u00e8s le 7\u00a0f\u00e9vrier \u00e0 d\u00e9couvrir un nouveau spectacle, \u00ab\u00a0La grande aventure du Syst\u00e8me solaire\u00a0\u00bb, \u00e0 partir de 8 ans. Il s\u2019agit d\u2019un voyage interplan\u00e9taire avec le charismatique illusionniste Schiaparelli, de la surface br\u00fblante de Mercure aux \u00e9tendues glac\u00e9es de Pluton. Sans oublier les ciels \u00e9toil\u00e9s et tout le reste de la programmation.<\/p>\n","protected":false},"excerpt":{"rendered":"Le Plan\u00e9tarium du Jardin des sciences de Strasbourg est exceptionnellement ferm\u00e9 du 5\u00a0janvier au 6\u00a0f\u00e9vrier. La r\u00e9paration inattendue&hellip;\n","protected":false},"author":2,"featured_media":645438,"comment_status":"","ping_status":"","sticky":false,"template":"","format":"standard","meta":{"footnotes":""},"categories":[2820],"tags":[1111,11,2389,1687,2880,1777,674,2271,107,1011,27,775,12,25,3140,640,2879],"class_list":{"0":"post-645437","1":"post","2":"type-post","3":"status-publish","4":"format-standard","5":"has-post-thumbnail","7":"category-strasbourg","8":"tag-actu","9":"tag-actualites","10":"tag-alsace","11":"tag-culture-loisirs","12":"tag-edition-strasbourg","13":"tag-eu","14":"tag-europe","15":"tag-exposition-arts-plastiques","16":"tag-fil-info","17":"tag-fr","18":"tag-france","19":"tag-grand-est","20":"tag-news","21":"tag-republique-francaise","22":"tag-spectacle","23":"tag-strasbourg","24":"tag-strasbourg-ville"},"share_on_mastodon":{"url":"https:\/\/pubeurope.com\/@fr\/115849817203986900","error":""},"_links":{"self":[{"href":"https:\/\/www.europesays.com\/fr\/wp-json\/wp\/v2\/posts\/645437","targetHints":{"allow":["GET"]}}],"collection":[{"href":"https:\/\/www.europesays.com\/fr\/wp-json\/wp\/v2\/posts"}],"about":[{"href":"https:\/\/www.europesays.com\/fr\/wp-json\/wp\/v2\/types\/post"}],"author":[{"embeddable":true,"href":"https:\/\/www.europesays.com\/fr\/wp-json\/wp\/v2\/users\/2"}],"replies":[{"embeddable":true,"href":"https:\/\/www.europesays.com\/fr\/wp-json\/wp\/v2\/comments?post=645437"}],"version-history":[{"count":0,"href":"https:\/\/www.europesays.com\/fr\/wp-json\/wp\/v2\/posts\/645437\/revisions"}],"wp:featuredmedia":[{"embeddable":true,"href":"https:\/\/www.europesays.com\/fr\/wp-json\/wp\/v2\/media\/645438"}],"wp:attachment":[{"href":"https:\/\/www.europesays.com\/fr\/wp-json\/wp\/v2\/media?parent=645437"}],"wp:term":[{"taxonomy":"category","embeddable":true,"href":"https:\/\/www.europesays.com\/fr\/wp-json\/wp\/v2\/categories?post=645437"},{"taxonomy":"post_tag","embeddable":true,"href":"https:\/\/www.europesays.com\/fr\/wp-json\/wp\/v2\/tags?post=645437"}],"curies":[{"name":"wp","href":"https:\/\/api.w.org\/{rel}","templated":true}]}}