{"id":645439,"date":"2026-01-06T19:31:14","date_gmt":"2026-01-06T19:31:14","guid":{"rendered":"https:\/\/www.europesays.com\/fr\/645439\/"},"modified":"2026-01-06T19:31:14","modified_gmt":"2026-01-06T19:31:14","slug":"marc-keller-doit-sen-aller-apres-le-depart-de-liam-rosenior-de-strasbourg-les-supporters-se-mobilisent","status":"publish","type":"post","link":"https:\/\/www.europesays.com\/fr\/645439\/","title":{"rendered":"\u00ab\u00a0Marc Keller doit s&rsquo;en aller\u00a0\u00bb : apr\u00e8s le d\u00e9part de Liam Rosenior de Strasbourg, les supporters se mobilisent"},"content":{"rendered":"<p>La journ\u00e9e de ce mardi 6 janvier fut explosive pour de nombreux supporters du Racing Club de Strasbourg. Apr\u00e8s l&rsquo;annonce du d\u00e9part du coach Liam Rosenior, la col\u00e8re de certains clubs monte, directement tourn\u00e9e vers la pr\u00e9sidence du club.<\/p>\n<p>Les supporters du Racing club de Strasbourg ont le Blues. Le coach Liam Rosenior\u00a0<a class=\"IciLink ici-link IciArticleLink g-ici-body-regular-1 underline brand svelte-1chfe2s\" href=\"https:\/\/www.francebleu.fr\/sports\/football\/racing-liam-rosenior-officialise-son-depart-6169523\" target=\"_blank\" rel=\"noopener\">a officialis\u00e9 ce mardi son d\u00e9part<\/a>\u00a0pour le banc de Chelsea, l&rsquo;autre club propri\u00e9t\u00e9 de BlueCo, en Premier League anglaise. <strong>Apr\u00e8s 18 mois sur le banc alsacien<\/strong>, l&rsquo;entra\u00eeneur laisse donc derri\u00e8re lui un Racing 7\u00e8me de Ligue 1 et en pleine \u00e9pop\u00e9e europ\u00e9enne en Coupe d&rsquo;Europe. Ce qui agace certains fans, dont les clubs de supporters, en gr\u00e8ve depuis 1 an et demi, contre la multipropri\u00e9t\u00e9.<\/p>\n<p>Une pr\u00e9sidence point\u00e9e du doigt<\/p>\n<p>\u00ab\u00a0Marc Keller doit s&rsquo;en aller.\u00a0\u00bb Clairement, Alexandre, porte-parole de la f\u00e9d\u00e9ration des supporters, ne prend plus de pincettes et s&rsquo;en prend directement au pr\u00e9sident du Racing Club de Strasbourg, apr\u00e8s ce d\u00e9part, <strong>v\u00e9cu comme une trahison<\/strong>. \u00ab\u00a0Il ne joue plus son r\u00f4le. Le fait qu&rsquo;il reste pr\u00e9sident \u00e9tait bas\u00e9 sur l&rsquo;id\u00e9e qu&rsquo;il serait un interm\u00e9diaire. Evidemment, il ouvrirait des portes aux actionnaires, les aiderait \u00e0 s&rsquo;installer sur place, mais il \u00e9tait l\u00e0 pour d\u00e9fendre les int\u00e9r\u00eats des Strasbourgeois. Manifestement, il ne d\u00e9fend plus les int\u00e9r\u00eats des Strasbourgeois ou des Alsaciens puisqu&rsquo;on se fait piquer notre entra\u00eeneur au milieu de la saison parce qu&rsquo;il y a une crise \u00e0 Chelsea. Donc s&rsquo;il ne sert plus \u00e0 rien, autant qu&rsquo;il parte.\u00a0\u00bb<\/p>\n<p>loading<\/p>\n<p>Des mots forts mais \u00e0 la hauteur de la d\u00e9ception. \u00ab\u00a0C&rsquo;est une humiliation suppl\u00e9mentaire. C&rsquo;est d\u00e9sastreux pour la suite de la saison du Racing, et \u00e7a montre \u00e0 quel point la multipropri\u00e9t\u00e9 est un cancer et une menace pour tout le foot fran\u00e7ais. Si \u00e7a continue comme \u00e7a, le foot fran\u00e7ais n&rsquo;existera plus dans 5 ou 10 ans\u00a0\u00bb, ajoute-t-il.\u00a0La gr\u00e8ve des encouragements continue donc, et <strong>d&rsquo;autres actions sont \u00e0 pr\u00e9voir<\/strong>, les clubs de supporters vont en discuter.<\/p>\n","protected":false},"excerpt":{"rendered":"La journ\u00e9e de ce mardi 6 janvier fut explosive pour de nombreux supporters du Racing Club de Strasbourg.&hellip;\n","protected":false},"author":2,"featured_media":645440,"comment_status":"","ping_status":"","sticky":false,"template":"","format":"standard","meta":{"footnotes":""},"categories":[2820],"tags":[1111,11,1777,674,1011,27,775,12,25,640],"class_list":{"0":"post-645439","1":"post","2":"type-post","3":"status-publish","4":"format-standard","5":"has-post-thumbnail","7":"category-strasbourg","8":"tag-actu","9":"tag-actualites","10":"tag-eu","11":"tag-europe","12":"tag-fr","13":"tag-france","14":"tag-grand-est","15":"tag-news","16":"tag-republique-francaise","17":"tag-strasbourg"},"share_on_mastodon":{"url":"https:\/\/pubeurope.com\/@fr\/115849821173131931","error":""},"_links":{"self":[{"href":"https:\/\/www.europesays.com\/fr\/wp-json\/wp\/v2\/posts\/645439","targetHints":{"allow":["GET"]}}],"collection":[{"href":"https:\/\/www.europesays.com\/fr\/wp-json\/wp\/v2\/posts"}],"about":[{"href":"https:\/\/www.europesays.com\/fr\/wp-json\/wp\/v2\/types\/post"}],"author":[{"embeddable":true,"href":"https:\/\/www.europesays.com\/fr\/wp-json\/wp\/v2\/users\/2"}],"replies":[{"embeddable":true,"href":"https:\/\/www.europesays.com\/fr\/wp-json\/wp\/v2\/comments?post=645439"}],"version-history":[{"count":0,"href":"https:\/\/www.europesays.com\/fr\/wp-json\/wp\/v2\/posts\/645439\/revisions"}],"wp:featuredmedia":[{"embeddable":true,"href":"https:\/\/www.europesays.com\/fr\/wp-json\/wp\/v2\/media\/645440"}],"wp:attachment":[{"href":"https:\/\/www.europesays.com\/fr\/wp-json\/wp\/v2\/media?parent=645439"}],"wp:term":[{"taxonomy":"category","embeddable":true,"href":"https:\/\/www.europesays.com\/fr\/wp-json\/wp\/v2\/categories?post=645439"},{"taxonomy":"post_tag","embeddable":true,"href":"https:\/\/www.europesays.com\/fr\/wp-json\/wp\/v2\/tags?post=645439"}],"curies":[{"name":"wp","href":"https:\/\/api.w.org\/{rel}","templated":true}]}}