{"id":64544,"date":"2025-04-30T14:05:08","date_gmt":"2025-04-30T14:05:08","guid":{"rendered":"https:\/\/www.europesays.com\/fr\/64544\/"},"modified":"2025-04-30T14:05:08","modified_gmt":"2025-04-30T14:05:08","slug":"les-casinos-lyon-le-pharaon-et-pasino-de-la-tour-de-salvagny-en-deuil-isidore-partouche-est-mort","status":"publish","type":"post","link":"https:\/\/www.europesays.com\/fr\/64544\/","title":{"rendered":"Les casinos Lyon-Le Pharaon et Pasino de La-Tour-de-Salvagny en deuil : Isidore Partouche est mort"},"content":{"rendered":"<p itemprop=\"description\"><strong>Le fondateur de l&rsquo;un des plus c\u00e9l\u00e8bres groupes fran\u00e7ais s&rsquo;est \u00e9teint. Isidore Partouche est d\u00e9c\u00e9d\u00e9 \u00e0 l&rsquo;\u00e2ge de 94 ans.<\/strong><\/p>\n<p>\u00ab\u00a0Le groupe Partouche, son conseil de surveillance, son directoire ainsi que l&rsquo;ensemble de ses collaborateurs saluent la m\u00e9moire d&rsquo;un fondateur exceptionnel, dont l&rsquo;h\u00e9ritage continuera d&rsquo;\u00e9clairer les g\u00e9n\u00e9rations futures et l&rsquo;ensemble de la profession\u00a0\u00bb, d\u00e9clare le groupe dans un communiqu\u00e9 ce mercredi.<\/p>\n<p>Isidore Partouche avait r\u00e9ussi le tour de force de s&rsquo;implanter \u00e0 deux reprises dans l&rsquo;agglom\u00e9ration lyonnaise. D&rsquo;abord \u00e0 La-Tour-de-Salvagny, commune voisine de Charbonni\u00e8res-les-Bains et de son thermalisme, longtemps condition sine qua non pour monter un casino en France. Partouche avait rachet\u00e9 le Lyon-Vert en 1991, avant de le transformer en Pasino en 2024.<\/p>\n<p>Quant au Pharaon \u00e0 la Cit\u00e9 Internationale, le groupe avait convaincu <a href=\"https:\/\/www.lyonmag.com\/profil-personnalite-lyonnaise\/368\/raymond-barre\" target=\"_blank\" rel=\"noopener\">Raymond Barre<\/a> de l&rsquo;autoriser \u00e0 s&rsquo;implanter dans le 6e arrondissement pour pouvoir attirer l&rsquo;h\u00f4tel Hilton et remplir des murs pour lesquels le maire de Lyon peinait \u00e0 trouver des pr\u00e9tendants.<\/p>\n<p>Les recours des \u00e9cologistes <a href=\"https:\/\/www.lyonmag.com\/profil-personnalite-lyonnaise\/63\/gilles-buna\" target=\"_blank\" rel=\"noopener\">Gilles Buna<\/a> et <a href=\"https:\/\/www.lyonmag.com\/profil-personnalite-lyonnaise\/4\/etienne-tete\" target=\"_blank\" rel=\"noopener\">Etienne T\u00eate<\/a>, ainsi que le refus du ministre de l&rsquo;Int\u00e9rieur Jean-Pierre Chev\u00e8nement n&rsquo;avaient pas refroidi la Ville de Lyon. Et c&rsquo;est finalement en revoyant son offre, promettant notamment des concerts de l&rsquo;Orchestre national de Lyon ou d&rsquo;Enrico Macias, qu&rsquo;Isidore Partouche avait d\u00e9croch\u00e9 l&rsquo;autorisation, menant \u00e0 l&rsquo;inauguration du Pharaon en avril 2000.<\/p>\n","protected":false},"excerpt":{"rendered":"Le fondateur de l&rsquo;un des plus c\u00e9l\u00e8bres groupes fran\u00e7ais s&rsquo;est \u00e9teint. Isidore Partouche est d\u00e9c\u00e9d\u00e9 \u00e0 l&rsquo;\u00e2ge de&hellip;\n","protected":false},"author":2,"featured_media":64545,"comment_status":"","ping_status":"","sticky":false,"template":"","format":"standard","meta":{"footnotes":""},"categories":[1889],"tags":[1111,11,2813,2190,2430,1109,251,1112,2811,1777,674,118,1011,27,1922,1110,1114,2428,2810,12,241,316,25,2812,517,800],"class_list":{"0":"post-64544","1":"post","2":"type-post","3":"status-publish","4":"format-standard","5":"has-post-thumbnail","7":"category-lyon","8":"tag-actu","9":"tag-actualites","10":"tag-article","11":"tag-asvel","12":"tag-auvergne-rhone-alpes","13":"tag-breves","14":"tag-culture","15":"tag-depeches","16":"tag-economique","17":"tag-eu","18":"tag-europe","19":"tag-faits-divers","20":"tag-fr","21":"tag-france","22":"tag-info","23":"tag-informations","24":"tag-infos","25":"tag-lyon","26":"tag-lyonmag","27":"tag-news","28":"tag-ol","29":"tag-politique","30":"tag-republique-francaise","31":"tag-sociale","32":"tag-sport","33":"tag-transports"},"share_on_mastodon":{"url":"https:\/\/pubeurope.com\/@fr\/114427299283982023","error":""},"_links":{"self":[{"href":"https:\/\/www.europesays.com\/fr\/wp-json\/wp\/v2\/posts\/64544","targetHints":{"allow":["GET"]}}],"collection":[{"href":"https:\/\/www.europesays.com\/fr\/wp-json\/wp\/v2\/posts"}],"about":[{"href":"https:\/\/www.europesays.com\/fr\/wp-json\/wp\/v2\/types\/post"}],"author":[{"embeddable":true,"href":"https:\/\/www.europesays.com\/fr\/wp-json\/wp\/v2\/users\/2"}],"replies":[{"embeddable":true,"href":"https:\/\/www.europesays.com\/fr\/wp-json\/wp\/v2\/comments?post=64544"}],"version-history":[{"count":0,"href":"https:\/\/www.europesays.com\/fr\/wp-json\/wp\/v2\/posts\/64544\/revisions"}],"wp:featuredmedia":[{"embeddable":true,"href":"https:\/\/www.europesays.com\/fr\/wp-json\/wp\/v2\/media\/64545"}],"wp:attachment":[{"href":"https:\/\/www.europesays.com\/fr\/wp-json\/wp\/v2\/media?parent=64544"}],"wp:term":[{"taxonomy":"category","embeddable":true,"href":"https:\/\/www.europesays.com\/fr\/wp-json\/wp\/v2\/categories?post=64544"},{"taxonomy":"post_tag","embeddable":true,"href":"https:\/\/www.europesays.com\/fr\/wp-json\/wp\/v2\/tags?post=64544"}],"curies":[{"name":"wp","href":"https:\/\/api.w.org\/{rel}","templated":true}]}}