{"id":645444,"date":"2026-01-06T19:34:24","date_gmt":"2026-01-06T19:34:24","guid":{"rendered":"https:\/\/www.europesays.com\/fr\/645444\/"},"modified":"2026-01-06T19:34:24","modified_gmt":"2026-01-06T19:34:24","slug":"le-grand-bazar-la-galere-dun-couple-costarmoricain-a-laeroport-de-nantes-bloque-par-le-gel","status":"publish","type":"post","link":"https:\/\/www.europesays.com\/fr\/645444\/","title":{"rendered":"\u00ab\u00a0Le grand bazar\u00a0!\u00a0\u00bb\u00a0: la gal\u00e8re d\u2019un couple costarmoricain \u00e0 l\u2019a\u00e9roport de Nantes, bloqu\u00e9 par le gel"},"content":{"rendered":"<p>Patrick Michaux, 68 ans, ne s\u2019attendait s\u00fbrement pas \u00e0 cette \u00ab gal\u00e8re \u00bb quand il a pris la route avec son \u00e9pouse depuis Louannec (22) \u00e0 16 h 15, lundi, pour rejoindre Nantes. Pr\u00e9voyant, le couple avait r\u00e9serv\u00e9 une chambre d\u2019h\u00f4tel pr\u00e8s de l\u2019a\u00e9roport, son vol pour une semaine de vacances \u00e0 Marrakech partant tr\u00e8s t\u00f4t dans la matin\u00e9e, \u00e0 6 h, avec un enregistrement \u00e0 partir de 4 h 30.<\/p>\n<p>\u00ab La route, c\u2019\u00e9tait un v\u00e9ritable enfer \u00bb<\/p>\n<p>En voiture \u00e0 16 h 15, les deux Bretons ont vite compris que ce d\u00e9but de voyage ne serait pas des plus simples avec des conditions de circulation d\u00e9licates \u00e0 cause de la neige. Mais pas \u00e0 ce point\u2026 \u00ab La route, c\u2019\u00e9tait un v\u00e9ritable enfer \u00bb, r\u00e9sume Patrick Michaux, \u00ab tr\u00e8s surpris de voir circuler des camions, m\u00eame \u00e0 double remorque, entre Rennes et Nantes. Certains se mettaient en travers de la route et il n\u2019y avait aucune sableuse \u00bb. Lui aussi a failli finir dans le foss\u00e9 : \u00ab \u00c0 un moment, la gendarmerie nous a fait changer de direction. On s\u2019est retrouv\u00e9 sur des routes totalement verglac\u00e9es, de v\u00e9ritables miroirs. J\u2019ai d\u00fb faire une marche arri\u00e8re sur plus d\u2019une centaine de m\u00e8tres car je n\u2019ai pas pu monter une c\u00f4te \u00bb. Plus de peur que de mal pour une arriv\u00e9e \u00e0 l\u2019h\u00f4tel vers 23 h 15, soit sept heures de route, plus du double qu\u2019en temps normal.<\/p>\n<p>\u00ab Tous les distributeurs \u00e9taient vides \u00bb<\/p>\n<p>La gal\u00e8re s\u2019est poursuivie quelques heures plus tard, ce mardi matin, avec \u00ab un grand bazar \u00bb \u00e0 l\u2019arriv\u00e9e \u00e0 l\u2019a\u00e9roport, o\u00f9 aucun avion n\u2019avait d\u00e9coll\u00e9 ou atterri depuis la veille au soir. \u00ab Des gens sont l\u00e0 depuis hier apr\u00e8s-midi. Il y avait, semble-t-il, 2 000 personnes dans l\u2019a\u00e9roport la nuit derni\u00e8re, et une centaine de matelas ont \u00e9t\u00e9 distribu\u00e9s \u00bb. Pour les autres, des lits de fortune, sur des si\u00e8ges, \u00e0 m\u00eame le sol ou sur des tapis d\u2019enregistrement\u2026<\/p>\n<p><img decoding=\"async\" src=\"https:\/\/www.europesays.com\/fr\/wp-content\/uploads\/2026\/01\/695d48f4abd67b2ece0c0f36.1.jpeg\" width=\"480\" height=\"300\" class=\"web_golden_m\" loading=\"lazy\" alt=\"La nuit derni\u00e8re, dans l\u2019a\u00e9roport de Nantes.\"\/>La nuit derni\u00e8re, dans l\u2019a\u00e9roport de Nantes. (Photo Patrick Michaux)<\/p>\n<p>Prenant leur mal en patience, avec aucune information concernant leur vol par leur compagnie a\u00e9rienne, Volotea, les deux Bretons se sont vus proposer des tickets pour se restaurer. \u00ab La premi\u00e8re fois que j\u2019ai tent\u00e9 d\u2019en avoir, on m\u2019a dit que la distribution \u00e9tait impossible car les magasins avaient \u00e9t\u00e9 d\u00e9valis\u00e9s. Et tous les distributeurs \u00e9taient vides, ou presque. Ensuite, vu qu\u2019il y avait au moins trois quarts d\u2019heure d\u2019attente pour r\u00e9cup\u00e9rer un ticket et au moins autant pour acheter \u00e0 manger, on a abandonn\u00e9\u2026 \u00bb<\/p>\n<p>Ce mardi midi, Patrick Michaux et son \u00e9pouse, compatissants envers les familles avec des enfants en bas \u00e2ge, \u00e9taient toujours dans l\u2019inconnu dans un a\u00e9roport \u00ab compl\u00e8tement bond\u00e9. Il n\u2019a pas ferm\u00e9 ; donc, tous les gens qui n\u2019ont pas \u00e9t\u00e9 pr\u00e9venus que leur vol \u00e9tait annul\u00e9 ou retard\u00e9 continuent d\u2019arriver \u00bb. Et sans vouloir repartir : \u00ab L\u2019acc\u00e8s \u00e0 l\u2019a\u00e9roport est si compliqu\u00e9 que les gens qui y sont, contents d\u2019\u00eatre arriv\u00e9s en entier, ne veulent pas partir. Nous aussi, on se demande ce qu\u2019on va faire si le vol est report\u00e9 dans deux jours \u00bb, confiait Patrick Michaux en d\u00e9but d\u2019apr\u00e8s-midi. Quelques minutes avant une annonce, enfin, leur indiquant que la totalit\u00e9 des vols de l\u2019a\u00e9roport de Nantes \u00e9tait annul\u00e9e. \u00ab Il va falloir partir chercher des informations \u00bb, avouait, fataliste, le Costarmoricain.<\/p>\n","protected":false},"excerpt":{"rendered":"Patrick Michaux, 68 ans, ne s\u2019attendait s\u00fbrement pas \u00e0 cette \u00ab gal\u00e8re \u00bb quand il a pris la&hellip;\n","protected":false},"author":2,"featured_media":645445,"comment_status":"","ping_status":"","sticky":false,"template":"","format":"standard","meta":{"footnotes":""},"categories":[2818],"tags":[1111,11,829,2171,765,1777,674,1011,27,5862,5863,766,12,16048,2636,25],"class_list":{"0":"post-645444","1":"post","2":"type-post","3":"status-publish","4":"format-standard","5":"has-post-thumbnail","7":"category-nantes","8":"tag-actu","9":"tag-actualites","10":"tag-bretagne","11":"tag-cotes-darmor","12":"tag-en-continu","13":"tag-eu","14":"tag-europe","15":"tag-fr","16":"tag-france","17":"tag-lannion","18":"tag-louannec","19":"tag-nantes","20":"tag-news","21":"tag-newsletter-aujourdhui-en-bretagne","22":"tag-pays-de-la-loire","23":"tag-republique-francaise"},"share_on_mastodon":{"url":"https:\/\/pubeurope.com\/@fr\/115849832998302018","error":""},"_links":{"self":[{"href":"https:\/\/www.europesays.com\/fr\/wp-json\/wp\/v2\/posts\/645444","targetHints":{"allow":["GET"]}}],"collection":[{"href":"https:\/\/www.europesays.com\/fr\/wp-json\/wp\/v2\/posts"}],"about":[{"href":"https:\/\/www.europesays.com\/fr\/wp-json\/wp\/v2\/types\/post"}],"author":[{"embeddable":true,"href":"https:\/\/www.europesays.com\/fr\/wp-json\/wp\/v2\/users\/2"}],"replies":[{"embeddable":true,"href":"https:\/\/www.europesays.com\/fr\/wp-json\/wp\/v2\/comments?post=645444"}],"version-history":[{"count":0,"href":"https:\/\/www.europesays.com\/fr\/wp-json\/wp\/v2\/posts\/645444\/revisions"}],"wp:featuredmedia":[{"embeddable":true,"href":"https:\/\/www.europesays.com\/fr\/wp-json\/wp\/v2\/media\/645445"}],"wp:attachment":[{"href":"https:\/\/www.europesays.com\/fr\/wp-json\/wp\/v2\/media?parent=645444"}],"wp:term":[{"taxonomy":"category","embeddable":true,"href":"https:\/\/www.europesays.com\/fr\/wp-json\/wp\/v2\/categories?post=645444"},{"taxonomy":"post_tag","embeddable":true,"href":"https:\/\/www.europesays.com\/fr\/wp-json\/wp\/v2\/tags?post=645444"}],"curies":[{"name":"wp","href":"https:\/\/api.w.org\/{rel}","templated":true}]}}