{"id":645448,"date":"2026-01-06T19:36:10","date_gmt":"2026-01-06T19:36:10","guid":{"rendered":"https:\/\/www.europesays.com\/fr\/645448\/"},"modified":"2026-01-06T19:36:10","modified_gmt":"2026-01-06T19:36:10","slug":"pres-de-bordeaux-un-incendie-demarre-dans-une-maison-medicale-letablissement-evacue","status":"publish","type":"post","link":"https:\/\/www.europesays.com\/fr\/645448\/","title":{"rendered":"Pr\u00e8s de Bordeaux, un incendie d\u00e9marre dans une maison m\u00e9dicale : l&rsquo;\u00e9tablissement \u00e9vacu\u00e9"},"content":{"rendered":"<p>                    Par<br \/>\n        <strong><br \/>\n            <a href=\"https:\/\/actu.fr\/auteur\/juliette-cardinale\" title=\"Consulter tous les articles de Juliette Cardinale\" target=\"_blank\" rel=\"noopener\">Juliette Cardinale<\/a><br \/>\n                    <\/strong><\/p>\n<p>        Publi\u00e9 le<\/p>\n<p>            6 janv. 2026 \u00e0 18h48        <\/p>\n<p>Le compteur \u00e9lectrique de la <strong>maison m\u00e9dicale<\/strong> R\u00e9seau Sud de <a href=\"https:\/\/actu.fr\/nouvelle-aquitaine\/begles_33039\" target=\"_blank\" rel=\"noopener\">B\u00e8gles, pr\u00e8s de Bordeaux,<\/a> a pris feu ce mardi 6\u00a0janvier 2026.<\/p>\n<p class=\" wall-content\">Les <strong>pompiers<\/strong> ont \u00e9t\u00e9 appel\u00e9s \u00e0 9h20 pour intervenir sur l\u2019\u00e9tablissement situ\u00e9 au 458 route de Toulouse. Ils ont \u00e9teint <a href=\"https:\/\/actu.fr\/tag\/incendie\" target=\"_blank\" rel=\"noopener\">l\u2019incendie<\/a> gr\u00e2ce \u00e0 un extincteur \u00e0 poudre et deux lances.<\/p>\n<p class=\" wall-content\">Les flammes s\u2019\u00e9taient propag\u00e9es <strong>\u00e0 3 m\u00b2 de la toiture<\/strong> via les gaines \u00e9lectriques. Les fum\u00e9es d\u2019incendie ont quant \u00e0 elles impact\u00e9 <strong>l\u2019ensemble de la maison m\u00e9dicale.<\/strong> Soit, au total, une surface de 240 m\u00b2.<\/p>\n<p class=\" wall-content\"><strong>Douze personnes<\/strong> ont \u00e9t\u00e9 plac\u00e9es au ch\u00f4mage technique\u2009: il s\u2019agit de professionnels de <strong>m\u00e9decine g\u00e9n\u00e9rale<\/strong>, d\u2019orthophonie et orthodontie.\u00a0La <a href=\"https:\/\/actu.fr\/tag\/police\" target=\"_blank\" rel=\"noopener\">police nationale,<\/a> R\u00e9gaz et Enedis \u00e9taient sur les lieux de l\u2019intervention.<\/p>\n<p class=\" wall-content\">Personnalisez votre actualit\u00e9 en ajoutant vos villes et m\u00e9dias en favori avec <a href=\"https:\/\/moncompte.actu.fr\" title=\"D\u00e9couvez Mon Actu\" rel=\"nofollow noopener\" data-trk=\"{&quot;cta&quot;:{&quot;action&quot;:&quot;https:\\\/\\\/moncompte.actu.fr&quot;,&quot;category&quot;:&quot;mon compte&quot;,&quot;from&quot;:&quot;article footer&quot;,&quot;name&quot;:&quot;Mon actu&quot;,&quot;type&quot;:&quot;cta&quot;}}\" target=\"_blank\">Mon Actu<\/a>.<\/p>\n","protected":false},"excerpt":{"rendered":"Par Juliette Cardinale Publi\u00e9 le 6 janv. 2026 \u00e0 18h48 Le compteur \u00e9lectrique de la maison m\u00e9dicale R\u00e9seau&hellip;\n","protected":false},"author":2,"featured_media":645449,"comment_status":"","ping_status":"","sticky":false,"template":"","format":"standard","meta":{"footnotes":""},"categories":[2817],"tags":[1111,11,1997,1777,674,118,1011,27,1310,12,2219,1311,25],"class_list":{"0":"post-645448","1":"post","2":"type-post","3":"status-publish","4":"format-standard","5":"has-post-thumbnail","7":"category-bordeaux","8":"tag-actu","9":"tag-actualites","10":"tag-bordeaux","11":"tag-eu","12":"tag-europe","13":"tag-faits-divers","14":"tag-fr","15":"tag-france","16":"tag-incendie","17":"tag-news","18":"tag-nouvelle-aquitaine","19":"tag-pompiers","20":"tag-republique-francaise"},"share_on_mastodon":{"url":"https:\/\/pubeurope.com\/@fr\/115849840840479587","error":""},"_links":{"self":[{"href":"https:\/\/www.europesays.com\/fr\/wp-json\/wp\/v2\/posts\/645448","targetHints":{"allow":["GET"]}}],"collection":[{"href":"https:\/\/www.europesays.com\/fr\/wp-json\/wp\/v2\/posts"}],"about":[{"href":"https:\/\/www.europesays.com\/fr\/wp-json\/wp\/v2\/types\/post"}],"author":[{"embeddable":true,"href":"https:\/\/www.europesays.com\/fr\/wp-json\/wp\/v2\/users\/2"}],"replies":[{"embeddable":true,"href":"https:\/\/www.europesays.com\/fr\/wp-json\/wp\/v2\/comments?post=645448"}],"version-history":[{"count":0,"href":"https:\/\/www.europesays.com\/fr\/wp-json\/wp\/v2\/posts\/645448\/revisions"}],"wp:featuredmedia":[{"embeddable":true,"href":"https:\/\/www.europesays.com\/fr\/wp-json\/wp\/v2\/media\/645449"}],"wp:attachment":[{"href":"https:\/\/www.europesays.com\/fr\/wp-json\/wp\/v2\/media?parent=645448"}],"wp:term":[{"taxonomy":"category","embeddable":true,"href":"https:\/\/www.europesays.com\/fr\/wp-json\/wp\/v2\/categories?post=645448"},{"taxonomy":"post_tag","embeddable":true,"href":"https:\/\/www.europesays.com\/fr\/wp-json\/wp\/v2\/tags?post=645448"}],"curies":[{"name":"wp","href":"https:\/\/api.w.org\/{rel}","templated":true}]}}