{"id":645452,"date":"2026-01-06T19:38:09","date_gmt":"2026-01-06T19:38:09","guid":{"rendered":"https:\/\/www.europesays.com\/fr\/645452\/"},"modified":"2026-01-06T19:38:09","modified_gmt":"2026-01-06T19:38:09","slug":"ce-parking-relais-aux-portes-de-toulouse-va-etre-fortement-agrandi-ce-qui-est-prevu","status":"publish","type":"post","link":"https:\/\/www.europesays.com\/fr\/645452\/","title":{"rendered":"Ce parking-relais aux portes de Toulouse va \u00eatre fortement agrandi, ce qui est pr\u00e9vu"},"content":{"rendered":"<p>                    Par<br \/>\n        <strong><br \/>\n            <a href=\"https:\/\/actu.fr\/auteur\/anaelle-petit\" title=\"Consulter tous les articles de Ana\u00eblle Petit\" target=\"_blank\" rel=\"noopener\">Ana\u00eblle Petit<\/a><br \/>\n                    <\/strong><\/p>\n<p>        Publi\u00e9 le<\/p>\n<p>            6 janv. 2026 \u00e0 18h50        <\/p>\n<p>R\u00e9guli\u00e8rement satur\u00e9, ce petit parking \u2013 dont l\u2019acc\u00e8s est enti\u00e8rement gratuit \u2013 \u00e0 l\u2019est de <strong><a href=\"https:\/\/actu.fr\/toulouse\/\" target=\"_blank\" rel=\"noopener\">Toulouse<\/a> <\/strong>dispose actuellement de <strong>56 places<\/strong> pour accueillir les utilisateurs des bus et de la Lin\u00e9o 1 \u00e0<strong> Quint-Fonsegrives<\/strong> (Haute-Garonne). Face \u00e0 l\u2019afflux quotidien, Tiss\u00e9o a repens\u00e9 le projet d\u2019extension du parking initialement pr\u00e9vu. Voici ce qui a \u00e9t\u00e9 d\u00e9cid\u00e9.<\/p>\n<p>Un parking-relais satur\u00e9 \u00e0 153\u2009%<\/p>\n<p class=\" wall-content\">Le projet initial d\u00e9lib\u00e9r\u00e9 le 8\u00a0juin 2022 pr\u00e9voyait la cr\u00e9ation de <strong>49 places<\/strong> de stationnement suppl\u00e9mentaires, portant ainsi la capacit\u00e9 totale \u00e0 105 voitures. Probl\u00e8me\u2009? <strong>84 voitures<\/strong> utilisaient le parking <strong>pour seulement 56 places<\/strong>, soit une <strong>saturation \u00e0 153\u2009%<\/strong>. Un agrandissement <strong>plus ambitieux<\/strong> a alors \u00e9t\u00e9 d\u00e9cid\u00e9 et act\u00e9 par le comit\u00e9 syndical de Tiss\u00e9o le 17\u00a0d\u00e9cembre 2025.<\/p>\n<p>122 nouvelles places<\/p>\n<p class=\" wall-content\">Ce sont d\u00e9sormais <strong>178 places de stationnement<\/strong> qui seront disponibles sur le parking relais, dont 5 places pour les personnes \u00e0 mobilit\u00e9 r\u00e9duite. Avec un co\u00fbt estim\u00e9 \u00e0 pr\u00e8s de<strong> 1,4 million d\u2019euros<\/strong>, la construction de ces <strong>122 nouvelles places<\/strong> entend r\u00e9pondre au besoin de report modal avec la Lin\u00e9o 1 et le bassin Est de la grande agglom\u00e9ration Toulousaine.<\/p>\n<p>Un am\u00e9nagement pour fin 2026<\/p>\n<p class=\" wall-content\">Les travaux devraient commencer en<strong> mars prochain<\/strong> pour l\u2019am\u00e9nagement de Ribaute et s\u2019\u00e9taleront sur plusieurs mois. La livraison du nouvel espace \u00e9tant attendue pour d\u00e9cembre\u00a02026. Tiss\u00e9o Collectivit\u00e9s a pu obtenir une <strong>subvention de 304\u2009000\u00a0\u20ac<\/strong> vers\u00e9e par l\u2019\u00c9tat au titre du fonds vert.<\/p>\n<p class=\" wall-content\">En parall\u00e8le, Tiss\u00e9o m\u00e8ne d\u2019autres projets pour augmenter les capacit\u00e9s de stationnement. C\u2019est le cas notamment du<a href=\"https:\/\/actu.fr\/occitanie\/toulouse_31555\/toulouse-sature-aux-heures-de-pointe-ce-parking-relais-du-metro-va-enfin-s-agrandir_63589600.html\" target=\"_blank\" rel=\"noopener\"> parking-relais Borderouge. <\/a>Situ\u00e9 au nord de Toulouse, il va faire l\u2019objet d\u2019une augmentation de 170 places. Elles sont attendues pour d\u00e9but 2027.<\/p>\n<p class=\" wall-content\">Malgr\u00e9 cet agrandissement consid\u00e9rable, aucun barri\u00e9rage n\u2019est pr\u00e9vu au parking relais Ribaute. <strong>L\u2019acc\u00e8s restera donc enti\u00e8rement gratuit<\/strong>.\u00a0<\/p>\n<p class=\" wall-content\">Personnalisez votre actualit\u00e9 en ajoutant vos villes et m\u00e9dias en favori avec <a href=\"https:\/\/moncompte.actu.fr\" title=\"D\u00e9couvez Mon Actu\" rel=\"nofollow noopener\" data-trk=\"{&quot;cta&quot;:{&quot;action&quot;:&quot;https:\\\/\\\/moncompte.actu.fr&quot;,&quot;category&quot;:&quot;mon compte&quot;,&quot;from&quot;:&quot;article footer&quot;,&quot;name&quot;:&quot;Mon actu&quot;,&quot;type&quot;:&quot;cta&quot;}}\" target=\"_blank\">Mon Actu<\/a>.<\/p>\n","protected":false},"excerpt":{"rendered":"Par Ana\u00eblle Petit Publi\u00e9 le 6 janv. 2026 \u00e0 18h50 R\u00e9guli\u00e8rement satur\u00e9, ce petit parking \u2013 dont l\u2019acc\u00e8s&hellip;\n","protected":false},"author":2,"featured_media":645453,"comment_status":"","ping_status":"","sticky":false,"template":"","format":"standard","meta":{"footnotes":""},"categories":[2816],"tags":[1111,11,1777,674,1011,27,12,2680,25,104,6173,5400,2312,2803],"class_list":{"0":"post-645452","1":"post","2":"type-post","3":"status-publish","4":"format-standard","5":"has-post-thumbnail","7":"category-toulouse","8":"tag-actu","9":"tag-actualites","10":"tag-eu","11":"tag-europe","12":"tag-fr","13":"tag-france","14":"tag-news","15":"tag-occitanie","16":"tag-republique-francaise","17":"tag-societe","18":"tag-stationnement","19":"tag-tisseo","20":"tag-toulouse","21":"tag-transport"},"share_on_mastodon":{"url":"https:\/\/pubeurope.com\/@fr\/115849848687485115","error":""},"_links":{"self":[{"href":"https:\/\/www.europesays.com\/fr\/wp-json\/wp\/v2\/posts\/645452","targetHints":{"allow":["GET"]}}],"collection":[{"href":"https:\/\/www.europesays.com\/fr\/wp-json\/wp\/v2\/posts"}],"about":[{"href":"https:\/\/www.europesays.com\/fr\/wp-json\/wp\/v2\/types\/post"}],"author":[{"embeddable":true,"href":"https:\/\/www.europesays.com\/fr\/wp-json\/wp\/v2\/users\/2"}],"replies":[{"embeddable":true,"href":"https:\/\/www.europesays.com\/fr\/wp-json\/wp\/v2\/comments?post=645452"}],"version-history":[{"count":0,"href":"https:\/\/www.europesays.com\/fr\/wp-json\/wp\/v2\/posts\/645452\/revisions"}],"wp:featuredmedia":[{"embeddable":true,"href":"https:\/\/www.europesays.com\/fr\/wp-json\/wp\/v2\/media\/645453"}],"wp:attachment":[{"href":"https:\/\/www.europesays.com\/fr\/wp-json\/wp\/v2\/media?parent=645452"}],"wp:term":[{"taxonomy":"category","embeddable":true,"href":"https:\/\/www.europesays.com\/fr\/wp-json\/wp\/v2\/categories?post=645452"},{"taxonomy":"post_tag","embeddable":true,"href":"https:\/\/www.europesays.com\/fr\/wp-json\/wp\/v2\/tags?post=645452"}],"curies":[{"name":"wp","href":"https:\/\/api.w.org\/{rel}","templated":true}]}}