{"id":645454,"date":"2026-01-06T19:39:11","date_gmt":"2026-01-06T19:39:11","guid":{"rendered":"https:\/\/www.europesays.com\/fr\/645454\/"},"modified":"2026-01-06T19:39:11","modified_gmt":"2026-01-06T19:39:11","slug":"pres-de-toulouse-apres-40-ans-de-mariage-elle-denonce-les-abus-sexuels-de-son-mari-pendant-son-sommeil","status":"publish","type":"post","link":"https:\/\/www.europesays.com\/fr\/645454\/","title":{"rendered":"Pr\u00e8s de Toulouse. Apr\u00e8s 40 ans de mariage, elle d\u00e9nonce les abus sexuels de son mari pendant son sommeil"},"content":{"rendered":"<p>                    Par<br \/>\n        <strong><br \/>\n            <a href=\"https:\/\/actu.fr\/auteur\/anaelle-montagne\" title=\"Consulter tous les articles de Anaelle Montagne\" target=\"_blank\" rel=\"noopener\">Anaelle Montagne<\/a><br \/>\n                    <\/strong><\/p>\n<p>        Publi\u00e9 le<\/p>\n<p>            6 janv. 2026 \u00e0 19h06        <\/p>\n<p>Il aura fallu de longues ann\u00e9es \u00e0 Dominique T. pour r\u00e9aliser. En octobre\u00a02021, cette sexag\u00e9naire originaire de <a href=\"https:\/\/actu.fr\/occitanie\/la-salvetat-saint-gilles_31526\" target=\"_blank\" rel=\"noopener\">La Salvetat-Saint-Gilles<\/a> a compris que ce qu\u2019elle vivait n\u2019\u00e9tait pas normal\u2009: la nuit, <strong>son mari avait des relations sexuelles avec elle, pendant qu\u2019elle dormait<\/strong>. Parfois plusieurs fois par semaine. Lourdement m\u00e9dicalis\u00e9e \u2013 car handicap\u00e9e -, Dominique ne se rendait compte de rien\u2009: difficile, donc, de consentir. Mais les doutes qui ont \u00e9merg\u00e9 au fil des ann\u00e9es ont fini par la pousser \u00e0 en parler. Quatre ans plus tard, son mari Michele T., 66\u00a0ans aujourd\u2019hui, compara\u00eet devant le tribunal de Toulouse ce mardi 6\u00a0janvier 2026\u2026 pour \u00ab\u2009agressions sexuelles sur conjoint\u2009\u00bb.<\/p>\n<p>Des positions inhabituelles et des mouchoirs usag\u00e9s<\/p>\n<p class=\" wall-content\">La carrure ch\u00e9tive de Michele T. (\u00e0 prononcer \u00e0 l\u2019italienne) d\u00e9note avec les accusations massives qui p\u00e8sent sur lui. Devant les magistrats, le petit sexag\u00e9naire aux cheveux gris, nez en patate et lunettes rectangulaires, se d\u00e9bat comme il peut. <strong>Il est sur la d\u00e9fensive<\/strong>, crache difficilement qu\u2019il a \u00ab\u2009fait une connerie qu\u2019il n\u2019aurait pas d\u00fb faire\u2009\u00bb.<\/p>\n<p class=\" wall-content\">Face \u00e0 lui, son \u00e9pouse, tout aussi petite, cheveux courts noirs et lunettes rondes, se pr\u00e9sente sans avocat. Elle minimise, n\u2019imaginait pas que l\u2019affaire prendrait de telles proportions, et voulait juste \u00ab\u2009lui donner une le\u00e7on, pour qu\u2019il arr\u00eate\u2009\u00bb. Parce que <strong>son mari, \u00ab\u2009il ne comprend pas le non\u2009\u00bb<\/strong>.<\/p>\n<p>Elle confie ses doutes \u00e0 sa fille<\/p>\n<p class=\" wall-content\">Les deux sexag\u00e9naires se sont mari\u00e9s en 1982 apr\u00e8s dix ans de relation. L\u2019avocat du pr\u00e9venu, Me Brice Zanin, d\u00e9crit un couple \u00ab\u2009archa\u00efque\u2009\u00bb, dans sa vision des relations maritales. \u00ab\u2009Si \u00e7a ne tenait qu\u2019\u00e0 Dominique T., elle n\u2019en aurait probablement jamais parl\u00e9 \u00e0 la police.\u2009\u00bb C\u2019est \u00e0 sa fille et sa compagne que la sexag\u00e9naire a d\u2019abord <strong>confi\u00e9 ses doutes.<\/strong><\/p>\n<p>\u00ab\u2009Elle se r\u00e9veille avec des mouchoirs entre les jambes\u2009\u00bb<\/p>\n<p class=\" wall-content\">\u00ab\u2009Elle se r\u00e9veille le matin avec des mouchoirs plein de sperme entre les jambes, c\u2019est comme \u00e7a qu\u2019elle r\u00e9alise\u2009\u00bb, souffle la pr\u00e9sidente. La victime ne se souvient pas de ses nuits\u2009: \u00ab\u2009quand je dors, je suis comme un cadavre\u2009\u00bb, explique-t-elle.<\/p>\n<p>Vid\u00e9os : en ce moment sur Actu<\/p>\n<p class=\" wall-content\">La faute au lourd traitement qu\u2019elle prend. Car en plus de sa surdit\u00e9 importante, elle souffre de <strong>troubles bipolaires<\/strong>. Ajout\u00e9 aux agressions pendant la nuit, la victime d\u00e9nonce aussi une fellation, que son mari a tent\u00e9 de lui imposer au r\u00e9veil et qu\u2019elle est parvenue \u00e0 \u00e9viter.<\/p>\n<p>Lourdement handicap\u00e9e<\/p>\n<p class=\" wall-content\">En apprenant l\u2019indicible, en 2021, la fille du couple pousse sa m\u00e8re \u00e0 aller plus loin. En octobre cette ann\u00e9e-l\u00e0, la Salvetaine finit donc par <strong>signaler \u00e0 la police les viols qu\u2019elle subit<\/strong>, via un portail en ligne d\u00e9di\u00e9 aux violences sexuelles. Dans la foul\u00e9e, son \u00e9poux est plac\u00e9 en garde \u00e0 vue, puis mis en examen pour viol\u2026 avant que les faits ne soient requalifi\u00e9s en \u00ab\u2009agression sexuelle sur conjoint\u2009\u00bb.<\/p>\n<p>Votre r\u00e9gion, votre actu !<\/p>\n<p>Recevez chaque jour les infos qui comptent pour vous.<\/p>\n<p>\t<a href=\"https:\/\/actu.fr\/newsletter\" class=\"ac-btn ac-btn--corner ac-btn--medium ac-btn--blue800\" target=\"_blank\" rel=\"noopener\">S&rsquo;incrire<\/a><br \/>\nIl avoue et avance l\u2019argument du \u00ab\u2009devoir conjugal\u2009\u00bb<\/p>\n<p class=\" wall-content\">Lors de ses premi\u00e8res auditions, Michele T. a eu du mal \u00e0 saisir pourquoi il \u00e9tait poursuivi. <strong>Il a tout de suite confirm\u00e9<\/strong> qu\u2019il avait des relations sexuelles avec son \u00e9pouse la nuit, r\u00e9guli\u00e8rement. Mais apr\u00e8s tout c\u2019est SA femme\u2009!, insistera-t-il en garde \u00e0 vue, allant jusqu\u2019\u00e0 avancer l\u2019argument du \u00ab\u2009devoir conjugal\u2009\u00bb.<\/p>\n<p class=\" wall-content\">Se rendait-il compte que son \u00e9pouse n\u2019\u00e9tait pas consciente\u2009? \u00ab\u2009Je ne fais pas attention\u2009\u00bb, l\u00e2che le pr\u00e9venu. Elle assure pourtant lui avoir dit, \u00e0 plusieurs reprises, de cesser les agressions qu\u2019elle suspectait.<\/p>\n<p>Un parall\u00e8le avec l\u2019affaire Mazan\u2009?<\/p>\n<p class=\" wall-content\">\u00ab\u2009Pourquoi avez-vous continu\u00e9 alors qu\u2019elle vous a dit non\u2009?\u2009\u00bb, tonnent les magistrats. \u00ab\u2009Depuis 40\u00a0ans j\u2019ai d\u00fb lui faire deux fois\u2009\u00bb, tente de se d\u00e9fendre Michele T. Et la pr\u00e9sidente de faire un parall\u00e8le au proc\u00e8s Mazan\u2009:<\/p>\n<blockquote class=\"ac-article-quote wall-content\">\n<p>Vous savez qu&rsquo;il y en a un certain nombre qui sont pass\u00e9s devant une cour d&rsquo;assises pour ce genre de choses ? Ca peut valoir des ann\u00e9es d&#8217;emprisonnement, de commettre des agressions sexuelles sur une femme qui dort.<\/p>\n<p>    <strong>Pr\u00e9sidente de l&rsquo;audience<\/strong>\n            <\/p><\/blockquote>\n<p class=\" wall-content\">Attention, met en garde la procureure\u2009: ici, il n\u2019y a ni s\u00e9dation, ni viols commis par des tiers. Contrairement au proc\u00e8s Mazan.<\/p>\n<p>Du sursis simple<\/p>\n<p class=\" wall-content\">Pour autant, le pr\u00e9venu savait, sans aucun doute, que son \u00e9pouse n\u2019\u00e9tait pas consentante.<\/p>\n<p class=\" wall-content\">En guise \u00ab\u2009d\u2019avertissement s\u00e9v\u00e8re\u2009\u00bb, la procureure de la R\u00e9publique requiert donc <strong>trois ans de prison assortis d\u2019un sursis simple<\/strong> (pas de prison ferme, donc). Ainsi qu\u2019une demande de suivi par un psychiatre, de suivi socio-judiciaire, et d\u2019injonction de soins. Sans oublier une interdiction d\u2019entrer en contact avec son \u00e9pouse et une inscription au fichier des d\u00e9linquants sexuels.<\/p>\n<p class=\" wall-content\">Le d\u00e9lib\u00e9r\u00e9 devrait tomber dans la soir\u00e9e, ce mardi 6\u00a0janvier 2026.<\/p>\n<p class=\" wall-content\">Personnalisez votre actualit\u00e9 en ajoutant vos villes et m\u00e9dias en favori avec <a href=\"https:\/\/moncompte.actu.fr\" title=\"D\u00e9couvez Mon Actu\" rel=\"nofollow noopener\" data-trk=\"{&quot;cta&quot;:{&quot;action&quot;:&quot;https:\\\/\\\/moncompte.actu.fr&quot;,&quot;category&quot;:&quot;mon compte&quot;,&quot;from&quot;:&quot;article footer&quot;,&quot;name&quot;:&quot;Mon actu&quot;,&quot;type&quot;:&quot;cta&quot;}}\" target=\"_blank\">Mon Actu<\/a>.<\/p>\n","protected":false},"excerpt":{"rendered":"Par Anaelle Montagne Publi\u00e9 le 6 janv. 2026 \u00e0 19h06 Il aura fallu de longues ann\u00e9es \u00e0 Dominique&hellip;\n","protected":false},"author":2,"featured_media":645455,"comment_status":"","ping_status":"","sticky":false,"template":"","format":"standard","meta":{"footnotes":""},"categories":[2816],"tags":[1111,11,1777,674,118,1011,27,12,2680,25,2312,799],"class_list":{"0":"post-645454","1":"post","2":"type-post","3":"status-publish","4":"format-standard","5":"has-post-thumbnail","7":"category-toulouse","8":"tag-actu","9":"tag-actualites","10":"tag-eu","11":"tag-europe","12":"tag-faits-divers","13":"tag-fr","14":"tag-france","15":"tag-news","16":"tag-occitanie","17":"tag-republique-francaise","18":"tag-toulouse","19":"tag-violences-sexuelles"},"share_on_mastodon":{"url":"https:\/\/pubeurope.com\/@fr\/115849852506810914","error":""},"_links":{"self":[{"href":"https:\/\/www.europesays.com\/fr\/wp-json\/wp\/v2\/posts\/645454","targetHints":{"allow":["GET"]}}],"collection":[{"href":"https:\/\/www.europesays.com\/fr\/wp-json\/wp\/v2\/posts"}],"about":[{"href":"https:\/\/www.europesays.com\/fr\/wp-json\/wp\/v2\/types\/post"}],"author":[{"embeddable":true,"href":"https:\/\/www.europesays.com\/fr\/wp-json\/wp\/v2\/users\/2"}],"replies":[{"embeddable":true,"href":"https:\/\/www.europesays.com\/fr\/wp-json\/wp\/v2\/comments?post=645454"}],"version-history":[{"count":0,"href":"https:\/\/www.europesays.com\/fr\/wp-json\/wp\/v2\/posts\/645454\/revisions"}],"wp:featuredmedia":[{"embeddable":true,"href":"https:\/\/www.europesays.com\/fr\/wp-json\/wp\/v2\/media\/645455"}],"wp:attachment":[{"href":"https:\/\/www.europesays.com\/fr\/wp-json\/wp\/v2\/media?parent=645454"}],"wp:term":[{"taxonomy":"category","embeddable":true,"href":"https:\/\/www.europesays.com\/fr\/wp-json\/wp\/v2\/categories?post=645454"},{"taxonomy":"post_tag","embeddable":true,"href":"https:\/\/www.europesays.com\/fr\/wp-json\/wp\/v2\/tags?post=645454"}],"curies":[{"name":"wp","href":"https:\/\/api.w.org\/{rel}","templated":true}]}}