{"id":645456,"date":"2026-01-06T19:42:24","date_gmt":"2026-01-06T19:42:24","guid":{"rendered":"https:\/\/www.europesays.com\/fr\/645456\/"},"modified":"2026-01-06T19:42:24","modified_gmt":"2026-01-06T19:42:24","slug":"petite-main-au-service-des-geants-lille-terre-de-geants-le-patrimoine-lillois-decouvrir-lille-que-faire-a-lille","status":"publish","type":"post","link":"https:\/\/www.europesays.com\/fr\/645456\/","title":{"rendered":"Petite main au service des g\u00e9ants \/ Lille, terre de g\u00e9ants \/ Le patrimoine lillois \/ D\u00e9couvrir Lille \/ Que faire \u00e0 Lille ?"},"content":{"rendered":"<p>Elle entre dans l\u2019univers des g\u00e9ants et g\u00e9antes au d\u00e9but des ann\u00e9es 1990, au hasard d\u2019une amiti\u00e9 commune. \u00ab Ma maman \u00e9tait couturi\u00e8re et m\u2019avait transmis quelques notions, et j\u2019appartenais \u00e0 une troupe de th\u00e9\u00e2tre pour laquelle je confectionnais des costumes \u00bb, raconte Nicole Cugny.<\/p>\n<p>\u00ab <strong>Avec ma petite exp\u00e9rience, je me suis lanc\u00e9e dans la r\u00e9alisation de mon premier habit gigantesque<\/strong>. \u00bb Il \u00e9tait destin\u00e9 \u00e0 une g\u00e9ante, puisqu\u2019il s\u2019agissait de Marianne, cr\u00e9\u00e9e en 1992 par St\u00e9phane Deleurence, artiste plasticien, pour le bicentenaire de la R\u00e9publique. Depuis la jupe rouge de cette figure de la libert\u00e9, haute de 4 m\u00e8tres, <strong>Nicole en a cousu des kilos de tissu !<\/strong> \u00ab <strong>Pour environ 150 personnages<\/strong> \u00bb, estime-t-elle. Toujours une m\u00eame m\u00e9thode.<\/p>\n<p>Des recherches permettent de d\u00e9finir ce que sera le costume, souvent en rapport avec une fonction, un m\u00e9tier, un fait historique, ou quelquefois totalement invent\u00e9. Des croquis, sur du papier millim\u00e9tr\u00e9, sont \u00e9labor\u00e9s par la main de St\u00e9phane, pour \u00e9valuer la quantit\u00e9 d\u2019\u00e9toffe qui sera n\u00e9cessaire. Gr\u00e2ce \u00e0 un patron, le prototype est cr\u00e9\u00e9 directement sur la structure, ce que Nicole appelle \u00ab faire une toile \u00bb, avant de d\u00e9couper dans le tissu.<\/p>\n<p>Du velours, du vert, de l&rsquo;adh\u00e9sif&#8230;<\/p>\n<p>Et, bien s\u00fbr, l\u2019achat des textiles, de plus en plus difficiles \u00e0 trouver, s&rsquo;accordent \u00e0 dire les deux passionn\u00e9s : \u00ab Dans un monde de plus en plus standardis\u00e9, on perd en diversit\u00e9 et en qualit\u00e9, comme pour le beau velours, par exemple, ou alors le co\u00fbt est \u00e9lev\u00e9. \u00bb Parfois aussi, une exigence donne du fil \u00e0 retordre, comme pour l\u2019uniforme du g\u00e9ant Henri le Douanier. \u00ab Pour respecter l\u2019\u00e9poque Empire, il fallait une couleur verte tr\u00e8s sp\u00e9cifique, compliqu\u00e9e \u00e0 d\u00e9nicher ! \u00bb, se souvient Nicole.<\/p>\n<p>Et, quand les robes, pantalons ou autres vestes sont pr\u00eats \u00e0 prendre forme, ils demandent tellement de m\u00e8tres de tissu que c\u2019est la machine \u00e0 coudre qui se d\u00e9place ! Autre contrainte \u00e0 prendre en compte : pour \u00eatre habill\u00e9, le g\u00e9ant\u2026 ne bouge pas. \u00ab Il ne l\u00e8ve pas les bras et ne plie pas les jambes, il faut donc r\u00e9fl\u00e9chir, en amont, pour imaginer des syst\u00e8mes de fixation adh\u00e9sive \u00bb, s\u2019amuse St\u00e9phane. \u00ab Et plus le g\u00e9ant est grand, plus le tissu doit \u00eatre \u00e9pais pour avoir un beau tomb\u00e9 \u00bb, ajoute Nicole.<\/p>\n<p><strong>En plus des v\u00eatements, la costumi\u00e8re ne compte plus les sacs, ceintures, gants, chaussettes mais aussi barbes, sourcils ou cheveux qu\u2019elle a confectionn\u00e9s. <\/strong>\u00ab Nous avons toujours une m\u00eame m\u00e9thode mais tout habillement est une exp\u00e9rimentation nouvelle \u00e0 chaque fois ! \u00bb<\/p>\n<p>\u25cf PAR VAL\u00c9RIE PFAHL<\/p>\n","protected":false},"excerpt":{"rendered":"Elle entre dans l\u2019univers des g\u00e9ants et g\u00e9antes au d\u00e9but des ann\u00e9es 1990, au hasard d\u2019une amiti\u00e9 commune.&hellip;\n","protected":false},"author":2,"featured_media":645457,"comment_status":"","ping_status":"","sticky":false,"template":"","format":"standard","meta":{"footnotes":""},"categories":[2815],"tags":[1111,11,4763,1777,674,1011,27,811,1307,5415,12,25],"class_list":{"0":"post-645456","1":"post","2":"type-post","3":"status-publish","4":"format-standard","5":"has-post-thumbnail","7":"category-lille","8":"tag-actu","9":"tag-actualites","10":"tag-agenda","11":"tag-eu","12":"tag-europe","13":"tag-fr","14":"tag-france","15":"tag-hauts-de-france","16":"tag-lille","17":"tag-mairie","18":"tag-news","19":"tag-republique-francaise"},"share_on_mastodon":{"url":"https:\/\/pubeurope.com\/@fr\/115849864427334295","error":""},"_links":{"self":[{"href":"https:\/\/www.europesays.com\/fr\/wp-json\/wp\/v2\/posts\/645456","targetHints":{"allow":["GET"]}}],"collection":[{"href":"https:\/\/www.europesays.com\/fr\/wp-json\/wp\/v2\/posts"}],"about":[{"href":"https:\/\/www.europesays.com\/fr\/wp-json\/wp\/v2\/types\/post"}],"author":[{"embeddable":true,"href":"https:\/\/www.europesays.com\/fr\/wp-json\/wp\/v2\/users\/2"}],"replies":[{"embeddable":true,"href":"https:\/\/www.europesays.com\/fr\/wp-json\/wp\/v2\/comments?post=645456"}],"version-history":[{"count":0,"href":"https:\/\/www.europesays.com\/fr\/wp-json\/wp\/v2\/posts\/645456\/revisions"}],"wp:featuredmedia":[{"embeddable":true,"href":"https:\/\/www.europesays.com\/fr\/wp-json\/wp\/v2\/media\/645457"}],"wp:attachment":[{"href":"https:\/\/www.europesays.com\/fr\/wp-json\/wp\/v2\/media?parent=645456"}],"wp:term":[{"taxonomy":"category","embeddable":true,"href":"https:\/\/www.europesays.com\/fr\/wp-json\/wp\/v2\/categories?post=645456"},{"taxonomy":"post_tag","embeddable":true,"href":"https:\/\/www.europesays.com\/fr\/wp-json\/wp\/v2\/tags?post=645456"}],"curies":[{"name":"wp","href":"https:\/\/api.w.org\/{rel}","templated":true}]}}