{"id":645460,"date":"2026-01-06T19:44:11","date_gmt":"2026-01-06T19:44:11","guid":{"rendered":"https:\/\/www.europesays.com\/fr\/645460\/"},"modified":"2026-01-06T19:44:11","modified_gmt":"2026-01-06T19:44:11","slug":"un-suspect-incarcere-pour-le-barbecue-du-1er-janvier","status":"publish","type":"post","link":"https:\/\/www.europesays.com\/fr\/645460\/","title":{"rendered":"Un suspect incarc\u00e9r\u00e9 pour le \u00ab\u00a0barbecue\u00a0\u00bb du 1er\u00a0janvier"},"content":{"rendered":"<p>La police marseillaise l\u2019a interpell\u00e9 dans la continuit\u00e9 m\u00eame des faits. Un suspect a \u00e9t\u00e9 mis en examen et incarc\u00e9r\u00e9 pour l\u2019assassinat dans la nuit du 1er au 2\u00a0janvier dernier <a href=\"https:\/\/www.20minutes.fr\/faits_divers\/faits-divers-marseille\/4194009-20260102-marseille-corps-retrouve-coffre-voiture-incendiee\" class=\"c-link c-link--is-underlined\" target=\"_blank\" rel=\"noopener\">d\u2019un jeune homme de 17 ans, d\u00e9couvert mort \u00e0 l\u2019arri\u00e8re d\u2019un v\u00e9hicule incin\u00e9r\u00e9<\/a> dans les <a href=\"https:\/\/www.20minutes.fr\/dossier\/quartiers_nord\" class=\"c-link c-link--is-underlined\" target=\"_blank\" rel=\"noopener\">quartiers nord<\/a> de <a href=\"https:\/\/www.20minutes.fr\/marseille\/\" class=\"c-link c-link--is-underlined\" target=\"_blank\" rel=\"noopener\">Marseille <\/a>dans ce qui ressemblait fort \u00e0 un \u00ab\u00a0<a href=\"https:\/\/www.20minutes.fr\/dossier\/reglement-compte\" class=\"c-link c-link--is-underlined\" target=\"_blank\" rel=\"noopener\">r\u00e8glement de comptes<\/a>\u00a0\u00bb sur fond de <a href=\"https:\/\/www.20minutes.fr\/dossier\/narcotrafiquants\" class=\"c-link c-link--is-underlined\" target=\"_blank\" rel=\"noopener\">narcotrafic<\/a>.<\/p>\n<p>Interpell\u00e9 la nuit m\u00eame des faits dans un v\u00e9hicule pouvant correspondre \u00e0 la description d\u2019un v\u00e9hicule vu sur les lieux, cet homme de 23 ans a \u00e9t\u00e9 mis en examen ce mardi notamment pour <a href=\"https:\/\/www.20minutes.fr\/dossier\/assassinat\" class=\"c-link c-link--is-underlined\" target=\"_blank\" rel=\"noopener\">assassinat <\/a>en bande organis\u00e9e, indique le paquet de Marseille.<\/p>\n<p>La victime, finalement identifi\u00e9e et correspondant au signalement de disparition effectu\u00e9 par ses parents, a \u00e9t\u00e9 abattue de tirs dans la t\u00eate avant d\u2019\u00eatre incin\u00e9r\u00e9 dans une voiture.<\/p>\n","protected":false},"excerpt":{"rendered":"La police marseillaise l\u2019a interpell\u00e9 dans la continuit\u00e9 m\u00eame des faits. Un suspect a \u00e9t\u00e9 mis en examen&hellip;\n","protected":false},"author":2,"featured_media":645461,"comment_status":"","ping_status":"","sticky":false,"template":"","format":"standard","meta":{"footnotes":""},"categories":[2814],"tags":[1111,47,11,6744,885,1777,674,118,7505,1011,27,884,813,12,883,882,11681,25,887],"class_list":{"0":"post-645460","1":"post","2":"type-post","3":"status-publish","4":"format-standard","5":"has-post-thumbnail","7":"category-marseille","8":"tag-actu","9":"tag-actualite","10":"tag-actualites","11":"tag-assassinat","12":"tag-bouches-du-rhone","13":"tag-eu","14":"tag-europe","15":"tag-faits-divers","16":"tag-faits-divers-marseille","17":"tag-fr","18":"tag-france","19":"tag-marseille","20":"tag-narcotrafiquants","21":"tag-news","22":"tag-paca","23":"tag-provence-alpes-cote-dazur","24":"tag-reglement-de-comptes","25":"tag-republique-francaise","26":"tag-trafic-de-drogue"},"share_on_mastodon":{"url":"https:\/\/pubeurope.com\/@fr\/115849872330108450","error":""},"_links":{"self":[{"href":"https:\/\/www.europesays.com\/fr\/wp-json\/wp\/v2\/posts\/645460","targetHints":{"allow":["GET"]}}],"collection":[{"href":"https:\/\/www.europesays.com\/fr\/wp-json\/wp\/v2\/posts"}],"about":[{"href":"https:\/\/www.europesays.com\/fr\/wp-json\/wp\/v2\/types\/post"}],"author":[{"embeddable":true,"href":"https:\/\/www.europesays.com\/fr\/wp-json\/wp\/v2\/users\/2"}],"replies":[{"embeddable":true,"href":"https:\/\/www.europesays.com\/fr\/wp-json\/wp\/v2\/comments?post=645460"}],"version-history":[{"count":0,"href":"https:\/\/www.europesays.com\/fr\/wp-json\/wp\/v2\/posts\/645460\/revisions"}],"wp:featuredmedia":[{"embeddable":true,"href":"https:\/\/www.europesays.com\/fr\/wp-json\/wp\/v2\/media\/645461"}],"wp:attachment":[{"href":"https:\/\/www.europesays.com\/fr\/wp-json\/wp\/v2\/media?parent=645460"}],"wp:term":[{"taxonomy":"category","embeddable":true,"href":"https:\/\/www.europesays.com\/fr\/wp-json\/wp\/v2\/categories?post=645460"},{"taxonomy":"post_tag","embeddable":true,"href":"https:\/\/www.europesays.com\/fr\/wp-json\/wp\/v2\/tags?post=645460"}],"curies":[{"name":"wp","href":"https:\/\/api.w.org\/{rel}","templated":true}]}}