{"id":645462,"date":"2026-01-06T19:45:10","date_gmt":"2026-01-06T19:45:10","guid":{"rendered":"https:\/\/www.europesays.com\/fr\/645462\/"},"modified":"2026-01-06T19:45:10","modified_gmt":"2026-01-06T19:45:10","slug":"alliance-emploi-confie-la-presidence-de-son-agence-metropole-grand-lyon-a-olivier-ghienne","status":"publish","type":"post","link":"https:\/\/www.europesays.com\/fr\/645462\/","title":{"rendered":"Alliance Emploi confie la pr\u00e9sidence de son agence M\u00e9tropole Grand Lyon \u00e0 Olivier Ghienne"},"content":{"rendered":"<p>                                                        <img loading=\"lazy\" decoding=\"async\" width=\"1600\" height=\"1876\" src=\"data:image\/svg+xml,%3Csvg%20xmlns=\" http:=\"\" class=\"thumb img-responsive m-x-auto block w-full\" alt=\"lyon entreprises alliance emploi\" caption=\"\" data-lazy-src=\"https:\/\/www.europesays.com\/fr\/wp-content\/uploads\/2026\/01\/unnamed-1.jpg\"\/><\/p>\n<p class=\"ez-toc-title ez-toc-toggle\" style=\"cursor: pointer\">Sommaire &amp; acc\u00e8s rapide<\/p>\n<p><a href=\"#\" class=\"ez-toc-pull-right ez-toc-btn ez-toc-btn-xs ez-toc-btn-default ez-toc-toggle\" aria-label=\"Toggle Table of Content\">Toggle<\/a><\/p>\n<p><strong>Alliance Emploi annonce la nomination d\u2019Olivier Ghienne \u00e0 la pr\u00e9sidence, \u00e0 titre b\u00e9n\u00e9vole, de son agence M\u00e9tropole Grand Lyon. Cette d\u00e9signation s\u2019inscrit dans une volont\u00e9 de consolider l\u2019implantation du r\u00e9seau sur le territoire lyonnais et de renforcer les partenariats avec les entreprises locales.<\/strong><\/p>\n<p>Une pr\u00e9sidence orient\u00e9e vers l\u2019emploi durable<\/p>\n<p>Directeur des Ressources Humaines du groupe CEME, sp\u00e9cialis\u00e9 dans le g\u00e9nie \u00e9lectrique, le g\u00e9nie climatique et la maintenance, Olivier Ghienne dispose de plus de 35 ann\u00e9es d\u2019exp\u00e9rience dans les ressources humaines. Son parcours et sa connaissance du tissu \u00e9conomique local doivent contribuer \u00e0 renforcer l\u2019accompagnement de proximit\u00e9 des entreprises adh\u00e9rentes de l\u2019agence M\u00e9tropole Grand Lyon.<\/p>\n<p>Alliance Emploi se positionne comme un acteur de l\u2019emploi durable, avec une sp\u00e9cialisation dans les CDI et les CDD longs. L\u2019objectif affich\u00e9 est de permettre aux entreprises de s\u2019appuyer sur des comp\u00e9tences identifi\u00e9es et de s\u2019inscrire dans une logique d\u2019int\u00e9gration \u00e0 long terme.<\/p>\n<p>Un mandat de six ans pour renforcer la pr\u00e9sence territoriale<\/p>\n<p>Le mandat d\u2019Olivier Ghienne, d\u2019une dur\u00e9e de six ans, vise \u00e0 consolider la pr\u00e9sence de l\u2019agence sur la m\u00e9tropole lyonnaise et \u00e0 \u00e9tendre son action. Parmi les priorit\u00e9s figurent la diversification des secteurs d\u2019activit\u00e9, avec un accent mis sur la p\u00e9trochimie, la pharmaceutique, la tech et le nucl\u00e9aire, identifi\u00e9s comme des gisements d\u2019emplois pour les ann\u00e9es \u00e0 venir.<\/p>\n<p>Alliance Emploi pr\u00e9voit dans un premier temps de renforcer ses activit\u00e9s sur la m\u00e9tropole lyonnaise, avant d\u2019\u00e9largir son implantation \u00e0 d\u2019autres territoires tels que le Beaujolais, le bassin st\u00e9phanois, l\u2019Ain et le territoire valentinois.<\/p>\n<p>D\u00e9veloppement des \u00e9coles m\u00e9tiers et r\u00e9ponse aux besoins des entreprises<\/p>\n<p>Olivier Ghienne entend \u00e9galement poursuivre le d\u00e9veloppement des \u00e9coles m\u00e9tiers by Alliance Emploi, en lien avec les partenaires de l\u2019emploi et de la formation. Cette dynamique s\u2019est notamment traduite par le recrutement et la formation de 30 agents de piste et d\u2019escale afin de soutenir l\u2019activit\u00e9 de l\u2019a\u00e9roport de Lyon-Saint-Exup\u00e9ry.<\/p>\n<p>L\u2019objectif est de s\u2019appuyer sur la connaissance fine du terrain et sur la relation de proximit\u00e9 entretenue avec les entreprises adh\u00e9rentes, afin de proposer des professionnels qualifi\u00e9s au plus pr\u00e8s de leurs besoins op\u00e9rationnels.<\/p>\n<p>Une agence ancr\u00e9e dans le bassin d\u2019emploi lyonnais<\/p>\n<p>L\u2019agence M\u00e9tropole Grand Lyon d\u2019Alliance Emploi accompagne actuellement une quinzaine d\u2019entreprises adh\u00e9rentes et pr\u00e8s de 30 salari\u00e9s mis \u00e0 disposition. Son activit\u00e9 repose notamment sur les secteurs a\u00e9roportuaire, industriel, logistique et multitechnique.<\/p>\n<p>Son p\u00e9rim\u00e8tre d\u2019intervention couvre un large territoire autour de Lyon, incluant M\u00e2con, Valence, Grenoble, Saint-\u00c9tienne et Roanne. Historiquement implant\u00e9e \u00e0 Villefontaine, l\u2019agence pr\u00e9voit un d\u00e9m\u00e9nagement sur le secteur Lyon Est, \u00e0 Meyzieu, au printemps, afin de renforcer sa proximit\u00e9 avec ses adh\u00e9rents et de s\u2019implanter dans une zone d\u2019activit\u00e9 strat\u00e9gique.<\/p>\n<p>Un r\u00e9seau national au service des comp\u00e9tences<\/p>\n<p>Fond\u00e9 il y a plus de 25 ans, Alliance Emploi est un r\u00e9seau d\u2019entreprises comptant 20 agences au niveau national. L\u2019association accompagne aujourd\u2019hui pr\u00e8s de 1 700 salari\u00e9s en CDI, en CDD de plus de trois mois ou en alternance, dans plus de 100 m\u00e9tiers multisectoriels, de la PME aux grandes entreprises.<\/p>\n<p>Pr\u00e9sent sur les bassins d\u2019activit\u00e9, Alliance Emploi se positionne comme un acteur de l\u2019anticipation des besoins en comp\u00e9tences et de l\u2019accompagnement des mutations \u00e9conomiques des territoires.<\/p>\n","protected":false},"excerpt":{"rendered":"Sommaire &amp; acc\u00e8s rapide Toggle Alliance Emploi annonce la nomination d\u2019Olivier Ghienne \u00e0 la pr\u00e9sidence, \u00e0 titre b\u00e9n\u00e9vole,&hellip;\n","protected":false},"author":2,"featured_media":645463,"comment_status":"","ping_status":"","sticky":false,"template":"","format":"standard","meta":{"footnotes":""},"categories":[1889],"tags":[1111,11,2430,1777,674,1011,27,2428,12,25],"class_list":{"0":"post-645462","1":"post","2":"type-post","3":"status-publish","4":"format-standard","5":"has-post-thumbnail","7":"category-lyon","8":"tag-actu","9":"tag-actualites","10":"tag-auvergne-rhone-alpes","11":"tag-eu","12":"tag-europe","13":"tag-fr","14":"tag-france","15":"tag-lyon","16":"tag-news","17":"tag-republique-francaise"},"share_on_mastodon":{"url":"https:\/\/pubeurope.com\/@fr\/115849876165749877","error":""},"_links":{"self":[{"href":"https:\/\/www.europesays.com\/fr\/wp-json\/wp\/v2\/posts\/645462","targetHints":{"allow":["GET"]}}],"collection":[{"href":"https:\/\/www.europesays.com\/fr\/wp-json\/wp\/v2\/posts"}],"about":[{"href":"https:\/\/www.europesays.com\/fr\/wp-json\/wp\/v2\/types\/post"}],"author":[{"embeddable":true,"href":"https:\/\/www.europesays.com\/fr\/wp-json\/wp\/v2\/users\/2"}],"replies":[{"embeddable":true,"href":"https:\/\/www.europesays.com\/fr\/wp-json\/wp\/v2\/comments?post=645462"}],"version-history":[{"count":0,"href":"https:\/\/www.europesays.com\/fr\/wp-json\/wp\/v2\/posts\/645462\/revisions"}],"wp:featuredmedia":[{"embeddable":true,"href":"https:\/\/www.europesays.com\/fr\/wp-json\/wp\/v2\/media\/645463"}],"wp:attachment":[{"href":"https:\/\/www.europesays.com\/fr\/wp-json\/wp\/v2\/media?parent=645462"}],"wp:term":[{"taxonomy":"category","embeddable":true,"href":"https:\/\/www.europesays.com\/fr\/wp-json\/wp\/v2\/categories?post=645462"},{"taxonomy":"post_tag","embeddable":true,"href":"https:\/\/www.europesays.com\/fr\/wp-json\/wp\/v2\/tags?post=645462"}],"curies":[{"name":"wp","href":"https:\/\/api.w.org\/{rel}","templated":true}]}}