{"id":645464,"date":"2026-01-06T19:46:13","date_gmt":"2026-01-06T19:46:13","guid":{"rendered":"https:\/\/www.europesays.com\/fr\/645464\/"},"modified":"2026-01-06T19:46:13","modified_gmt":"2026-01-06T19:46:13","slug":"a-lyon-la-nuit-de-lorientation-souvre-pour-la-premiere-fois-aux-parcours-de-reconversion-avec-horizon-pro","status":"publish","type":"post","link":"https:\/\/www.europesays.com\/fr\/645464\/","title":{"rendered":"\u00c0 Lyon, la Nuit de l\u2019Orientation s\u2019ouvre pour la premi\u00e8re fois aux parcours de reconversion avec Horizon Pro"},"content":{"rendered":"<p>                                                        <img loading=\"lazy\" decoding=\"async\" width=\"2048\" height=\"1365\" src=\"data:image\/svg+xml,%3Csvg%20xmlns=\" http:=\"\" class=\"thumb img-responsive m-x-auto block w-full\" alt=\"2025.01.24 - CCI - Forum de l'orientation - Pre\u0301selection-8\" caption=\"\" data-lazy-src=\"https:\/\/www.europesays.com\/fr\/wp-content\/uploads\/2026\/01\/2025-01-24-cci-forum-de-lorientation-preselection-8.jpg\"\/><\/p>\n<p class=\"ez-toc-title ez-toc-toggle\" style=\"cursor: pointer\">Sommaire &amp; acc\u00e8s rapide<\/p>\n<p><a href=\"#\" class=\"ez-toc-pull-right ez-toc-btn ez-toc-btn-xs ez-toc-btn-default ez-toc-toggle\" aria-label=\"Toggle Table of Content\">Toggle<\/a><\/p>\n<p><strong>Le 23 janvier, la CCI Lyon M\u00e9tropole Saint-\u00c9tienne Roanne organise une nouvelle \u00e9dition de la Nuit de l\u2019Orientation au Palais de la Bourse. L\u2019\u00e9v\u00e9nement, d\u00e9di\u00e9 depuis quinze ans \u00e0 l\u2019accompagnement des jeunes dans leurs choix d\u2019orientation, s\u2019enrichit cette ann\u00e9e d\u2019un dispositif in\u00e9dit baptis\u00e9 Horizon Pro, pens\u00e9 pour les actifs, les jeunes dipl\u00f4m\u00e9s et les personnes en reconversion.<\/strong><\/p>\n<p>Un d\u00e9calage persistant entre orientation et besoins \u00e9conomiques<\/p>\n<p>Chaque ann\u00e9e, pr\u00e8s de 800 000 jeunes quittent le syst\u00e8me scolaire avec des trajectoires qui ne correspondent pas toujours aux attentes du march\u00e9 du travail. En 2022, 16 % des 20-24 ans se situaient hors emploi, \u00e9tudes ou formation, tandis que plus d\u2019un recrutement sur deux \u00e9tait jug\u00e9 difficile par les entreprises.<\/p>\n<p>Dans ce contexte, l\u2019orientation est devenue un enjeu strat\u00e9gique pour les acteurs \u00e9conomiques. Depuis 2008, le r\u00e9seau des CCI d\u00e9ploie les Nuits de l\u2019Orientation afin de rapprocher les publics des fili\u00e8res qui recrutent. Plus de 70 \u00e9v\u00e9nements sont organis\u00e9s chaque ann\u00e9e en France, mobilisant pr\u00e8s de 140 000 visiteurs.<\/p>\n<p>Deux dispositifs, un objectif commun<\/p>\n<p>Organis\u00e9e \u00e0 Lyon depuis quinze ans, la Nuit de l\u2019Orientation s\u2019adresse en priorit\u00e9 aux coll\u00e9giens, lyc\u00e9ens, \u00e9tudiants et \u00e0 leurs familles. Elle repose sur la mobilisation d\u2019entreprises du territoire pour faire d\u00e9couvrir m\u00e9tiers, secteurs porteurs et perspectives d\u2019emploi.<\/p>\n<p>Nouveaut\u00e9 de cette \u00e9dition, Horizon Pro \u00e9largit cette logique aux jeunes dipl\u00f4m\u00e9s, aux salari\u00e9s en poste, aux adultes en reconversion et aux personnes \u00e9loign\u00e9es de l\u2019emploi. L\u2019objectif est de s\u00e9curiser les parcours professionnels et de faciliter les transitions vers des m\u00e9tiers qui recrutent.<\/p>\n<p>R\u00e9unis sur un m\u00eame lieu et sur un m\u00eame temps, les deux dispositifs favorisent les \u00e9changes directs entre entreprises et publics aux profils vari\u00e9s.<\/p>\n<p>Une orientation pens\u00e9e comme un processus continu<\/p>\n<p>Pour la CCI, cette \u00e9volution r\u00e9pond \u00e0 l\u2019acc\u00e9l\u00e9ration des transformations du monde du travail. \u00ab Les transformations du monde du travail s\u2019acc\u00e9l\u00e8rent et imposent de repenser l\u2019orientation comme un processus continu \u00bb, souligne Myriam Bencharaa, pr\u00e9sidente de la d\u00e9l\u00e9gation lyonnaise de la CCI Lyon M\u00e9tropole Saint-\u00c9tienne Roanne.<\/p>\n<p>Des espaces pour passer de l\u2019information \u00e0 l\u2019action<\/p>\n<p>Tout au long de la journ\u00e9e, les visiteurs pourront \u00e9changer avec des entreprises et des organismes de formation, et s\u2019appuyer sur plusieurs espaces d\u00e9di\u00e9s :<\/p>\n<ul>\n<li><strong>Espace M\u00e9tiers<\/strong> : rencontres avec des professionnels de plus de 30 secteurs d\u2019activit\u00e9, repr\u00e9sentant plus de 200 m\u00e9tiers porteurs<\/li>\n<li><strong>Espace Conf\u00e9rences<\/strong> : dix conf\u00e9rences en acc\u00e8s libre consacr\u00e9es aux fili\u00e8res et \u00e0 leurs d\u00e9bouch\u00e9s<\/li>\n<li><strong>Espace Lab\u2019Orientation<\/strong> : ateliers interactifs anim\u00e9s par le Centre R\u00e9gional d\u2019Information Jeunesse<\/li>\n<li><strong>Espace Psychologues<\/strong> : entretiens individuels avec des psychologues de l\u2019\u00c9ducation nationale<\/li>\n<li><strong>Espace Parcour\u00e9o JAE<\/strong> : tests d\u2019orientation propos\u00e9s avec Jeunesse Avenir Entreprise<\/li>\n<\/ul>\n<p>Les jeunes pourront notamment rechercher des stages ou des contrats en alternance, tandis que les actifs auront la possibilit\u00e9 d\u2019explorer de nouvelles perspectives professionnelles ou d\u2019organiser des rendez-vous business via une application d\u00e9di\u00e9e.<\/p>\n<p>Un \u00e9v\u00e9nement ancr\u00e9 dans les secteurs qui recrutent<\/p>\n<p>Plus de 30 secteurs d\u2019activit\u00e9 seront repr\u00e9sent\u00e9s, parmi lesquels l\u2019industrie, l\u2019\u00e9nergie, la sant\u00e9, la finance, le droit, la technologie, la formation, l\u2019immobilier, le tourisme, l\u2019h\u00f4tellerie-restauration, le commerce, le transport et les services. Plus de 4 000 visiteurs sont attendus au Palais de la Bourse pour cette \u00e9dition.<\/p>\n","protected":false},"excerpt":{"rendered":"Sommaire &amp; acc\u00e8s rapide Toggle Le 23 janvier, la CCI Lyon M\u00e9tropole Saint-\u00c9tienne Roanne organise une nouvelle \u00e9dition&hellip;\n","protected":false},"author":2,"featured_media":645465,"comment_status":"","ping_status":"","sticky":false,"template":"","format":"standard","meta":{"footnotes":""},"categories":[1889],"tags":[1111,11,2430,1777,674,1011,27,2428,12,25],"class_list":{"0":"post-645464","1":"post","2":"type-post","3":"status-publish","4":"format-standard","5":"has-post-thumbnail","7":"category-lyon","8":"tag-actu","9":"tag-actualites","10":"tag-auvergne-rhone-alpes","11":"tag-eu","12":"tag-europe","13":"tag-fr","14":"tag-france","15":"tag-lyon","16":"tag-news","17":"tag-republique-francaise"},"share_on_mastodon":{"url":"https:\/\/pubeurope.com\/@fr\/115849880051311399","error":""},"_links":{"self":[{"href":"https:\/\/www.europesays.com\/fr\/wp-json\/wp\/v2\/posts\/645464","targetHints":{"allow":["GET"]}}],"collection":[{"href":"https:\/\/www.europesays.com\/fr\/wp-json\/wp\/v2\/posts"}],"about":[{"href":"https:\/\/www.europesays.com\/fr\/wp-json\/wp\/v2\/types\/post"}],"author":[{"embeddable":true,"href":"https:\/\/www.europesays.com\/fr\/wp-json\/wp\/v2\/users\/2"}],"replies":[{"embeddable":true,"href":"https:\/\/www.europesays.com\/fr\/wp-json\/wp\/v2\/comments?post=645464"}],"version-history":[{"count":0,"href":"https:\/\/www.europesays.com\/fr\/wp-json\/wp\/v2\/posts\/645464\/revisions"}],"wp:featuredmedia":[{"embeddable":true,"href":"https:\/\/www.europesays.com\/fr\/wp-json\/wp\/v2\/media\/645465"}],"wp:attachment":[{"href":"https:\/\/www.europesays.com\/fr\/wp-json\/wp\/v2\/media?parent=645464"}],"wp:term":[{"taxonomy":"category","embeddable":true,"href":"https:\/\/www.europesays.com\/fr\/wp-json\/wp\/v2\/categories?post=645464"},{"taxonomy":"post_tag","embeddable":true,"href":"https:\/\/www.europesays.com\/fr\/wp-json\/wp\/v2\/tags?post=645464"}],"curies":[{"name":"wp","href":"https:\/\/api.w.org\/{rel}","templated":true}]}}