{"id":645468,"date":"2026-01-06T19:49:14","date_gmt":"2026-01-06T19:49:14","guid":{"rendered":"https:\/\/www.europesays.com\/fr\/645468\/"},"modified":"2026-01-06T19:49:14","modified_gmt":"2026-01-06T19:49:14","slug":"jusqua-15-centimetres-attendus-a-quelle-heure-va-t-il-neiger-ce-mercredi","status":"publish","type":"post","link":"https:\/\/www.europesays.com\/fr\/645468\/","title":{"rendered":"Jusqu\u2019\u00e0 15 centim\u00e8tres attendus\u00a0: \u00e0 quelle heure va-t-il neiger ce mercredi\u00a0?"},"content":{"rendered":"<p class=\"\">Un \u00e9pisode plus important que lundi touchera une large partie du territoire ce mercredi, avec jusqu\u2019\u00e0 15 centim\u00e8tres attendus dans les Ardennes et 7 centim\u00e8tres en \u00cele-de-France.<\/p>\n<p class=\"\">Vous pourriez vous r\u00e9veiller avec un sol tout blanc. Un \u00e9pisode neigeux, <a href=\"https:\/\/www.leparisien.fr\/meteo\/meteo-ou-va-t-il-le-plus-neiger-ce-mercredi-alors-que-38-departements-seront-en-vigilance-orange-06-01-2026-VWINJYJDJZBLBMN3HMDNW3MBDI.php\" target=\"_blank\" rel=\"noreferrer noopener\">plus important que celui de lundi<\/a>, est pr\u00e9vu ce mercredi 7 janvier 2026 sur une large partie de la France, et notamment en \u00cele-de-France. Jusqu\u2019\u00e0 15 centim\u00e8tres sont attendus dans les Ardennes selon M\u00e9t\u00e9o France, tandis que 7 centim\u00e8tres de neige <a href=\"https:\/\/www.leparisien.fr\/meteo\/un-des-evenements-meteo-les-plus-difficiles-a-prevoir-pourquoi-lepisode-de-neige-de-lundi-a-ete-sous-estime-06-01-2026-LUDYLMXK4RFYTCAW7MHWKXRRFE.php\" target=\"_blank\" rel=\"noreferrer noopener\">pourraient tomber sur les d\u00e9partements franciliens<\/a>. Les premiers flocons ne tomberont toutefois pas tous \u00e0 la m\u00eame heure.<\/p>\n<p class=\"\">\u00c0 partir <a href=\"https:\/\/www.meteociel.fr\/modeles\/gfs\/precipitations\/3h.htm\" target=\"_blank\" rel=\"noreferrer noopener\">des cartes diffus\u00e9es par M\u00e9t\u00e9o Ciel<\/a>, dont ceux du mod\u00e8le m\u00e9t\u00e9o GFS (pour \u00ab Global Forecast System \u00bb, issu des services m\u00e9t\u00e9orologiques am\u00e9ricains) diffusant des pr\u00e9visions par tranche de trois heures, il est possible de visualiser l\u2019arriv\u00e9e de la neige sur l\u2019Hexagone de mani\u00e8re assez d\u00e9taill\u00e9. Et ainsi de voir \u00e0 quel moment tomberont les premiers flocons, selon o\u00f9 vous habitez.<\/p>\n<p class=\"\">Le ministre des Transports a appel\u00e9 les Franciliens <a href=\"https:\/\/www.leparisien.fr\/paris-75\/ile-de-france-le-ministre-des-transports-appelle-a-eviter-tout-deplacement-par-route-mercredi-06-01-2026-SUODTTE67BCF3FD62YQEGX2EW4.php\" target=\"_blank\" rel=\"noreferrer noopener\">\u00e0 reporter leurs d\u00e9placements dans la mesure du possible<\/a> et les entreprises \u00e0 privil\u00e9gier le t\u00e9l\u00e9travail. Une consigne d\u2019autant plus importante que depuis lundi, et le premier \u00e9pisode neigeux, <a href=\"https:\/\/www.leparisien.fr\/faits-divers\/neige-et-verglas-au-moins-cinq-morts-dans-des-accidents-de-la-route-06-01-2026-MV6EBRPNIBC73ADM4CIY2SP3LM.php\" target=\"_blank\" rel=\"noreferrer noopener\">au moins cinq personnes sont mortes dans des accidents de la circulation<\/a> en France. Limiter ses d\u00e9placements est donc la meilleure des pr\u00e9cautions.<\/p>\n<p><img decoding=\"async\" class=\"image \" loading=\"lazy\" src=\"https:\/\/www.europesays.com\/fr\/wp-content\/uploads\/2026\/01\/QZH2DNUX6ZH27LVECJBAL4RWSE.jpg\" alt=\"\" align=\"\" data-rubrique-principale=\"\" data-article-type=\"\" fetchpriority=\"auto\"\/><\/p>\n<p class=\"\">Ainsi, selon ces cartes, les flocons de ce nouvel \u00e9pisode neigeux commenceront \u00e0 arriver timidement par le nord du pays d\u00e8s ce mardi soir, avant une g\u00e9n\u00e9ralisation dans le courant de la nuit. Ainsi, d\u00e8s 4 heures du matin, toute la fa\u00e7ade de la Manche sera concern\u00e9e par des gros flocons. Une fine couche de quelques millim\u00e8tres viendra blanchir encore un peu plus les sols (<a href=\"https:\/\/www.leparisien.fr\/yvelines-78\/cest-incroyablement-beau-les-plus-belles-images-de-lile-de-france-sous-la-neige-06-01-2026-77I3QV6KLZFZBEKDSXRHWFL7DI.php\" target=\"_blank\" rel=\"noreferrer noopener\">s\u2019ils ne le sont pas d\u00e9j\u00e0<\/a>). Des pluies vergla\u00e7antes sont \u00e9galement \u00e0 redouter sur l\u2019Ouest.<\/p>\n<p>La neige en \u00cele-de-France avant 7 heures du matin<\/p>\n<p class=\"\">Avant 7 heures, mercredi, la neige atteindra l\u2019\u00cele-de-France par l\u2019Ouest (par les Yvelines et le Val-d\u2019Oise) tandis qu\u2019il neigera toujours dans un gros quart Nord-Ouest. Les <a href=\"https:\/\/www.leparisien.fr\/calvados-14\/jusqua-une-vingtaine-de-centimetres-de-neige-dans-les-collines-du-bocage-calvadosien-cetait-le-bazar-05-01-2026-DIH6QRC7QNC77JQIANJC5ABZME.php\" target=\"_blank\" rel=\"noreferrer noopener\">cumuls de neige<\/a> pourront alors \u00eatre importants, selon les pr\u00e9visions effectu\u00e9es ce mardi soir. Ainsi, entre cinq et dix centim\u00e8tres sont attendus en Seine-Maritime \u00e0 7 heures. La Sarthe, l\u2019Eure-et-Loir et l\u2019Orne seront \u00e9galement sous les flocons.<\/p>\n<p class=\"\">\u00c0 10 heures, la neige quittera progressivement le Nord-Est pour se d\u00e9caler vers l\u2019Est. Paris et sa r\u00e9gion <a href=\"https:\/\/www.leparisien.fr\/paris-75\/neige-a-paris-decouvrez-les-images-de-la-capitale-sous-la-neige-05-01-2026-QNWDY6FBVFFYBJ7T4ZCS7OY2LU.php\" target=\"_blank\" rel=\"noreferrer noopener\">seront toujours sous la neige<\/a> tandis que les cumuls seront importants au sol. Les Hauts-de-France seront sous les flocons \u00e0 la m\u00eame heure. Il y aura alors jusqu\u2019\u00e0 10 centim\u00e8tres de neige dans l\u2019Oise.<\/p>\n<p><img decoding=\"async\" class=\"image \" loading=\"lazy\" src=\"https:\/\/www.europesays.com\/fr\/wp-content\/uploads\/2026\/01\/RUVILOKPNRCOXHKZJXHMNMJI7A.jpg\" alt=\"\" align=\"\" data-rubrique-principale=\"\" data-article-type=\"\" fetchpriority=\"auto\"\/><\/p>\n<p class=\"\">\u00c0 la mi-journ\u00e9e, la neige se calmera en \u00cele-de-France. Ainsi, \u00e0 13 heures, il ne neigera plus qu\u2019en Seine-et-Marne. Seulement l\u2019est des Hauts-de-France puis la r\u00e9gion Grand-Est continueront \u00e0 conna\u00eetre des chutes de neige au Nord, tout comme le Lot, l\u2019Aveyron et le Cantal et toute une bande de d\u00e9partements les reliant jusqu\u2019au Grand-Est, bande qui se d\u00e9calera vers l\u2019Est au fil de la journ\u00e9e. Une couche de quelques centim\u00e8tres tiendra au sol. Il continuera de neiger dans l\u2019Est de la France jusqu\u2019\u00e0 tard dans la journ\u00e9e.<\/p>\n<p class=\"\">La prudence sera de mise ce mercredi. \u00ab L\u2019\u00e9pisode neigeux dure trois \u00e0 quatre heures et donne des hauteurs de neige de 3 \u00e0 6 cm en moyenne, localement 8 \u00e0 10 cm sur les Hauts-de-France, les Ardennes et l\u2019est du Bassin parisien \u00bb, r\u00e9sume <a href=\"https:\/\/actualite.lachainemeteo.com\/alerte-meteo\/9011-nouvelle-offensive-neigeuse-etendue-ce-mercredi\" target=\"_blank\" rel=\"noreferrer noopener\">La Cha\u00eene M\u00e9t\u00e9o<\/a>. Les cumuls de neige du jour \u00ab vont s\u2019ajouter \u00e0 ceux d\u00e9j\u00e0 tomb\u00e9s lundi sur une grande partie du pays, aggravant le caract\u00e8re glissant des sols, d\u00e9j\u00e0 gel\u00e9s et d\u00e9grad\u00e9s par des couches de neige et de glace \u00bb, pr\u00e9voit <a href=\"https:\/\/meteofrance.com\/actualites-et-dossiers\/actualites\/froid-neige-et-verglas-un-episode-hivernal-dampleur-sur-le-nord\" target=\"_blank\" rel=\"noreferrer noopener\">M\u00e9t\u00e9o France<\/a>.<\/p>\n","protected":false},"excerpt":{"rendered":"Un \u00e9pisode plus important que lundi touchera une large partie du territoire ce mercredi, avec jusqu\u2019\u00e0 15 centim\u00e8tres&hellip;\n","protected":false},"author":2,"featured_media":645469,"comment_status":"","ping_status":"","sticky":false,"template":"","format":"standard","meta":{"footnotes":""},"categories":[1888],"tags":[1111,1928,11,1927,1777,674,1011,27,2487,12,1926,626,1925,25,2955],"class_list":{"0":"post-645468","1":"post","2":"type-post","3":"status-publish","4":"format-standard","5":"has-post-thumbnail","7":"category-paris","8":"tag-actu","9":"tag-actu-paris","10":"tag-actualites","11":"tag-actualites-paris","12":"tag-eu","13":"tag-europe","14":"tag-fr","15":"tag-france","16":"tag-meteo","17":"tag-news","18":"tag-news-paris","19":"tag-paris","20":"tag-paris-news","21":"tag-republique-francaise","22":"tag-videos"},"share_on_mastodon":{"url":"https:\/\/pubeurope.com\/@fr\/115849892028495689","error":""},"_links":{"self":[{"href":"https:\/\/www.europesays.com\/fr\/wp-json\/wp\/v2\/posts\/645468","targetHints":{"allow":["GET"]}}],"collection":[{"href":"https:\/\/www.europesays.com\/fr\/wp-json\/wp\/v2\/posts"}],"about":[{"href":"https:\/\/www.europesays.com\/fr\/wp-json\/wp\/v2\/types\/post"}],"author":[{"embeddable":true,"href":"https:\/\/www.europesays.com\/fr\/wp-json\/wp\/v2\/users\/2"}],"replies":[{"embeddable":true,"href":"https:\/\/www.europesays.com\/fr\/wp-json\/wp\/v2\/comments?post=645468"}],"version-history":[{"count":0,"href":"https:\/\/www.europesays.com\/fr\/wp-json\/wp\/v2\/posts\/645468\/revisions"}],"wp:featuredmedia":[{"embeddable":true,"href":"https:\/\/www.europesays.com\/fr\/wp-json\/wp\/v2\/media\/645469"}],"wp:attachment":[{"href":"https:\/\/www.europesays.com\/fr\/wp-json\/wp\/v2\/media?parent=645468"}],"wp:term":[{"taxonomy":"category","embeddable":true,"href":"https:\/\/www.europesays.com\/fr\/wp-json\/wp\/v2\/categories?post=645468"},{"taxonomy":"post_tag","embeddable":true,"href":"https:\/\/www.europesays.com\/fr\/wp-json\/wp\/v2\/tags?post=645468"}],"curies":[{"name":"wp","href":"https:\/\/api.w.org\/{rel}","templated":true}]}}