{"id":645478,"date":"2026-01-06T19:54:12","date_gmt":"2026-01-06T19:54:12","guid":{"rendered":"https:\/\/www.europesays.com\/fr\/645478\/"},"modified":"2026-01-06T19:54:12","modified_gmt":"2026-01-06T19:54:12","slug":"reunis-a-paris-les-allies-sengagent-pour-une-force-multinationale-avec-les-etats-unis","status":"publish","type":"post","link":"https:\/\/www.europesays.com\/fr\/645478\/","title":{"rendered":"R\u00e9unis \u00e0 Paris, les alli\u00e9s s\u2019engagent pour une \u00ab\u00a0force multinationale\u00a0\u00bb avec les Etats-Unis"},"content":{"rendered":"<p>Vous avez rat\u00e9 les derniers \u00e9v\u00e9nements sur la <a href=\"https:\/\/www.20minutes.fr\/monde\/ukraine\/\" class=\"c-link c-link--is-underlined\" target=\"_blank\" rel=\"noopener\">guerre en Ukraine<\/a>\u00a0? <a href=\"https:\/\/www.20minutes.fr\/dossier\/20_minutes\" class=\"c-link c-link--is-underlined\" target=\"_blank\" rel=\"noopener\">20 Minutes<\/a> fait le point pour vous tous les soirs. Voici l\u2019essentiel de ce mardi 6\u00a0janvier, au 1.412e jour du conflit.<\/p>\n<p>Le fait du jour<\/p>\n<p>Un front uni sur la s\u00e9curit\u00e9 future de l\u2019Ukraine. Les Europ\u00e9ens se sont d\u00e9clar\u00e9s ce mardi \u00ab\u00a0pr\u00eats\u00a0\u00bb \u00e0 fournir des garanties de s\u00e9curit\u00e9 \u00ab\u00a0juridiquement contraignantes\u00a0\u00bb \u00e0 l\u2019Ukraine, dont une force internationale \u00ab\u00a0soutenue\u00a0\u00bb par des moyens militaires am\u00e9ricains, une fois un cessez-le-feu conclu avec la Russie, selon la d\u00e9claration de la \u00ab\u00a0Coalition des volontaires\u00a0\u00bb r\u00e9unie \u00e0 Paris.<\/p>\n<p>Les dirigeants de la quasi-totalit\u00e9 des pays europ\u00e9ens, du Canada, de l\u2019Otan, de l\u2019UE et deux \u00e9missaires cl\u00e9 de Donald Trump sur l\u2019Ukraine, Steve Witkoff et <a href=\"https:\/\/www.20minutes.fr\/monde\/jared-kushner\/\" class=\"c-link c-link--is-underlined\" target=\"_blank\" rel=\"noopener\">Jared Kushner<\/a>, se sont ainsi retrouv\u00e9s \u00e0 15 heures \u00e0 l\u2019Elys\u00e9e.<\/p>\n<p>Une \u00ab\u00a0force multinationale pour l\u2019Ukraine\u00a0\u00bb, \u00e0 l\u2019\u00e9tude depuis plusieurs mois sous la houlette de la France et du <a href=\"https:\/\/www.20minutes.fr\/monde\/royaume-uni\/\" class=\"c-link c-link--is-underlined\" target=\"_blank\" rel=\"noopener\">Royaume-uni<\/a>, sera form\u00e9e par les pays volontaires de la Coalition. Elle s\u2019appuiera sur une \u00ab\u00a0participation am\u00e9ricaine\u00a0\u00bb, vivement souhait\u00e9e par certains pays europ\u00e9ens, notamment en mati\u00e8re \u00ab\u00a0de renseignement et de logistique\u00a0\u00bb. Les Etats-Unis se sont \u00e9galement engag\u00e9s \u00e0 lui apporter un \u00ab\u00a0soutien\u00a0\u00bb en \u00ab\u00a0cas d\u2019attaque\u00a0\u00bb, selon le texte.<\/p>\n<p>La d\u00e9claration du jour<\/p>\n<blockquote class=\"mx-m@xs mx-xxl@md color-ultramarine c-citation\">\n<p class=\"font-weight-regular@xs text-italic font-source-serif-pro text-l@xs c-citation__content\">\u00ab\u00a0La pr\u00e9sidente du Conseil a rappel\u00e9 certains points clefs de la position du gouvernement italien sur la question des garanties, en particulier l\u2019exclusion de l\u2019emploi de troupes italiennes au sol\u00a0\u00bb<\/p>\n<\/blockquote>\n<p>Les paroles sont sign\u00e9es du bureau de Giorgia Meloni. La Premi\u00e8re ministre italienne a d\u00e9clar\u00e9 ce mardi soir avoir inform\u00e9 les alli\u00e9s europ\u00e9ens de l\u2019Ukraine et les envoy\u00e9s am\u00e9ricains qu\u2019elle excluait l\u2019envoi de troupes italiennes au sol dans le cadre de garanties de s\u00e9curit\u00e9 apport\u00e9es \u00e0 Kiev une fois un cessez-le-feu conclu avec la Russie.<\/p>\n<p>Giorgia Meloni, qui participait \u00e0 la r\u00e9union \u00e0 Paris de la \u00ab\u00a0Coalition des volontaires\u00a0\u00bb, a toutefois r\u00e9affirm\u00e9 \u00ab\u00a0le soutien de l\u2019Italie \u00e0 la s\u00e9curit\u00e9 de l\u2019Ukraine\u00a0\u00bb.<\/p>\n<\/p>\n<p>Le chiffre du jour<\/p>\n<p>129. C\u2019est le nombre de drones ukrainiens que les autorit\u00e9s russes disent avoir abattu dans la nuit de lundi \u00e0 mardi. Selon le minist\u00e8re de la D\u00e9fense, six de ces drones ont \u00e9t\u00e9 d\u00e9truits au-dessus de la r\u00e9gion de Tver, dont le chef-lieu du m\u00eame nom se situ\u00e9 \u00e0 pr\u00e8s de 200 kilom\u00e8tres au nord-ouest de Moscou.<\/p>\n<p>Une explosion due au gaz dans un immeuble d\u2019habitation de Tver a d\u2019ailleurs fait un mort mardi, ont indiqu\u00e9 les autorit\u00e9s r\u00e9gionales qui avaient d\u2019abord imput\u00e9 l\u2019incident \u00e0 une attaque de drone ukrainien.<\/p>\n<p>La tendance<\/p>\n<p>La Canadienne Chrystia Freeland, ancienne ministre des Finances et des Affaires \u00e9trang\u00e8res, a annonc\u00e9 qu\u2019elle d\u00e9missionnait des mandats dans son pays apr\u00e8s sa nomination comme conseill\u00e8re au d\u00e9veloppement \u00e9conomique par le pr\u00e9sident ukrainien Volodymyr Zelensky.<\/p>\n<p>D\u2019origine ukrainienne, Chrystia Freeland \u00e9tait depuis le mois de septembre repr\u00e9sentante sp\u00e9ciale du <a href=\"https:\/\/www.20minutes.fr\/dossier\/canada\" class=\"c-link c-link--is-underlined\" target=\"_blank\" rel=\"noopener\">Canada<\/a> pour la reconstruction de l\u2019Ukraine apr\u00e8s avoir occup\u00e9 plusieurs portefeuilles minist\u00e9riels ces derni\u00e8res ann\u00e9es. Elle \u00e9tait \u00e9galement d\u00e9put\u00e9e pour le parti lib\u00e9ral (centre-gauche). \u00ab\u00a0L\u2019Ukraine est au c\u0153ur du combat mondial pour la d\u00e9mocratie et je suis heureuse de pouvoir y contribuer b\u00e9n\u00e9volement en tant que conseill\u00e8re \u00e9conomique aupr\u00e8s du pr\u00e9sident Zelensky\u00a0\u00bb, a-t-elle \u00e9crit sur X.<\/p>\n<p>Il y a un an, Chrystia Freeland s\u2019\u00e9tait port\u00e9e candidate pour remplacer Justin Trudeau \u00e0 la t\u00eate du Parti lib\u00e9ral et comme Premier ministre, mais elle avait \u00e9t\u00e9 largement battue par Mark Carney lors d\u2019un scrutin.<\/p>\n","protected":false},"excerpt":{"rendered":"Vous avez rat\u00e9 les derniers \u00e9v\u00e9nements sur la guerre en Ukraine\u00a0? 20 Minutes fait le point pour vous&hellip;\n","protected":false},"author":2,"featured_media":645479,"comment_status":"","ping_status":"","sticky":false,"template":"","format":"standard","meta":{"footnotes":""},"categories":[1590],"tags":[47,11,574,1777,674,131,452,22276,74,1916,12,473,132,220,135,134],"class_list":{"0":"post-645478","1":"post","2":"type-post","3":"status-publish","4":"format-standard","5":"has-post-thumbnail","7":"category-ukraine","8":"tag-actualite","9":"tag-actualites","10":"tag-canada","11":"tag-eu","12":"tag-europe","13":"tag-guerre-en-ukraine","14":"tag-italie","15":"tag-jared-kushner","16":"tag-monde","17":"tag-moscou","18":"tag-news","19":"tag-royaume-uni","20":"tag-russie","21":"tag-ukraine","22":"tag-vladimir-poutine","23":"tag-volodymyr-zelensky"},"share_on_mastodon":{"url":"https:\/\/pubeurope.com\/@fr\/115849911951980370","error":""},"_links":{"self":[{"href":"https:\/\/www.europesays.com\/fr\/wp-json\/wp\/v2\/posts\/645478","targetHints":{"allow":["GET"]}}],"collection":[{"href":"https:\/\/www.europesays.com\/fr\/wp-json\/wp\/v2\/posts"}],"about":[{"href":"https:\/\/www.europesays.com\/fr\/wp-json\/wp\/v2\/types\/post"}],"author":[{"embeddable":true,"href":"https:\/\/www.europesays.com\/fr\/wp-json\/wp\/v2\/users\/2"}],"replies":[{"embeddable":true,"href":"https:\/\/www.europesays.com\/fr\/wp-json\/wp\/v2\/comments?post=645478"}],"version-history":[{"count":0,"href":"https:\/\/www.europesays.com\/fr\/wp-json\/wp\/v2\/posts\/645478\/revisions"}],"wp:featuredmedia":[{"embeddable":true,"href":"https:\/\/www.europesays.com\/fr\/wp-json\/wp\/v2\/media\/645479"}],"wp:attachment":[{"href":"https:\/\/www.europesays.com\/fr\/wp-json\/wp\/v2\/media?parent=645478"}],"wp:term":[{"taxonomy":"category","embeddable":true,"href":"https:\/\/www.europesays.com\/fr\/wp-json\/wp\/v2\/categories?post=645478"},{"taxonomy":"post_tag","embeddable":true,"href":"https:\/\/www.europesays.com\/fr\/wp-json\/wp\/v2\/tags?post=645478"}],"curies":[{"name":"wp","href":"https:\/\/api.w.org\/{rel}","templated":true}]}}