{"id":645480,"date":"2026-01-06T19:55:20","date_gmt":"2026-01-06T19:55:20","guid":{"rendered":"https:\/\/www.europesays.com\/fr\/645480\/"},"modified":"2026-01-06T19:55:20","modified_gmt":"2026-01-06T19:55:20","slug":"guerre-en-ukraine-a-paris-macron-starmer-et-zelensky-signent-une-declaration-dintention-sans-les-etats-unis","status":"publish","type":"post","link":"https:\/\/www.europesays.com\/fr\/645480\/","title":{"rendered":"Guerre en Ukraine\u00a0: \u00e0 Paris, Macron, Starmer et Zelensky signent une d\u00e9claration d\u2019intention sans les \u00c9tats-Unis"},"content":{"rendered":"<p>Une nouvelle r\u00e9union des alli\u00e9s de l\u2019Ukraine, la Coalition des volontaires, s\u2019est tenue \u00e0 Paris, ce mardi. <a href=\"https:\/\/www.humanite.fr\/monde\/guerre-en-ukraine\/guerre-en-ukraine-volodymyr-zelensky-et-vladimir-poutine-manoeuvrent-entre-offensives-militaires-et-negociations-diplomatiques\" target=\"_blank\" rel=\"noopener\">Une trentaine de dirigeants europ\u00e9ens<\/a>, du Canada, des membres de la Commission europ\u00e9enne et de l\u2019Otan se sont retrouv\u00e9s \u00e0 l\u2019\u00c9lys\u00e9e en pr\u00e9sence du pr\u00e9sident ukrainien et des \u00e9missaires \u00e9tats-uniens\u00a0: Steve Witkoff et Jared Kushner.<\/p>\n<p>L\u2019objectif de cette rencontre reste la m\u00eame\u00a0: se mettre d\u2019accord sur les garanties de s\u00e9curit\u00e9 pour l\u2019Ukraine en cas de fin de la guerre. Depuis son retour \u00e0 la Maison-Blanche, Donald Trump souhaite obtenir un accord de paix et mettre un terme \u00e0 l\u2019invasion russe qui dure depuis f\u00e9vrier 2022.<\/p>\n<p>\u00c0 la fin de la journ\u00e9e, le pr\u00e9sident fran\u00e7ais, le premier ministre britannique, Keir Starmer et le pr\u00e9sident ukrainien, Volodymyr Zelensky ont sign\u00e9 une d\u00e9claration d\u2019intention sur le d\u00e9ploiement d\u2019une force multinationale apr\u00e8s l\u2019arr\u00eat de la guerre en Ukraine.<\/p>\n<p>Elle doit \u00ab\u00a0apporter une forme de r\u00e9assurance le jour d\u2019apr\u00e8s le cessez-le-feu\u00a0\u00bb, a d\u00e9fendu Emmanuel Macron \u00e0 l\u2019issue de la r\u00e9union. Sur France 2, le pr\u00e9sident de la R\u00e9publique a annonc\u00e9 le d\u00e9ploiement de plusieurs milliers de soldats fran\u00e7ais dans le cadre de la future force internationale qui devra \u00eatre op\u00e9rationnelle une fois la paix sign\u00e9e entre l\u2019Ukraine et la Russie.<\/p>\n<p>Zelensky salue du \u00ab\u00a0contenu concret\u00a0\u00bb<\/p>\n<p>Le pr\u00e9sident ukrainien, Volodymyr Zelensky a salu\u00e9 ce mardi l\u2019\u00e9laboration de \u00ab\u00a0documents substantiels\u00a0\u00bb sur les garanties de s\u00e9curit\u00e9 occidentales pour l\u2019Ukraine, \u00e0 l\u2019issue de la r\u00e9union des pays soutenant Kiev. \u00ab\u00a0Il est important que la coalition dispose aujourd\u2019hui de documents substantiels, et pas seulement de paroles\u00a0\u00bb, a-t-il d\u00e9clar\u00e9 lors d\u2019une conf\u00e9rence de presse, se f\u00e9licitant de son \u00ab\u00a0contenu concret\u00a0\u00bb d\u00e9montrant une d\u00e9termination \u00e0 \u00ab\u00a0\u0153uvrer pour une s\u00e9curit\u00e9 r\u00e9elle\u00a0\u00bb.<\/p>\n<p>Apr\u00e8s plusieurs tentatives diplomatiques et un projet annonc\u00e9 par Washington en novembre autour de 28 points, <a href=\"https:\/\/www.humanite.fr\/monde\/guerre-en-ukraine\/guerre-en-ukraine-de-berlin-a-bruxelles-une-semaine-decisive-pour-kiev\" target=\"_blank\" rel=\"noopener\">pass\u00e9 \u00e0 20 points<\/a>, les n\u00e9gociations se poursuivent avec Moscou, Kiev et les principales puissances europ\u00e9ennes.<\/p>\n<p>\u00c0 Paris, ce sommet devait dessiner le cadre d\u2019un partenariat entre la Coalition des volontaires et les \u00c9tats-Unis \u00ab\u00a0dans l\u2019apport de ces garanties de s\u00e9curit\u00e9\u00a0\u00bb, une fois un cessez-le-feu \u00ab\u00a0entr\u00e9 en vigueur\u00a0\u00bb, selon le texte d\u00e9battu et r\u00e9v\u00e9l\u00e9 par l\u2019AFP. Ce document devrait \u00eatre cosign\u00e9 par la trentaine de dirigeants de cette alliance, essentiellement europ\u00e9ens.<\/p>\n<p>Les \u00c9tats-Unis superviseraient le cessez-le-feu avec une \u00ab\u00a0participation\u00a0\u00bb des membres de la Coalition. Les dirigeants de cette coalition avancent la pr\u00e9sence d\u2019une \u00ab\u00a0force multinationale pour l\u2019Ukraine\u00a0\u00bb form\u00e9e par les pays volontaires de la Coalition.<\/p>\n<p>De nombreuses interrogations subsistent sur la plupart des propositions \u00e9mises. Pour Samuel Charap, politiste \u00e0 la Rand Corporation\u00a0: \u00ab\u00a0Que le gouvernement am\u00e9ricain assume la responsabilit\u00e9 de surveiller le cessez-le-feu est potentiellement tr\u00e8s probl\u00e9matique. Les \u00c9tats-Unis disposent sans aucun doute de capacit\u00e9s de renseignement exceptionnelles. Mais ils ne sont pas une partie neutre dans ce conflit, malgr\u00e9 leurs r\u00e9cents efforts de m\u00e9diation. Nous ne pouvons pas jouer de mani\u00e8re cr\u00e9dible le r\u00f4le de tiers charg\u00e9 de contr\u00f4ler le cessez-le-feu.\u00a0\u00bb<\/p>\n<p>Moscou ne changera pas de position<\/p>\n<p>L\u2019hypoth\u00e8se que des membres de l\u2019Otan puissent \u00eatre d\u00e9ploy\u00e9es en Ukraine dans le cadre d\u2019une force multinationale appara\u00eet peu r\u00e9aliste. Les autorit\u00e9s russes ont d\u00e9j\u00e0 \u00e0 plusieurs reprises rejet\u00e9 de telles initiatives en rappelant les \u00ab\u00a0racines\u00a0\u00bb de \u00ab\u00a0l\u2019op\u00e9ration sp\u00e9ciale\u00a0\u00bb (terme qui d\u00e9signe en Russie la guerre en Ukraine).<\/p>\n<p>Parmi les lignes rouges et les garanties de s\u00e9curit\u00e9 russe\u00a0: la neutralit\u00e9 militaire de Kiev, sa non-adh\u00e9sion \u00e0 l\u2019Otan et une v\u00e9ritable n\u00e9gociation sur l\u2019architecture de s\u00e9curit\u00e9 europ\u00e9enne et globale sont les priorit\u00e9s. \u00ab\u00a0Je ne vois toujours pas ce qui conduirait la Russie \u00e0 changer de position sur le d\u00e9ploiement d\u2019un contingent occidental en Ukraine\u00a0\u00bb, note le directeur de l\u2019Observatoire franco-russe, Arnaud Dubien.<\/p>\n<p>Ces derni\u00e8res semaines, \u00e0 l\u2019occasion de sa conf\u00e9rence de presse annuelle et lors de nombreux d\u00e9placements, le pr\u00e9sident russe a r\u00e9p\u00e9t\u00e9 que la Russie atteindrait ses objectifs en Ukraine par la voie des n\u00e9gociations ou par celle des armes. \u00ab\u00a0Nous devons \u00e9liminer les causes profondes du conflit afin de garantir que rien de tel ne se reproduise \u00e0 l\u2019avenir et qu\u2019une paix durable et viable s\u2019installe\u00a0\u00bb, <a href=\"https:\/\/www.humanite.fr\/monde\/guerre-en-ukraine\/guerre-en-ukraine-vladimir-poutine-dessine-des-pourparlers-encore-long-lors-de-sa-conference-annuelle\" target=\"_blank\" rel=\"noopener\">avait d\u00e9clar\u00e9 Vladimir Poutine, le 19\u00a0d\u00e9cembre<\/a>. Les autorit\u00e9s restent donc pr\u00eates \u00e0 poursuivre les combats, une cinqui\u00e8me ann\u00e9e, si n\u00e9cessaire.<\/p>\n<p>Le chef d\u2019\u00c9tat-major fran\u00e7ais s\u2019est f\u00e9licit\u00e9 aujourd\u2019hui des \u00ab\u00a0travaux militaires en cours, men\u00e9s depuis des mois avec notre coalition et en lien avec les \u00c9tats-Unis\u00a0\u00bb. Ils \u00ab\u00a0appuient les d\u00e9marches politiques pour mettre en place une paix durable sur notre Continent\u00a0\u00bb. Un vrai dialogue sur la s\u00e9curit\u00e9 collective en Europe appara\u00eet incontournable devant <a href=\"https:\/\/www.humanite.fr\/en-debat\/emmanuel-macron\/les-voeux-2026-demmanuel-macron-un-president-en-guerre-contre-la-raison-democratique\" target=\"_blank\" rel=\"noopener\">l\u2019engrenage militaire<\/a>. \u00ab\u00a0Pour une fois, je voudrais qu\u2019Emmanuel Macron pense\u00a0\u201den Europ\u00e9en\u201d. \u00c0 l\u2019\u00e9chelle du continent dans son ensemble. Russie comprise. Puissions-nous \u00e9viter de r\u00e9p\u00e9ter les m\u00eames erreurs qu\u2019apr\u00e8s 1991\u00a0!\u00a0\u00bb, estime Arnaud Dubien.<\/p>\n<p>\u00catre le journal de la paix, notre d\u00e9fi quotidien<\/p>\n<p>Depuis Jaur\u00e8s, la d\u00e9fense de la paix est dans notre ADN.<\/p>\n<ul class=\"wp-block-list\">\n<li>Qui informe encore aujourd\u2019hui sur <strong>les actions des pacifistes<\/strong> pour le d\u00e9sarmement\u00a0?<\/li>\n<li>Combien de m\u00e9dias rappellent que <strong>les combats de d\u00e9colonisation <\/strong>ont encore cours, et qu\u2019ils doivent \u00eatre soutenus\u00a0?<\/li>\n<li>Combien valorisent les <strong>solidarit\u00e9s internationales<\/strong>, et s\u2019engagent sans ambigu\u00eft\u00e9 aux c\u00f4t\u00e9s des exil\u00e9s\u00a0?<\/li>\n<\/ul>\n<p><strong>Nos valeurs n\u2019ont pas de fronti\u00e8res.<\/strong><\/p>\n<p>Aidez-nous \u00e0 soutenir le droit \u00e0 l\u2019autod\u00e9termination et l\u2019option de la paix.<br \/><a href=\"https:\/\/www.humanite.fr\/lhumanite-cest-vous\" target=\"_blank\" rel=\"noopener\">Je veux en savoir plus\u00a0!<\/a><\/p>\n","protected":false},"excerpt":{"rendered":"Une nouvelle r\u00e9union des alli\u00e9s de l\u2019Ukraine, la Coalition des volontaires, s\u2019est tenue \u00e0 Paris, ce mardi. Une&hellip;\n","protected":false},"author":2,"featured_media":645481,"comment_status":"","ping_status":"","sticky":false,"template":"","format":"standard","meta":{"footnotes":""},"categories":[1589],"tags":[11,73,1866,12,1864,1865,1863,308],"class_list":{"0":"post-645480","1":"post","2":"type-post","3":"status-publish","4":"format-standard","5":"has-post-thumbnail","7":"category-etats-unis","8":"tag-actualites","9":"tag-etats-unis","10":"tag-etats-unis-damerique","11":"tag-news","12":"tag-united-states","13":"tag-united-states-of-america","14":"tag-us","15":"tag-usa"},"share_on_mastodon":{"url":"https:\/\/pubeurope.com\/@fr\/115849915616730883","error":""},"_links":{"self":[{"href":"https:\/\/www.europesays.com\/fr\/wp-json\/wp\/v2\/posts\/645480","targetHints":{"allow":["GET"]}}],"collection":[{"href":"https:\/\/www.europesays.com\/fr\/wp-json\/wp\/v2\/posts"}],"about":[{"href":"https:\/\/www.europesays.com\/fr\/wp-json\/wp\/v2\/types\/post"}],"author":[{"embeddable":true,"href":"https:\/\/www.europesays.com\/fr\/wp-json\/wp\/v2\/users\/2"}],"replies":[{"embeddable":true,"href":"https:\/\/www.europesays.com\/fr\/wp-json\/wp\/v2\/comments?post=645480"}],"version-history":[{"count":0,"href":"https:\/\/www.europesays.com\/fr\/wp-json\/wp\/v2\/posts\/645480\/revisions"}],"wp:featuredmedia":[{"embeddable":true,"href":"https:\/\/www.europesays.com\/fr\/wp-json\/wp\/v2\/media\/645481"}],"wp:attachment":[{"href":"https:\/\/www.europesays.com\/fr\/wp-json\/wp\/v2\/media?parent=645480"}],"wp:term":[{"taxonomy":"category","embeddable":true,"href":"https:\/\/www.europesays.com\/fr\/wp-json\/wp\/v2\/categories?post=645480"},{"taxonomy":"post_tag","embeddable":true,"href":"https:\/\/www.europesays.com\/fr\/wp-json\/wp\/v2\/tags?post=645480"}],"curies":[{"name":"wp","href":"https:\/\/api.w.org\/{rel}","templated":true}]}}