{"id":645483,"date":"2026-01-06T19:57:14","date_gmt":"2026-01-06T19:57:14","guid":{"rendered":"https:\/\/www.europesays.com\/fr\/645483\/"},"modified":"2026-01-06T19:57:14","modified_gmt":"2026-01-06T19:57:14","slug":"allemagne-coupure-delectricite-a-berlin-le-parquet-enquete-pour-terrorisme-et-sabotage","status":"publish","type":"post","link":"https:\/\/www.europesays.com\/fr\/645483\/","title":{"rendered":"Allemagne\u00a0: coupure d\u2019\u00e9lectricit\u00e9 \u00e0 Berlin, le parquet enqu\u00eate pour &lsquo;terrorisme&rsquo; et &lsquo;sabotage&rsquo;"},"content":{"rendered":"<p><a href=\"https:\/\/www.rtbf.be\/article\/allemagne-pres-de-50-000-menages-berlinois-prives-d-electricite-pour-plusieurs-jours-suite-a-un-incendie-de-cables-electriques-11655885\" target=\"_blank\" rel=\"noopener\">Survenu t\u00f4t samedi, un incendie de c\u00e2bles sur une installation \u00e9lectrique <\/a>a \u00e9t\u00e9 revendiqu\u00e9 en ligne par un groupe d\u2019extr\u00eame gauche baptis\u00e9 \u00ab\u00a0Vulkangruppe\u00a0\u00bb (Groupe Volcan). Mais les autorit\u00e9s analysent encore l\u2019authenticit\u00e9 de cette revendication. Le Groupe Volcan a d\u00e9j\u00e0 revendiqu\u00e9 un acte de sabotage dans une usine Tesla pr\u00e8s de Berlin en mars\u00a02024.<\/p>\n<p>M\u00eame rapidement ma\u00eetris\u00e9, l\u2019incendie de samedi, survenu sur un pont pr\u00e8s d\u2019une centrale \u00e9lectrique dans le sud-ouest de la ville, a laiss\u00e9 quelque 45.000 foyers et 2.200 locaux commerciaux sans \u00e9lectricit\u00e9, en plein \u00e9pisode neigeux persistant. Mais aussi, pour beaucoup d\u2019entre eux, sans eau chaude ni chauffage. Car la coupure affecte aussi le r\u00e9seau local de chauffage urbain \u2013 qui transporte la chaleur via un r\u00e9seau de canalisations \u2013 qui fonctionne \u00e0 l\u2019\u00e9lectricit\u00e9.<\/p>\n<p>Mardi \u00e0 la mi-journ\u00e9e, environ 25.000 foyers et 1.100 structures professionnelles \u00e9taient encore priv\u00e9s d\u2019\u00e9lectricit\u00e9, selon le dernier bilan de l\u2019op\u00e9rateur Stromnetz Berlin. Les 74 centres de soins concern\u00e9s par la panne ainsi que trois gares du secteur ont \u00e9t\u00e9 reconnect\u00e9es, a pr\u00e9cis\u00e9 la m\u00eame source.<\/p>\n<p>Le r\u00e9tablissement complet du courant est attendu pour jeudi. Cette attaque survient dans un contexte d\u2019accusations croissantes de l\u2019Allemagne, soutien majeur de l\u2019Ukraine, envers la Russie pour ses \u00ab\u00a0attaques hybrides\u00a0\u00bb, allant de survols de drones \u00e0 la d\u00e9sinformation en ligne. Les autorit\u00e9s allemandes n\u2019ont cependant pas point\u00e9 jusqu\u2019ici la Russie dans ce cas pr\u00e9cis.<\/p>\n","protected":false},"excerpt":{"rendered":"Survenu t\u00f4t samedi, un incendie de c\u00e2bles sur une installation \u00e9lectrique a \u00e9t\u00e9 revendiqu\u00e9 en ligne par un&hellip;\n","protected":false},"author":2,"featured_media":645484,"comment_status":"","ping_status":"","sticky":false,"template":"","format":"standard","meta":{"footnotes":""},"categories":[1587],"tags":[11,672,1804,1805,1803,1777,674,1801,12,1802],"class_list":{"0":"post-645483","1":"post","2":"type-post","3":"status-publish","4":"format-standard","5":"has-post-thumbnail","7":"category-allemagne","8":"tag-actualites","9":"tag-allemagne","10":"tag-bundesrepublik-deutschland","11":"tag-de","12":"tag-deutschland","13":"tag-eu","14":"tag-europe","15":"tag-germany","16":"tag-news","17":"tag-republique-federale-dallemagne"},"share_on_mastodon":{"url":"https:\/\/pubeurope.com\/@fr\/115849923492762196","error":""},"_links":{"self":[{"href":"https:\/\/www.europesays.com\/fr\/wp-json\/wp\/v2\/posts\/645483","targetHints":{"allow":["GET"]}}],"collection":[{"href":"https:\/\/www.europesays.com\/fr\/wp-json\/wp\/v2\/posts"}],"about":[{"href":"https:\/\/www.europesays.com\/fr\/wp-json\/wp\/v2\/types\/post"}],"author":[{"embeddable":true,"href":"https:\/\/www.europesays.com\/fr\/wp-json\/wp\/v2\/users\/2"}],"replies":[{"embeddable":true,"href":"https:\/\/www.europesays.com\/fr\/wp-json\/wp\/v2\/comments?post=645483"}],"version-history":[{"count":0,"href":"https:\/\/www.europesays.com\/fr\/wp-json\/wp\/v2\/posts\/645483\/revisions"}],"wp:featuredmedia":[{"embeddable":true,"href":"https:\/\/www.europesays.com\/fr\/wp-json\/wp\/v2\/media\/645484"}],"wp:attachment":[{"href":"https:\/\/www.europesays.com\/fr\/wp-json\/wp\/v2\/media?parent=645483"}],"wp:term":[{"taxonomy":"category","embeddable":true,"href":"https:\/\/www.europesays.com\/fr\/wp-json\/wp\/v2\/categories?post=645483"},{"taxonomy":"post_tag","embeddable":true,"href":"https:\/\/www.europesays.com\/fr\/wp-json\/wp\/v2\/tags?post=645483"}],"curies":[{"name":"wp","href":"https:\/\/api.w.org\/{rel}","templated":true}]}}