{"id":645495,"date":"2026-01-06T20:03:12","date_gmt":"2026-01-06T20:03:12","guid":{"rendered":"https:\/\/www.europesays.com\/fr\/645495\/"},"modified":"2026-01-06T20:03:12","modified_gmt":"2026-01-06T20:03:12","slug":"au-tour-de-thomas-detry-de-rallier-le-liv","status":"publish","type":"post","link":"https:\/\/www.europesays.com\/fr\/645495\/","title":{"rendered":"Au tour de Thomas Detry de rallier le LIV ?"},"content":{"rendered":"<p>\t\t\t\t\t\t<img width=\"770\" height=\"556\" src=\"data:image\/svg+xml,%3Csvg%20xmlns=\" http:=\"\" class=\"img-responsive wp-post-image\" alt=\"Thomas Detry Photo by Christian Petersen \/ GETTY IMAGES NORTH AMERICA \/ Getty Images via AFP\" decoding=\"async\" fetchpriority=\"high\" data-lazy- data-lazy- data-lazy-src=\"https:\/\/www.europesays.com\/fr\/wp-content\/uploads\/2025\/09\/golf-pga-tour-thomas-detry-wm-phoenix-open-trou-diable-coup-770x556.jpg\"\/>\t\t\t\t\t<\/p>\n<p>\t\t\t\t\t\t Partager cet article <\/p>\n<p class=\"screen-reader-text juiz_sps_maybe_hidden_text\">Partager la publication \u00ab\u00a0Au tour de Thomas Detry de rallier le LIV ?\u00a0\u00bb<\/p>\n<p><strong>Selon plusieurs \u00e9chos non confirm\u00e9s, le LIV Golf envisagerait de renforcer son contingent europ\u00e9en avec le Belge Thomas Detry, le vainqueur du WM Phoenix Open 2025. L\u2019Australien Elvis Smylie, victorieux sur le DP World Tour en novembre 2024, est \u00e9galement pressenti pour rejoindre le nouveau circuit de Victor Perez.<\/strong><\/p>\n<p>Une \u00e9ventuelle signature marquerait un tournant important dans la carri\u00e8re de <strong>Thomas Detry<\/strong>, partag\u00e9 entre la stabilit\u00e9 sportive du <strong>PGA Tour<\/strong> et l\u2019attrait financier du <strong>LIV Golf<\/strong> <a href=\"https:\/\/www.golfplanete.com\/actualites\/des-points-mondiaux-sur-le-liv-des-fevrier\/\" target=\"_blank\" rel=\"noopener\">qui se rapproche d\u2019une conclusion favorable pour l\u2019obtention de points mondiaux<\/a>. La prudence reste de mise en attendant une confirmation officielle, mais selon <strong>The Times<\/strong>, la signature du Belge vers le circuit financ\u00e9 par le <strong>Fonds d\u2019investissement public (PIF)<\/strong> saoudien est dans l\u2019air.<\/p>\n<p>Le 57e mondial, \u00e2g\u00e9 de 32 ans, devrait rejoindre les <strong>4Aces GC<\/strong>, l\u2019\u00e9quipe de son compatriote <strong>Thomas Pieters <\/strong>et de son capitaine<strong> Dustin Johnson<\/strong>. Detry est devenu l\u2019an pass\u00e9 le premier Belge \u00e0 triompher sur le PGA Tour <a href=\"https:\/\/www.golfplanete.com\/actualites\/thomas-detry-et-la-belgique-tiennent-leur-jour-de-gloire\/\" target=\"_blank\" rel=\"noopener\">en s\u2019imposant largement lors du <strong>Phoenix Open<\/strong><\/a>.<\/p>\n<p>Un accent europ\u00e9en<\/p>\n<p>Smylie, 23 ans, a remport\u00e9 il y a deux ans le <strong>BMW Australian PGA Championship<\/strong>, tournoi du <strong>DP World Tour<\/strong>. Il pourrait devenir l\u2019\u00e9quipier de son compatriote <strong>Cameron Smith<\/strong> au sein des <strong>Rippers GC<\/strong>.<\/p>\n<p>Avec aussi <a href=\"https:\/\/www.golfplanete.com\/actualites\/victor-perez-explique-pourquoi-il-a-vraiment-decide-de-rejoindre-le-liv-golf\/\" target=\"_blank\" rel=\"noopener\">l\u2019arriv\u00e9e<\/a> de <strong>Victor Perez<\/strong> et le retour de <strong>Laurie Canter<\/strong> (officiel), le LIV Golf semble prendre de plus en plus l\u2019accent du circuit europ\u00e9en. Avec une petite touche francophone.<\/p>\n<p>Photo : Christian Petersen \/ GETTY IMAGES NORTH AMERICA \/ Getty Images via AFP<\/p>\n","protected":false},"excerpt":{"rendered":"Partager cet article Partager la publication \u00ab\u00a0Au tour de Thomas Detry de rallier le LIV ?\u00a0\u00bb Selon plusieurs&hellip;\n","protected":false},"author":2,"featured_media":366374,"comment_status":"","ping_status":"","sticky":false,"template":"","format":"standard","meta":{"footnotes":""},"categories":[1418],"tags":[1011,27,1472,60],"class_list":{"0":"post-645495","1":"post","2":"type-post","3":"status-publish","4":"format-standard","5":"has-post-thumbnail","7":"category-golf","8":"tag-fr","9":"tag-france","10":"tag-golf","11":"tag-sports"},"share_on_mastodon":{"url":"https:\/\/pubeurope.com\/@fr\/115849946903646720","error":""},"_links":{"self":[{"href":"https:\/\/www.europesays.com\/fr\/wp-json\/wp\/v2\/posts\/645495","targetHints":{"allow":["GET"]}}],"collection":[{"href":"https:\/\/www.europesays.com\/fr\/wp-json\/wp\/v2\/posts"}],"about":[{"href":"https:\/\/www.europesays.com\/fr\/wp-json\/wp\/v2\/types\/post"}],"author":[{"embeddable":true,"href":"https:\/\/www.europesays.com\/fr\/wp-json\/wp\/v2\/users\/2"}],"replies":[{"embeddable":true,"href":"https:\/\/www.europesays.com\/fr\/wp-json\/wp\/v2\/comments?post=645495"}],"version-history":[{"count":0,"href":"https:\/\/www.europesays.com\/fr\/wp-json\/wp\/v2\/posts\/645495\/revisions"}],"wp:featuredmedia":[{"embeddable":true,"href":"https:\/\/www.europesays.com\/fr\/wp-json\/wp\/v2\/media\/366374"}],"wp:attachment":[{"href":"https:\/\/www.europesays.com\/fr\/wp-json\/wp\/v2\/media?parent=645495"}],"wp:term":[{"taxonomy":"category","embeddable":true,"href":"https:\/\/www.europesays.com\/fr\/wp-json\/wp\/v2\/categories?post=645495"},{"taxonomy":"post_tag","embeddable":true,"href":"https:\/\/www.europesays.com\/fr\/wp-json\/wp\/v2\/tags?post=645495"}],"curies":[{"name":"wp","href":"https:\/\/api.w.org\/{rel}","templated":true}]}}