{"id":645496,"date":"2026-01-06T20:05:13","date_gmt":"2026-01-06T20:05:13","guid":{"rendered":"https:\/\/www.europesays.com\/fr\/645496\/"},"modified":"2026-01-06T20:05:13","modified_gmt":"2026-01-06T20:05:13","slug":"lebel-est-de-retour-linquietude-grandit-pour-ntamack-et-barassi","status":"publish","type":"post","link":"https:\/\/www.europesays.com\/fr\/645496\/","title":{"rendered":"Lebel est de retour, l\u2019inqui\u00e9tude grandit pour Ntamack et Barassi"},"content":{"rendered":"<p>Le Stade Toulousain a retrouv\u00e9 les terrains d\u2019entra\u00eenement, dans le froid hivernal. Sur une pelouse d\u2019Ernest-Wallon rafraichie par la temp\u00e9rature jonglant les 0 degr\u00e9s dans la Ville Rose, les joueurs d\u2019Ugo Mola se sont remis au travail, deux jours apr\u00e8s s\u2019\u00eatre inclin\u00e9s d\u2019un rien \u00e0 Perpignan (30-27).<\/p>\n<p>Vers des forfaits pour Ntamack et Barassi<\/p>\n<p>En vue du d\u00e9placement chez les Saracens, plusieurs bonnes nouvelles sont venus rassurer les supporters. <a href=\"https:\/\/www.quinzemondial.com\/champions-cup\/stade-toulousain-absent-depuis-la-premiere-journee-un-cadre-des-bleus-et-du-club-est-de-retour-821688\" target=\"_blank\" rel=\"noopener\">Outre le retour de Fran\u00e7ois Cros<\/a>, absent depuis de longs mois, Matthis Lebel \u00e9tait \u00e9galement en tenu. Victime d\u2019une fracture \u00e0 la main face au Racing le mois dernier, l\u2019ailier est disponible pour le d\u00e9placement chez les Saracens comme le signale\u00a0<a href=\"https:\/\/www.rugbyrama.fr\/2026\/01\/05\/champions-cup-toulouse-romain-ntamack-incertain-francois-cros-a-repris-avant-le-deplacement-aux-saracens-13144786.php\" target=\"_blank\" rel=\"noopener\">Rugbyrama<\/a>.<\/p>\n<p>Tout sauf un luxe pour Ugo Mola, priv\u00e9 de nombreux joueurs chez les trois-quarts. En effet, outre Mallia, Capuozzo, Remue ou Pouzelgues, Pierre-Louis Barassi est toujours forfait. Victime d\u2019une commotion c\u00e9r\u00e9brale lors de la tourn\u00e9e de novembre, le centre n\u2019a pas encore passer les tests avec succ\u00e8s.<\/p>\n<p>De son c\u00f4t\u00e9, Romain Ntamack se rapproche d\u2019un forfait. Absent \u00e0 Perpignan et g\u00ean\u00e9 par son dos, l\u2019ouvreur ne s\u2019est pas entra\u00een\u00e9 et doit passer des examens. En revanche, Teddy Thomas, touch\u00e9 \u00e0 la cuisse contre l\u2019USAP, est remis et pourra encha\u00eener.<\/p>\n<p>Battus \u00e0 Glasgow lors de la derni\u00e8re journ\u00e9e, les Toulousains veulent absolument s\u2019imposer face aux Saracens pour se faciliter le chemin lors des phases finales.<\/p>\n<p>Partagez cette info avec vos amis et vos proches en cliquant ici<br \/>Pour r\u00e9sumer<\/p>\n<p>Matthis Lebel a fait son retour \u00e0 l\u2019entra\u00eenement avec le Stade Toulousain, plusieurs semaines apr\u00e8s sa fracture de la main. Il postule pour le d\u00e9placement aux Saracens. En revanche, Romain Ntamack et Pierre-Louis Barassi sont incertains.<\/p>\n<p> <img decoding=\"async\" width=\"76\" height=\"76\" loading=\"lazy\" src=\"https:\/\/www.europesays.com\/fr\/wp-content\/uploads\/2025\/04\/avatar-quinze.png\" alt=\"Arnaud D\u00e9chelotte\"\/><\/p>\n","protected":false},"excerpt":{"rendered":"Le Stade Toulousain a retrouv\u00e9 les terrains d\u2019entra\u00eenement, dans le froid hivernal. Sur une pelouse d\u2019Ernest-Wallon rafraichie par&hellip;\n","protected":false},"author":2,"featured_media":645497,"comment_status":"","ping_status":"","sticky":false,"template":"","format":"standard","meta":{"footnotes":""},"categories":[1416],"tags":[1011,27,479,1468,60,476,478],"class_list":{"0":"post-645496","1":"post","2":"type-post","3":"status-publish","4":"format-standard","5":"has-post-thumbnail","7":"category-rugby","8":"tag-fr","9":"tag-france","10":"tag-rugby","11":"tag-rugby-football","12":"tag-sports","13":"tag-stade-toulousain","14":"tag-top-14"},"share_on_mastodon":{"url":"https:\/\/pubeurope.com\/@fr\/115849954841619482","error":""},"_links":{"self":[{"href":"https:\/\/www.europesays.com\/fr\/wp-json\/wp\/v2\/posts\/645496","targetHints":{"allow":["GET"]}}],"collection":[{"href":"https:\/\/www.europesays.com\/fr\/wp-json\/wp\/v2\/posts"}],"about":[{"href":"https:\/\/www.europesays.com\/fr\/wp-json\/wp\/v2\/types\/post"}],"author":[{"embeddable":true,"href":"https:\/\/www.europesays.com\/fr\/wp-json\/wp\/v2\/users\/2"}],"replies":[{"embeddable":true,"href":"https:\/\/www.europesays.com\/fr\/wp-json\/wp\/v2\/comments?post=645496"}],"version-history":[{"count":0,"href":"https:\/\/www.europesays.com\/fr\/wp-json\/wp\/v2\/posts\/645496\/revisions"}],"wp:featuredmedia":[{"embeddable":true,"href":"https:\/\/www.europesays.com\/fr\/wp-json\/wp\/v2\/media\/645497"}],"wp:attachment":[{"href":"https:\/\/www.europesays.com\/fr\/wp-json\/wp\/v2\/media?parent=645496"}],"wp:term":[{"taxonomy":"category","embeddable":true,"href":"https:\/\/www.europesays.com\/fr\/wp-json\/wp\/v2\/categories?post=645496"},{"taxonomy":"post_tag","embeddable":true,"href":"https:\/\/www.europesays.com\/fr\/wp-json\/wp\/v2\/tags?post=645496"}],"curies":[{"name":"wp","href":"https:\/\/api.w.org\/{rel}","templated":true}]}}