{"id":645500,"date":"2026-01-06T20:10:09","date_gmt":"2026-01-06T20:10:09","guid":{"rendered":"https:\/\/www.europesays.com\/fr\/645500\/"},"modified":"2026-01-06T20:10:09","modified_gmt":"2026-01-06T20:10:09","slug":"nice-metropole-cote-dazur-leffectif-2026-actualite","status":"publish","type":"post","link":"https:\/\/www.europesays.com\/fr\/645500\/","title":{"rendered":"Nice M\u00e9tropole C\u00f4te d&rsquo;Azur : L&rsquo;effectif 2026 &#8211; Actualit\u00e9"},"content":{"rendered":"<p style=\"text-align: justify;\">Le Team Nice M\u00e9tropole C\u00f4te d&rsquo;Azur va conna\u00eetre en 2026 sa cinqui\u00e8me saison dans les rangs professionnels, au niveau Continental. La structure azur\u00e9enne a perdu \u00e0 l&rsquo;intersaison son leader embl\u00e9matique <strong><a href=\"https:\/\/www.directvelo.com\/actualite\/124683\/une-proteam-pour-andrea-mifsud\" target=\"_blank\" rel=\"noopener\">Andrea Mifsud, qui rejoint la ProTeam italienne Polti VisitMalta<\/a><\/strong>. Dix coureurs composent l&rsquo;effectif de ce nouveau cru. Parmi eux, deux arrivent du WorldTour, <strong><a href=\"https:\/\/www.directvelo.com\/coureur\/14855\/clement-davy\" target=\"_blank\" rel=\"noopener\">Cl\u00e9ment Davy<\/a><\/strong> et <strong><a href=\"https:\/\/www.directvelo.com\/coureur\/14898\/laurens-huys\" target=\"_blank\" rel=\"noopener\">Laurens Huys<\/a><\/strong>.<\/p>\n<p style=\"text-align: justify;\"><strong>L&rsquo;effectif 2026 du Team Nice M\u00e9tropole C\u00f4te d&rsquo;Azur :<\/strong><br \/>Jahkim Carty, 19 ans (VC Sandy Ground)<br \/>Cl\u00e9ment Davy, 27 ans (Groupama-FDJ)<br \/>Baptiste Gillet, 21 ans (Ark\u00e9a-B&amp;B H\u00f4tels Continentale)<br \/>Carter Guichard, 19 ans<br \/>Jaakko Hanninen, 28 ans<br \/>Laurens Huys, 27 ans (Ark\u00e9a-B&amp;B H\u00f4tels) <br \/>Alexander Konijn, 26 ans<br \/>Tom Mainguenaud, 25 ans (Mayenne-V and B-Monbana)<br \/>Dylan Massa, 19 ans<br \/>Victor Papon, 24 ans (Wagner Bazin WB)<\/p>\n<p>Les d\u00e9parts : Andrei Carbunarea (CC Villeneuve Saint-Germain), Melvin Crommelinck (?),\u00a0 Damien Girard (?), Noah Knecht (arr\u00eat), Andrea Mifsud (Team Polti VisitMalta) et Axel Narbonne Zuccarelli (arr\u00eat).<\/p>\n","protected":false},"excerpt":{"rendered":"Le Team Nice M\u00e9tropole C\u00f4te d&rsquo;Azur va conna\u00eetre en 2026 sa cinqui\u00e8me saison dans les rangs professionnels, au&hellip;\n","protected":false},"author":2,"featured_media":645501,"comment_status":"","ping_status":"","sticky":false,"template":"","format":"standard","meta":{"footnotes":""},"categories":[1411],"tags":[834,828,836,829,837,827,83,826,824,823,1154,207,814,817,815,816,822,821,832,211,839,1011,27,820,818,819,835,831,830,833,838,60,212,208,825],"class_list":{"0":"post-645500","1":"post","2":"type-post","3":"status-publish","4":"format-standard","5":"has-post-thumbnail","7":"category-cyclisme","8":"tag-attaque","9":"tag-belgique","10":"tag-braquet","11":"tag-bretagne","12":"tag-chute","13":"tag-competition","14":"tag-coupe-de-france","15":"tag-coureur","16":"tag-course-cyclisme","17":"tag-course-cycliste","18":"tag-cycling","19":"tag-cyclisme","20":"tag-direct","21":"tag-direct-velo","22":"tag-directvelo","23":"tag-directvelo-com","24":"tag-epreuve","25":"tag-epreuve-cycliste","26":"tag-federation-francaise-de-cyclisme","27":"tag-ffc","28":"tag-flandres","29":"tag-fr","30":"tag-france","31":"tag-live","32":"tag-live-course","33":"tag-live-epreuve","34":"tag-peloton","35":"tag-radio-peloton","36":"tag-radio-tour","37":"tag-ravitaillement","38":"tag-relance","39":"tag-sports","40":"tag-uci","41":"tag-velo","42":"tag-velos"},"share_on_mastodon":{"url":"https:\/\/pubeurope.com\/@fr\/115849974461827388","error":""},"_links":{"self":[{"href":"https:\/\/www.europesays.com\/fr\/wp-json\/wp\/v2\/posts\/645500","targetHints":{"allow":["GET"]}}],"collection":[{"href":"https:\/\/www.europesays.com\/fr\/wp-json\/wp\/v2\/posts"}],"about":[{"href":"https:\/\/www.europesays.com\/fr\/wp-json\/wp\/v2\/types\/post"}],"author":[{"embeddable":true,"href":"https:\/\/www.europesays.com\/fr\/wp-json\/wp\/v2\/users\/2"}],"replies":[{"embeddable":true,"href":"https:\/\/www.europesays.com\/fr\/wp-json\/wp\/v2\/comments?post=645500"}],"version-history":[{"count":0,"href":"https:\/\/www.europesays.com\/fr\/wp-json\/wp\/v2\/posts\/645500\/revisions"}],"wp:featuredmedia":[{"embeddable":true,"href":"https:\/\/www.europesays.com\/fr\/wp-json\/wp\/v2\/media\/645501"}],"wp:attachment":[{"href":"https:\/\/www.europesays.com\/fr\/wp-json\/wp\/v2\/media?parent=645500"}],"wp:term":[{"taxonomy":"category","embeddable":true,"href":"https:\/\/www.europesays.com\/fr\/wp-json\/wp\/v2\/categories?post=645500"},{"taxonomy":"post_tag","embeddable":true,"href":"https:\/\/www.europesays.com\/fr\/wp-json\/wp\/v2\/tags?post=645500"}],"curies":[{"name":"wp","href":"https:\/\/api.w.org\/{rel}","templated":true}]}}