{"id":645504,"date":"2026-01-06T20:12:23","date_gmt":"2026-01-06T20:12:23","guid":{"rendered":"https:\/\/www.europesays.com\/fr\/645504\/"},"modified":"2026-01-06T20:12:23","modified_gmt":"2026-01-06T20:12:23","slug":"le-roi-frederik-x-et-la-reine-mary-sortent-le-grand-jeu-pour-leur-grande-reception-de-nouvel-an","status":"publish","type":"post","link":"https:\/\/www.europesays.com\/fr\/645504\/","title":{"rendered":"le roi Frederik X et la reine Mary sortent le grand jeu pour leur grande r\u00e9ception de Nouvel an"},"content":{"rendered":"<p>Ce 6 janvier 2026, le roi Frederik X et la reine Mary organisaient leur derni\u00e8re r\u00e9ception de Nouvel an. Cette r\u00e9ception est la plus \u00e9prouvante pour les souverains danois, qui serrent des mains durant plusieurs heures. Avant la c\u00e9r\u00e9monie, le roi et la reine d\u00e9filent dans Copenhague \u00e0 bord du carrosse d\u2019Or. La reine Mary \u00e9tait assortie au carrosse, portant une robe en brocart dor\u00e9 devenue une pi\u00e8ce iconique de sa garde-robe.<\/p>\n<p><strong>Lire aussi : <a href=\"https:\/\/histoiresroyales.fr\/roi-frederik-x-reine-mary-reunissent-ambassadeurs-etrangers-chateau-de-christiansborg-nouvelle-anee\/\" target=\"_blank\" rel=\"noopener\">Le roi Frederik X et la reine Mary r\u00e9unissent les ambassadeurs \u00e9trangers au ch\u00e2teau de Christiansborg pour la nouvelle ann\u00e9e<\/a><\/strong><\/p>\n<p>Les souverains danois se rendent \u00e0 la grande r\u00e9ception de Nouvel an \u00e0 bord du carrosse d\u2019Or<\/p>\n<p>Le 1er janvier 2026, le monarque danois a pour habitude d\u2019<a href=\"https:\/\/histoiresroyales.fr\/premiere-fastueuse-reception-2026-roi-frederik-x-reine-mary-prince-heritier-christian\/\" target=\"_blank\" rel=\"noopener\">organiser une fastueuse r\u00e9ception pour la nouvelle ann\u00e9e<\/a>, \u00e0 laquelle sont convi\u00e9s les membres du gouvernement et les hauts dignitaires du pays. Cette r\u00e9ception est suivie d\u2019un d\u00eener et tous les membres de la famille royale y sont invit\u00e9s. Dans les jours suivants, d\u2019autres r\u00e9ceptions sont organis\u00e9es afin que le <a href=\"https:\/\/histoiresroyales.fr\/famille-royale-danoise\/frederik-de-danemark\/\" target=\"_blank\" rel=\"noopener\">roi Frederik X<\/a>, 57 ans, et la reine Mary, 53 ans, saluent les officiers de la Garde, les ambassadeurs \u00e9trangers ou encore les juges de la Cour supr\u00eame. <\/p>\n<p><img fetchpriority=\"high\" decoding=\"async\" width=\"1300\" height=\"1949\" src=\"https:\/\/www.europesays.com\/fr\/wp-content\/uploads\/2026\/01\/roi-frederik-reine-mary-corrosse-dore-danemark-nouvel-n-2026.jpg\" alt=\"\" class=\"wp-image-234217 lazyload\" data-  \/>Le roi Frederik et la reine Mary quittent leur domicile en carrosse, vers 9 heures (Photo : Kongehuset)<\/p>\n<p><img loading=\"lazy\" decoding=\"async\" width=\"1300\" height=\"1949\" src=\"https:\/\/www.europesays.com\/fr\/wp-content\/uploads\/2026\/01\/arrivee-roi-frederik-reine-mary-carrosse-dore2026.jpg\" alt=\"\" class=\"wp-image-234208 lazyload\" data-  \/>Les souverains danois rejoignent le ch\u00e2teau de Christiansborg (Photo : Kongehuset)<\/p>\n<p><strong>Lire aussi : <a href=\"https:\/\/histoiresroyales.fr\/roi-frederik-reine-mary-saluent-maires-danemark-hauts-dignitaires-nouvelle-tenue-cour\/\" target=\"_blank\" rel=\"noopener\">Le roi Frederik et la reine Mary saluent un \u00e0 un tous les maires du Danemark en respectant la nouvelle tenue de cour en velours<\/a><\/strong><\/p>\n<p>Mardi 5 janvier, trois r\u00e9ceptions ont \u00e9t\u00e9 organis\u00e9es au cours de la journ\u00e9e, tandis que ce 6 janvier, une grande r\u00e9ception avait lieu au ch\u00e2teau de Christiansborg. Cette r\u00e9ception, appel\u00e9e la \u00ab\u00a0grande r\u00e9ception de Nouvel an \u00bb, conclut la salve d\u2019\u00e9v\u00e9nements mis en place afin de permettre au roi Frederik X et \u00e0 la reine Mary de saluer diff\u00e9rents responsables institutionnels. <\/p>\n<p><img loading=\"lazy\" decoding=\"async\" width=\"1300\" height=\"1949\" src=\"https:\/\/www.europesays.com\/fr\/wp-content\/uploads\/2026\/01\/reine-mary-carosse-dore-2026-copenhague.jpg\" alt=\"\" class=\"wp-image-234215 lazyload\" data-  \/>Le carrosse d\u2019Or est le plus prestigieux landau de la Maison royale danoise (Photo : Kongehuset)<\/p>\n<p><img loading=\"lazy\" decoding=\"async\" width=\"1300\" height=\"1949\" src=\"https:\/\/www.europesays.com\/fr\/wp-content\/uploads\/2026\/01\/garde-hussards-nouvel-an-2026.jpg\" alt=\"\" class=\"wp-image-234209 lazyload\" data-  \/>Les officiers du r\u00e9giment de hussards de la Garde escortent le carrosse \u00e0 cheval (Photo : Kongehuset)<\/p>\n<p><strong>Lire aussi : <a href=\"https:\/\/histoiresroyales.fr\/reine-margrethe-porte-diademe-en-or-groenland-rare-occasion-debut-annee\/\" target=\"_blank\" rel=\"noopener\">La reine Margrethe porte son diad\u00e8me en or du Groenland pour une rare occasion en d\u00e9but d\u2019ann\u00e9e<\/a><\/strong><\/p>\n<p>Pour cette derni\u00e8re r\u00e9ception, la tradition veut que les souverains se d\u00e9placent en carrosse depuis leur r\u00e9sidence, le palais Christian VIII jusqu\u2019au ch\u00e2teau de Christiansborg. Environ un kilom\u00e8tre s\u00e9pare les deux \u00e9difices et la population est invit\u00e9e \u00e0 saluer le couple royal au passage du carrosse. Le carrosse d\u2019or, qui est le plus prestigieux que poss\u00e8de la Maison royale, est de sortie pour cette occasion sp\u00e9ciale. Le carrosse a \u00e9t\u00e9 construit pour Christian VIII par le carrossier Henry Fife en 1840. Le landau est recouvert de feuilles d\u2019or 24 carats, orn\u00e9 de quatre couronnes dor\u00e9es sur le toit et d\u2019armoiries peintes sur les porti\u00e8res. <\/p>\n<p><img loading=\"lazy\" decoding=\"async\" width=\"1300\" height=\"1949\" src=\"https:\/\/www.europesays.com\/fr\/wp-content\/uploads\/2026\/01\/reine-mary-robe-brocart-dore-reception-2026.jpg\" alt=\"\" class=\"wp-image-234216 lazyload\" data-  \/>La reine Mary arrive au ch\u00e2teau de Christiansborg dans sa robe \u00ab\u00a0Reine des Neiges\u00a0\u00bb (Photo : Kongehuset)<\/p>\n<p><strong>Lire aussi : <a href=\"https:\/\/histoiresroyales.fr\/princesse-marie-porte-diademe-nuits-claires-mauboussin-robe-en-velours-bleu-nuit-premiere-reception-annee-2026\/\" target=\"_blank\" rel=\"noopener\">La princesse Marie porte le diad\u00e8me Nuits claires de Mauboussin et une robe en velours bleu nuit pour sa premi\u00e8re r\u00e9ception de l\u2019ann\u00e9e 2026<\/a><\/strong><\/p>\n<p>La reine Mary porte sa robe en brocart dor\u00e9 pour conclure la salve des r\u00e9ceptions de Nouvel an 2026<\/p>\n<p>Le roi Frederik X portait l\u2019ensemble de ses distinctions royales et militaires, dont l\u2019\u00e9charpe bleu p\u00e2le de l\u2019ordre de l\u2019\u00c9l\u00e9phant et les insignes de l\u2019ordre de Dannebrog. La reine Mary portait une robe \u00e0 brocart dor\u00e9 d\u00e9j\u00e0 port\u00e9e \u00e0 plusieurs reprises, qu\u2019elle semble vouloir instaurer comme un nouvel uniforme pour certaines grandes occasions. Lorsque la <a href=\"https:\/\/histoiresroyales.fr\/reine-mary-resplendissante-robe-brocart-dore-groenland\/\" target=\"_blank\" rel=\"noopener\">reine Mary avait port\u00e9 cette robe pour la premi\u00e8re fois en juillet 2024 au Groenland<\/a>, la presse danoise l\u2019avait qualifi\u00e9 de robe \u00ab\u00a0Reine des Neiges \u00bb.<\/p>\n<p><img loading=\"lazy\" decoding=\"async\" width=\"1400\" height=\"2121\" src=\"https:\/\/www.europesays.com\/fr\/wp-content\/uploads\/2026\/01\/roi-frederik-reine-mary-danemark-robe-brocart-dore-grande-reception.jpg\" alt=\"\" class=\"wp-image-234218 lazyload\" data-  \/>Les souverains danois sont pr\u00eats \u00e0 serrer la main de centaines d\u2019invit\u00e9s (Photo : Kongehuset)<\/p>\n<p><img loading=\"lazy\" decoding=\"async\" width=\"1300\" height=\"2130\" src=\"https:\/\/www.europesays.com\/fr\/wp-content\/uploads\/2026\/01\/membres-armee-roi-frederik-reine-mary-2026-joachim.jpg\" alt=\"\" class=\"wp-image-234213 lazyload\" data-  \/>Le prince Joachim, en tant qu\u2019attach\u00e9 de la D\u00e9fense, est lui aussi invit\u00e9 \u00e0 saluer son fr\u00e8re et sa belle-s\u0153ur (Photo : Kongehuset)<\/p>\n<p><img loading=\"lazy\" decoding=\"async\" width=\"934\" height=\"1400\" src=\"https:\/\/www.europesays.com\/fr\/wp-content\/uploads\/2026\/01\/invites-grande-reception-danemark-2026-934x1400.jpg\" alt=\"\" class=\"wp-image-234211 lazyload\" data-  \/>Les invit\u00e9s attendent leur tour (Photo : Kongehuset)<\/p>\n<p><img loading=\"lazy\" decoding=\"async\" width=\"1300\" height=\"1949\" src=\"https:\/\/www.europesays.com\/fr\/wp-content\/uploads\/2026\/01\/grande-reception-nouvel-an-2026-roi-frederik-reine-mary.jpg\" alt=\"\" class=\"wp-image-234210 lazyload\" data-  \/>Cette grande r\u00e9ception dure plusieurs heures afin que le couple royal puisse saluer chaque invit\u00e9 (Photo : Kongehuset)<\/p>\n<p><strong>Lire aussi : <a href=\"https:\/\/histoiresroyales.fr\/premiere-fastueuse-reception-2026-roi-frederik-x-reine-mary-prince-heritier-christian\/\" target=\"_blank\" rel=\"noopener\">La premi\u00e8re fastueuse r\u00e9ception de 2026 du roi Frederik\u00a0X et de la reine Mary avec le prince h\u00e9ritier Christian<\/a><\/strong><\/p>\n<p>L\u2019ann\u00e9e derni\u00e8re, la reine Mary avait port\u00e9 cette robe pour la deuxi\u00e8me \u00e0 l\u2019occasion d\u2019une des r\u00e9ceptions de Nouvel an. La robe est une cr\u00e9ation de la marque Teri Jon par Rickie Freeman. Elle est confectionn\u00e9e dans un tissu argent\u00e9 avec des parties semi-transparentes. La robe pr\u00e9sente des manches trois-quarts et est nou\u00e9e \u00e0 la taille par une ceinture en tissu. La robe en brocart est brod\u00e9e en fils m\u00e9talliques dor\u00e9s. Le brocart est un tissu de soie qui est agr\u00e9ment\u00e9 de motifs brod\u00e9s en fils d\u2019or ou d\u2019argent. Par extension, pour les tissus moins pr\u00e9cieux, les fils d\u2019or ou d\u2019argent peuvent \u00eatre simplement en m\u00e9tal.<\/p>\n<p><img loading=\"lazy\" decoding=\"async\" width=\"1300\" height=\"1949\" src=\"https:\/\/www.europesays.com\/fr\/wp-content\/uploads\/2026\/01\/roi-frederik-reine-mary-saluent-invites-grande-reception-nouvel-an-2026.jpg\" alt=\"\" class=\"wp-image-234219 lazyload\" data-  \/>La grande r\u00e9ception conclut l\u2019ensemble des c\u00e9r\u00e9monies de salutations de la nouvelle ann\u00e9e (Photo : Kongehuset)<\/p>\n<p><img loading=\"lazy\" decoding=\"async\" width=\"1300\" height=\"1949\" src=\"https:\/\/www.europesays.com\/fr\/wp-content\/uploads\/2026\/01\/invites-grande-reception-nouvel-an-2026.jpg\" alt=\"\" class=\"wp-image-234212 lazyload\" data-  \/>La r\u00e9ception a lieu au ch\u00e2teau de Christiansborg, \u00e9difice qui sert notamment de si\u00e8ge pour le parlement mais aussi de lieu pour les c\u00e9r\u00e9monies royales (Photo : Kongehuset)<\/p>\n<p><img loading=\"lazy\" decoding=\"async\" width=\"1300\" height=\"1949\" src=\"https:\/\/www.europesays.com\/fr\/wp-content\/uploads\/2026\/01\/salutations-heures-roi-frederik-reine-mary-2026.jpg\" alt=\"\" class=\"wp-image-234220 lazyload\" data-  \/>La reine Mary porte pour la troisi\u00e8me fois sa robe dor\u00e9e, qui devient l\u2019un de ses nouveaux uniformes qu\u2019elle r\u00e9serve aux grandes occasions (Photo : Kongehuset)<\/p>\n<p>Cette r\u00e9ception est particuli\u00e8rement \u00e9prouvante pour les souverains, qui ont serr\u00e9 la main de chacun de leurs invit\u00e9s. Le roi Frederik et la reine Mary sont arriv\u00e9s au ch\u00e2teau de Christiansborg vers 9 heures 30 et ils ont quitt\u00e9 le ch\u00e2teau \u00e0 13 heures 30. Les invit\u00e9s du jour \u00e9taient les officiers des Forces arm\u00e9es et de l\u2019Agence de gestion des urgences, des personnes titulaires de titres honorifiques ou des titres de noblesse, et des responsables d\u2019associations et fondations auxquelles le couple royal accorde son patronage. En tant qu\u2019attach\u00e9 de la D\u00e9fense danoise, le prince Joachim, fr\u00e8re cadet du roi Frederik X, faisait partie des invit\u00e9s qui ont fait la queue pour saluer les souverains.<\/p>\n<p>\t\t\t\t<img loading=\"lazy\" alt=\"Avatar photo\" src=\"https:\/\/www.europesays.com\/fr\/wp-content\/uploads\/2025\/04\/1516945716303-164x164.jpeg\"  class=\"avatar avatar-164 photo lazyload\" height=\"164\" width=\"164\" decoding=\"async\"\/><br \/>\n\t\t<a href=\"https:\/\/histoiresroyales.fr\/author\/royaliste123\/\" target=\"_blank\" rel=\"noopener\">Nicolas Fontaine<\/a><br \/>\n\t\t\t\t\tR\u00e9dacteur en chef<\/p>\n<p>Nicolas Fontaine a \u00e9t\u00e9 concepteur-r\u00e9dacteur et auteur pour de nombreuses marques et m\u00e9dias belges et fran\u00e7ais. Sp\u00e9cialiste de l&rsquo;actualit\u00e9 des familles royales, Nicolas a fond\u00e9 le site Histoires royales dont il est le r\u00e9dacteur en chef.&#13;<br \/>\n&#13;<br \/>\nnicolas@histoiresroyales.fr<\/p>\n<p>\t\t\t\t\t\t\t<a href=\"https:\/\/twitter.com\/ActusRoyales\" class=\"boxed-icon fill twitter\" target=\"_blank\" rel=\"noopener\"><\/a><br \/>\n\t\t\t\t\t\t\t\t\t<a href=\"https:\/\/www.instagram.com\/histoiresroyales.fr\/\" class=\"boxed-icon fill instagram\" target=\"_blank\" rel=\"noopener\"><\/a><\/p>\n<p>\t\t\t\t\t\t\t\t\t\t\t\t\t<script async src=\"https:\/\/platform.twitter.com\/widgets.js\" charset=\"utf-8\"><\/script><script async src=\"\/\/www.instagram.com\/embed.js\"><\/script><\/p>\n","protected":false},"excerpt":{"rendered":"Ce 6 janvier 2026, le roi Frederik X et la reine Mary organisaient leur derni\u00e8re r\u00e9ception de Nouvel&hellip;\n","protected":false},"author":2,"featured_media":645505,"comment_status":"","ping_status":"","sticky":false,"template":"","format":"standard","meta":{"footnotes":""},"categories":[1359],"tags":[75148,75149,58,59,1011,27,1047,1048,39117,973,75150],"class_list":{"0":"post-645504","1":"post","2":"type-post","3":"status-publish","4":"format-standard","5":"has-post-thumbnail","7":"category-people","8":"tag-carrosse","9":"tag-chu00e2teau-de-christiansborg","10":"tag-divertissement","11":"tag-entertainment","12":"tag-fr","13":"tag-france","14":"tag-frederik-x-de-danemark","15":"tag-mary-de-danemark","16":"tag-nouvel-an","17":"tag-people","18":"tag-ru00e9ception"},"share_on_mastodon":{"url":"https:\/\/pubeurope.com\/@fr\/115849982891788429","error":""},"_links":{"self":[{"href":"https:\/\/www.europesays.com\/fr\/wp-json\/wp\/v2\/posts\/645504","targetHints":{"allow":["GET"]}}],"collection":[{"href":"https:\/\/www.europesays.com\/fr\/wp-json\/wp\/v2\/posts"}],"about":[{"href":"https:\/\/www.europesays.com\/fr\/wp-json\/wp\/v2\/types\/post"}],"author":[{"embeddable":true,"href":"https:\/\/www.europesays.com\/fr\/wp-json\/wp\/v2\/users\/2"}],"replies":[{"embeddable":true,"href":"https:\/\/www.europesays.com\/fr\/wp-json\/wp\/v2\/comments?post=645504"}],"version-history":[{"count":0,"href":"https:\/\/www.europesays.com\/fr\/wp-json\/wp\/v2\/posts\/645504\/revisions"}],"wp:featuredmedia":[{"embeddable":true,"href":"https:\/\/www.europesays.com\/fr\/wp-json\/wp\/v2\/media\/645505"}],"wp:attachment":[{"href":"https:\/\/www.europesays.com\/fr\/wp-json\/wp\/v2\/media?parent=645504"}],"wp:term":[{"taxonomy":"category","embeddable":true,"href":"https:\/\/www.europesays.com\/fr\/wp-json\/wp\/v2\/categories?post=645504"},{"taxonomy":"post_tag","embeddable":true,"href":"https:\/\/www.europesays.com\/fr\/wp-json\/wp\/v2\/tags?post=645504"}],"curies":[{"name":"wp","href":"https:\/\/api.w.org\/{rel}","templated":true}]}}