{"id":645506,"date":"2026-01-06T20:13:13","date_gmt":"2026-01-06T20:13:13","guid":{"rendered":"https:\/\/www.europesays.com\/fr\/645506\/"},"modified":"2026-01-06T20:13:13","modified_gmt":"2026-01-06T20:13:13","slug":"montaut-les-creneaux-amicales-la-section-photo-inaugure-sa-premiere-exposition-a-cap-montaut","status":"publish","type":"post","link":"https:\/\/www.europesays.com\/fr\/645506\/","title":{"rendered":"Montaut-les-Cr\u00e9neaux. Amicales : la section photo inaugure sa premi\u00e8re exposition \u00e0 CAP Montaut"},"content":{"rendered":"<p>La section photo de l\u2019association Amicales vous convie \u00e0 sa premi\u00e8re exposition le week-end des 10 et 11 janvier, avec un vernissage ouvert \u00e0 tous le vendredi soir 9 janvier \u00e0 18 h, dans la salle d\u2019exposition de CAP Montaut, situ\u00e9e \u00e0 l\u2019\u00e9tage de la mairie, suivi d\u2019une collation conviviale. Ce temps de rencontre permettra au public d\u2019\u00e9changer avec les exposants et de d\u00e9couvrir la naissance de cette nouvelle section associative.<\/p>\n<p>Les visiteurs pourront d\u00e9couvrir les premi\u00e8res \u00ab\u00a0\u0153uvres\u00a0\u00bb des apprentis photographes, accompagn\u00e9s par Philippe Gunst, photographe professionnel, qui consacre b\u00e9n\u00e9volement une grande partie de son temps de retrait\u00e9 pour animer cette section et transmettre sa passion. \u00c0 travers ces clich\u00e9s, les visiteurs pourront appr\u00e9cier la diversit\u00e9 des regards et des th\u00e9matiques abord\u00e9es.<\/p>\n<p>L\u2019exposition sera ouverte les samedi 10 et dimanche 11 janvier de 10 heures \u00e0 12 heures et de 14 heures \u00e0 18 heures. L\u2019entr\u00e9e est libre.<\/p>\n","protected":false},"excerpt":{"rendered":"La section photo de l\u2019association Amicales vous convie \u00e0 sa premi\u00e8re exposition le week-end des 10 et 11&hellip;\n","protected":false},"author":2,"featured_media":645507,"comment_status":"","ping_status":"","sticky":false,"template":"","format":"standard","meta":{"footnotes":""},"categories":[1358],"tags":[1348,1384,1385,872,1386,58,59,1349,1011,27,11328,75151],"class_list":{"0":"post-645506","1":"post","2":"type-post","3":"status-publish","4":"format-standard","5":"has-post-thumbnail","7":"category-arts-et-design","8":"tag-arts","9":"tag-arts-and-design","10":"tag-arts-et-design","11":"tag-culture-et-loisirs","12":"tag-design","13":"tag-divertissement","14":"tag-entertainment","15":"tag-expositions","16":"tag-fr","17":"tag-france","18":"tag-gers","19":"tag-montautlescreneaux"},"share_on_mastodon":{"url":"https:\/\/pubeurope.com\/@fr\/115849986203942956","error":""},"_links":{"self":[{"href":"https:\/\/www.europesays.com\/fr\/wp-json\/wp\/v2\/posts\/645506","targetHints":{"allow":["GET"]}}],"collection":[{"href":"https:\/\/www.europesays.com\/fr\/wp-json\/wp\/v2\/posts"}],"about":[{"href":"https:\/\/www.europesays.com\/fr\/wp-json\/wp\/v2\/types\/post"}],"author":[{"embeddable":true,"href":"https:\/\/www.europesays.com\/fr\/wp-json\/wp\/v2\/users\/2"}],"replies":[{"embeddable":true,"href":"https:\/\/www.europesays.com\/fr\/wp-json\/wp\/v2\/comments?post=645506"}],"version-history":[{"count":0,"href":"https:\/\/www.europesays.com\/fr\/wp-json\/wp\/v2\/posts\/645506\/revisions"}],"wp:featuredmedia":[{"embeddable":true,"href":"https:\/\/www.europesays.com\/fr\/wp-json\/wp\/v2\/media\/645507"}],"wp:attachment":[{"href":"https:\/\/www.europesays.com\/fr\/wp-json\/wp\/v2\/media?parent=645506"}],"wp:term":[{"taxonomy":"category","embeddable":true,"href":"https:\/\/www.europesays.com\/fr\/wp-json\/wp\/v2\/categories?post=645506"},{"taxonomy":"post_tag","embeddable":true,"href":"https:\/\/www.europesays.com\/fr\/wp-json\/wp\/v2\/tags?post=645506"}],"curies":[{"name":"wp","href":"https:\/\/api.w.org\/{rel}","templated":true}]}}