{"id":645510,"date":"2026-01-06T20:16:11","date_gmt":"2026-01-06T20:16:11","guid":{"rendered":"https:\/\/www.europesays.com\/fr\/645510\/"},"modified":"2026-01-06T20:16:11","modified_gmt":"2026-01-06T20:16:11","slug":"lannonce-de-celine-dion-devrait-ravir-ses-fans-on-ma-dit-que-cetait-le-moment-video","status":"publish","type":"post","link":"https:\/\/www.europesays.com\/fr\/645510\/","title":{"rendered":"L&rsquo;annonce de C\u00e9line Dion devrait ravir ses fans\u00a0: \u00ab\u00a0On m&rsquo;a dit que c&rsquo;\u00e9tait le moment\u00a0\u00bb (VIDEO)"},"content":{"rendered":"<p class=\"ap-StoryElement ap-StoryElement--mb ap-StoryText\">Que tous les fans de C\u00e9line Dion qui se plaignaient de ne pas la voir sur Tik Tok se calment. La diva de la musique a enfin fait ses d\u00e9buts sur le r\u00e9seau social.<\/p>\n<p class=\"ap-StoryElement ap-StoryElement--mb ap-StoryText\">C&rsquo;est ce qu&rsquo;a annonc\u00e9 la chanteuse de 57 ans dans une vid\u00e9o avec un trait d&rsquo;humour.<\/p>\n<p class=\"ap-StoryElement ap-StoryElement--mb ap-StoryText\">Elle confie que ce sont ses enfants qui l&rsquo;ont pouss\u00e9e \u00e0 rejoindre ce r\u00e9seau social\u00a0: \u00ab\u00a0Ils m&rsquo;ont dit\u00a0: &lsquo;C&rsquo;est le moment\u2026&rsquo; Je leur ai demand\u00e9\u00a0: &lsquo;Le moment pour quoi\u00a0?&rsquo; Et l\u00e0, j&rsquo;ai d\u00e9couvert quelque chose de totalement nouveau\u00a0\u00bb, \u00e9crit la star en l\u00e9gende. \u00ab\u00a0Mon \u00e9quipe m&rsquo;a dit qu&rsquo;elle s&rsquo;occuperait de tout, m&rsquo;a rendu mon t\u00e9l\u00e9phone, puis est partie discr\u00e8tement. Et me voil\u00e0, en train d&rsquo;apprendre \u00e0 naviguer dans le monde de TikTok. Une vid\u00e9o \u00e0 la fois\u00a0!\u00a0\u00bb<\/p>\n","protected":false},"excerpt":{"rendered":"Que tous les fans de C\u00e9line Dion qui se plaignaient de ne pas la voir sur Tik Tok&hellip;\n","protected":false},"author":2,"featured_media":645511,"comment_status":"","ping_status":"","sticky":false,"template":"","format":"standard","meta":{"footnotes":""},"categories":[1355],"tags":[7043,58,59,1011,27,1361,873],"class_list":{"0":"post-645510","1":"post","2":"type-post","3":"status-publish","4":"format-standard","5":"has-post-thumbnail","7":"category-musique","8":"tag-celine-dion","9":"tag-divertissement","10":"tag-entertainment","11":"tag-fr","12":"tag-france","13":"tag-music","14":"tag-musique"},"share_on_mastodon":{"url":"https:\/\/pubeurope.com\/@fr\/115849998192667937","error":""},"_links":{"self":[{"href":"https:\/\/www.europesays.com\/fr\/wp-json\/wp\/v2\/posts\/645510","targetHints":{"allow":["GET"]}}],"collection":[{"href":"https:\/\/www.europesays.com\/fr\/wp-json\/wp\/v2\/posts"}],"about":[{"href":"https:\/\/www.europesays.com\/fr\/wp-json\/wp\/v2\/types\/post"}],"author":[{"embeddable":true,"href":"https:\/\/www.europesays.com\/fr\/wp-json\/wp\/v2\/users\/2"}],"replies":[{"embeddable":true,"href":"https:\/\/www.europesays.com\/fr\/wp-json\/wp\/v2\/comments?post=645510"}],"version-history":[{"count":0,"href":"https:\/\/www.europesays.com\/fr\/wp-json\/wp\/v2\/posts\/645510\/revisions"}],"wp:featuredmedia":[{"embeddable":true,"href":"https:\/\/www.europesays.com\/fr\/wp-json\/wp\/v2\/media\/645511"}],"wp:attachment":[{"href":"https:\/\/www.europesays.com\/fr\/wp-json\/wp\/v2\/media?parent=645510"}],"wp:term":[{"taxonomy":"category","embeddable":true,"href":"https:\/\/www.europesays.com\/fr\/wp-json\/wp\/v2\/categories?post=645510"},{"taxonomy":"post_tag","embeddable":true,"href":"https:\/\/www.europesays.com\/fr\/wp-json\/wp\/v2\/tags?post=645510"}],"curies":[{"name":"wp","href":"https:\/\/api.w.org\/{rel}","templated":true}]}}