{"id":645512,"date":"2026-01-06T20:17:16","date_gmt":"2026-01-06T20:17:16","guid":{"rendered":"https:\/\/www.europesays.com\/fr\/645512\/"},"modified":"2026-01-06T20:17:16","modified_gmt":"2026-01-06T20:17:16","slug":"pour-lutter-contre-le-froid-12-films-et-series-desertiques-ou-caniculaires","status":"publish","type":"post","link":"https:\/\/www.europesays.com\/fr\/645512\/","title":{"rendered":"Pour lutter contre le froid, 12\u00a0films et s\u00e9ries d\u00e9sertiques ou caniculaires"},"content":{"rendered":"<p>        <img decoding=\"async\" loading=\"lazy\" src=\"https:\/\/www.europesays.com\/fr\/wp-content\/uploads\/2026\/01\/3e526c3_upload-1-0xcvpehajlve-max-from-mad-max-fury-road-tom-hardy.jpg\"  width=\"728\" height=\"410\" alt=\"Tom Hardy dans \u00ab\u00a0Mad Max Fury Road\u00a0\u00bb de George Miller\"\/>  <\/p>\n<p>Warner Bros<\/p>\n<p>Tom Hardy dans \u00ab\u00a0Mad Max Fury Road\u00a0\u00bb de George Miller<\/p>\n<p class=\"asset asset-text\">Lorsque le mercure est en dessous de z\u00e9ro, il faut tenter de <a href=\"https:\/\/www.huffingtonpost.fr\/life\/article\/contre-les-levres-seches-et-gercees-par-le-froid-ces-bonnes-habitudes-changent-tout_258901.html\" target=\"_blank\" rel=\"noopener\">se r\u00e9chauffer<\/a> par tous les moyens. Vous \u00eates confortablement install\u00e9s en <a href=\"https:\/\/www.huffingtonpost.fr\/life\/article\/face-aux-temperatures-glaciales-bien-choisir-ses-vetements-est-imperatif-pour-braver-le-froid_258885.html\" target=\"_blank\" rel=\"noopener\">pyjama en pilou<\/a> sous un plaid en fausse fourrure, un gros bol de soupe sur les genoux, options cro\u00fbtons \u00e0 l\u2019ail et fromage rap\u00e9\u00a0? Il va maintenant falloir choisir le bon film ou la bonne s\u00e9rie \u00e0 regarder. Pour \u00e9viter de se geler par \u00e9cran interpos\u00e9, exit les films de No\u00ebl et autres s\u00e9ries nordiques glaciales.<\/p>\n<p class=\"asset asset-text\">Quand vous voyez Jon Snow affronter le blizzard de l\u2019autre c\u00f4t\u00e9 du Mur, m\u00eame si vous n\u2019\u00eates pas <a href=\"https:\/\/www.huffingtonpost.fr\/life\/article\/plus-on-vieillit-plus-on-est-plus-fragile-face-au-froid-meme-si-on-ne-le-ressent-pas-toujours-clx2_228036.html\" target=\"_blank\" rel=\"noopener\">sensibles au froid<\/a>, vous frissonnez\u00a0? Il n\u2019y a pas de raison qu\u2019en voyant John McClane courir en d\u00e9bardeur, vous ne fassiez pas un peu grimper la temp\u00e9rature. Le HuffPost vous propose une s\u00e9lection de huit films et quatre s\u00e9ries \u00ab\u00a0classiques\u00a0\u00bb \u00e0 voir ou revoir, dans lesquels les h\u00e9ros transpirent un peu, voire beaucoup.<\/p>\n<p class=\"asset asset-text\">Tous les films de saga de George Miller sont garantis 100\u00a0% caniculaires. La trilogie avec Mel Gibson, et les deux plus r\u00e9cents avec Tom Hardy et Anya Taylor Joy vous embarquent dans un d\u00e9sert des plus arides, au risque m\u00eame de vous donner soif.<\/p>\n<ul class=\"asset asset-bulletedList\">\n<li>Massacre \u00e0 la tron\u00e7onneuse<\/li>\n<\/ul>\n<p class=\"asset asset-text\">Le premier film de la saga d\u2019horreur se d\u00e9roule au Texas durant la canicule. Le film a d\u2019ailleurs \u00e9t\u00e9 tourn\u00e9 durant une vague de chaleur, imposant aux acteurs une temp\u00e9rature grimpant jusqu\u2019\u00e0 48\u00a0degr\u00e9s sur le plateau, sous les lumi\u00e8res des projecteurs.<\/p>\n<p>                          <img decoding=\"async\" loading=\"lazy\" src=\"https:\/\/www.europesays.com\/fr\/wp-content\/uploads\/2026\/01\/3f515b2_upload-1-cu99pa24qz4m-massacre-a-la-tronconneuse.jpg\"  width=\"728\" height=\"410\" alt=\"\u00ab\u00a0Massacre \u00e0 la ton\u00e7onneuse \u00a0\u00bb\"\/>  <\/p>\n<p>Vortex<\/p>\n<p>\u00ab\u00a0Massacre \u00e0 la ton\u00e7onneuse \u00a0\u00bb<\/p>\n<p class=\"asset asset-text\">Les livres de Frank Herbert et les films de Denis Villeneuve se d\u00e9roulent sur la plan\u00e8te Arrakis, un d\u00e9sert recouvert de sable et de roches et o\u00f9 l\u2019eau est une denr\u00e9e tr\u00e8s rare. Les com\u00e9diens, portant des costumes \u00e9pais, ont aussi d\u00fb composer avec des temp\u00e9ratures caniculaires.<\/p>\n<p class=\"asset asset-text\">Dans le 3e volet de la saga Die Hard, Bruce Willis, Samuel L. Jackson et Jeremy Irons s\u2019affrontent en plein New York. L\u2019Agent John McClane passe le film entier \u00e0 transpirer en d\u00e9bardeur blanc, et pas qu\u2019\u00e0 cause du stress.<\/p>\n<p>         <img decoding=\"async\" loading=\"lazy\" src=\"https:\/\/www.europesays.com\/fr\/wp-content\/uploads\/2026\/01\/9956000_upload-1-t7uym99m9m3s-mv5bmjaxnju5mdqxn15bml5banbnxkftztgwmty0otiwmje-v1.jpg\"  width=\"728\" height=\"933\" alt=\"Bruce Willis dans \u00ab\u00a0Une journ\u00e9e en enfer\u00a0\u00bb \"\/>  <\/p>\n<p>20th century Fox<\/p>\n<p>Bruce Willis dans \u00ab\u00a0Une journ\u00e9e en enfer\u00a0\u00bb <\/p>\n<ul class=\"asset asset-bulletedList\">\n<li>Stargate\u00a0: la porte des \u00e9toiles<\/li>\n<\/ul>\n<p class=\"asset asset-text\">Le film de Roland Emmerich sorti en 1994\u00a0emm\u00e8ne le chercheur Daniel Jackson et le commandant O\u2019Neil sur une plan\u00e8te lointaine et d\u00e9sertique, ayant des points communs avec l\u2019\u00c9gypte antique.<\/p>\n<p class=\"asset asset-text\">Les premiers films de la saga d\u00e9but\u00e9e en 1999, et qui aura bient\u00f4t droit \u00e0 une suite, se d\u00e9roulent en \u00c9gypte dans les ann\u00e9es 20. Les d\u00e9cors d\u00e9sertiques du Maroc ont servi de lieu de tournage \u00e0 Brendan Fraser et Rachel Weisz.<\/p>\n<p class=\"asset asset-text\">Adapt\u00e9 du roman de John Grisham, le film de Joel Schumacher sorti en 1996\u00a0se d\u00e9roule dans la chaleur \u00e9touffante du Mississippi. Samuel L. Jackson, Matthew McConaughey, Sandra Bullock et Kevin Spacey sont \u00e0 l\u2019affiche de ce film proc\u00e8s culte.<\/p>\n<p>         <img decoding=\"async\" loading=\"lazy\" src=\"https:\/\/www.europesays.com\/fr\/wp-content\/uploads\/2026\/01\/e542d8a_upload-1-hmwkyjwzomme-l-intro-1690287671.jpg\"  width=\"728\" height=\"485\" alt=\"Samuel L. Jackson dans \u00ab\u00a0Le droit de tuer\u00a0\u00bb\"\/>  <\/p>\n<p>Regency Enterprises<\/p>\n<p>Samuel L. Jackson dans \u00ab\u00a0Le droit de tuer\u00a0\u00bb<\/p>\n<ul class=\"asset asset-bulletedList\">\n<li>Le Bon, la Brute et le Truand<\/li>\n<\/ul>\n<p class=\"asset asset-text\">Sorti en 1966, le film de Sergio Leone est un western incontournable. En cause\u00a0: sa photographie, ses acteurs (parmi lesquels Clint Eastwood), mais aussi son atmosph\u00e8re \u00e9touffante et sa lumi\u00e8re aveuglante.<\/p>\n<p class=\"asset asset-text\">La s\u00e9rie d\u2019Alan Ball se d\u00e9roule en Louisiane dans la ville imaginaire de Bon Temps. Les m\u00e9saventures de Sookie, Bill et compagnie se d\u00e9roulent en grande partie la nuit, vampires oblige, mais n\u2019en sont pas moins d\u00e9pourvues de nombreuses sc\u00e8nes de canicule.<\/p>\n<p>         <img decoding=\"async\" loading=\"lazy\" src=\"https:\/\/www.europesays.com\/fr\/wp-content\/uploads\/2026\/01\/4e90710_upload-1-5tjj4wh5vatn-mv5bmty2mzqyodq4ov5bml5banbnxkftztcwntkznzu1mw-v1.jpg\"  width=\"728\" height=\"410\" alt=\"Rutina Wesley est Tara dans \u00ab\u00a0True Blood\u00a0\u00bb \"\/>  <\/p>\n<p>HBO<\/p>\n<p>Rutina Wesley est Tara dans \u00ab\u00a0True Blood\u00a0\u00bb <\/p>\n<p class=\"asset asset-text\">La s\u00e9rie originale avec Michael C. Hall prend place en Floride. Le tueur en s\u00e9rie (et analyste de la police criminelle) s\u00e9vit dans cet \u00e9tat du sud est des \u00c9tats-Unis surnomm\u00e9 le \u00ab\u00a0Sunshine State\u00a0\u00bb o\u00f9 la temp\u00e9rature atteint souvent 40\u00a0degr\u00e9s.<\/p>\n<ul class=\"asset asset-bulletedList\">\n<li>True Detective saisons 1\u00a0et 2<\/li>\n<\/ul>\n<p class=\"asset asset-text\">Les deux premi\u00e8res saisons de la s\u00e9rie d\u2019anthologie polici\u00e8re se d\u00e9roulent respectivement en Louisiane et en Californie, deux \u00e9tats o\u00f9 les temp\u00e9ratures peuvent grimper tr\u00e8s haut. Matthew McConaughey, Woody Harrelson, ainsi que Rachel McAdams et Colin Farrell \u00e9voluent dans des atmosph\u00e8res presque moites.<\/p>\n<p class=\"asset asset-text\">La s\u00e9rie de Vince Gilligan se d\u00e9roule au Nouveau-Mexique. Les sc\u00e8nes qui figurent Bryan Cranston, Aaron Paul ou encore Dean Norris au milieu du d\u00e9sert sont nombreuses. L\u2019une des plus c\u00e9l\u00e8bres y montre l\u2019antih\u00e9ros Walter White en slip.<\/p>\n<p>         <img decoding=\"async\" loading=\"lazy\" src=\"https:\/\/www.europesays.com\/fr\/wp-content\/uploads\/2026\/01\/2b060c5_upload-1-grijpfp2jbx2-bb-desert.png\"  width=\"728\" height=\"407\" alt=\"\"\/>      <\/p>\n<p class=\"asset asset-text\">Cette liste n\u2019est \u00e9videmment pas exhaustive, on peut aussi penser \u00e0 Sleepers, Lawrence d\u2019Arabie, Apocalypse New, Waterworld, Indiana Jones, 12\u00a0years a Slave, The Surfer ou encore Seul au Monde.<\/p>\n","protected":false},"excerpt":{"rendered":"Warner Bros Tom Hardy dans \u00ab\u00a0Mad Max Fury Road\u00a0\u00bb de George Miller Lorsque le mercure est en dessous&hellip;\n","protected":false},"author":2,"featured_media":645513,"comment_status":"","ping_status":"","sticky":false,"template":"","format":"standard","meta":{"footnotes":""},"categories":[1354],"tags":[650,251,58,59,1346,1011,27,1360,595,128],"class_list":{"0":"post-645512","1":"post","2":"type-post","3":"status-publish","4":"format-standard","5":"has-post-thumbnail","7":"category-films","8":"tag-cinema","9":"tag-culture","10":"tag-divertissement","11":"tag-entertainment","12":"tag-films","13":"tag-fr","14":"tag-france","15":"tag-movies","16":"tag-serie-tv","17":"tag-streaming"},"share_on_mastodon":{"url":"https:\/\/pubeurope.com\/@fr\/115850002310838016","error":""},"_links":{"self":[{"href":"https:\/\/www.europesays.com\/fr\/wp-json\/wp\/v2\/posts\/645512","targetHints":{"allow":["GET"]}}],"collection":[{"href":"https:\/\/www.europesays.com\/fr\/wp-json\/wp\/v2\/posts"}],"about":[{"href":"https:\/\/www.europesays.com\/fr\/wp-json\/wp\/v2\/types\/post"}],"author":[{"embeddable":true,"href":"https:\/\/www.europesays.com\/fr\/wp-json\/wp\/v2\/users\/2"}],"replies":[{"embeddable":true,"href":"https:\/\/www.europesays.com\/fr\/wp-json\/wp\/v2\/comments?post=645512"}],"version-history":[{"count":0,"href":"https:\/\/www.europesays.com\/fr\/wp-json\/wp\/v2\/posts\/645512\/revisions"}],"wp:featuredmedia":[{"embeddable":true,"href":"https:\/\/www.europesays.com\/fr\/wp-json\/wp\/v2\/media\/645513"}],"wp:attachment":[{"href":"https:\/\/www.europesays.com\/fr\/wp-json\/wp\/v2\/media?parent=645512"}],"wp:term":[{"taxonomy":"category","embeddable":true,"href":"https:\/\/www.europesays.com\/fr\/wp-json\/wp\/v2\/categories?post=645512"},{"taxonomy":"post_tag","embeddable":true,"href":"https:\/\/www.europesays.com\/fr\/wp-json\/wp\/v2\/tags?post=645512"}],"curies":[{"name":"wp","href":"https:\/\/api.w.org\/{rel}","templated":true}]}}