{"id":645514,"date":"2026-01-06T20:18:10","date_gmt":"2026-01-06T20:18:10","guid":{"rendered":"https:\/\/www.europesays.com\/fr\/645514\/"},"modified":"2026-01-06T20:18:10","modified_gmt":"2026-01-06T20:18:10","slug":"elle-touche-pres-dune-personne-sur-dix-mais-reste-largement-ignoree-quest-ce-que-la-bpco","status":"publish","type":"post","link":"https:\/\/www.europesays.com\/fr\/645514\/","title":{"rendered":"Elle touche pr\u00e8s d\u2019une personne sur dix, mais reste largement ignor\u00e9e : qu\u2019est-ce que la BPCO ?"},"content":{"rendered":"<p>Alors que nous entamons cette nouvelle ann\u00e9e 2026, p\u00e9riode propice aux bonnes r\u00e9solutions et \u00e0 l&rsquo;attention port\u00e9e \u00e0 notre sant\u00e9, il est fr\u00e9quent de remarquer un essoufflement inhabituel lors des promenades hivernales ou apr\u00e8s avoir mont\u00e9 deux \u00e9tages. Souvent, nous mettons cette g\u00eane ou cette toux matinale persistante sur le compte du tabagisme pass\u00e9, du froid de janvier ou simplement de l&rsquo;\u00e2ge qui avance. Pourtant, attention : ces signes, que l&rsquo;on qualifie trop vite de banals, peuvent dissimuler une r\u00e9alit\u00e9 bien plus <strong>sombre qui grignote lentement votre capacit\u00e9 respiratoire<\/strong>. Plong\u00e9e au c\u0153ur d&rsquo;une maladie insidieuse qui prive de souffle des millions de personnes sans qu&rsquo;elles ne le sachent.<\/p>\n<p> Une \u00e9pid\u00e9mie fant\u00f4me qui concerne un adulte sur dix<\/p>\n<p>Malgr\u00e9 sa pr\u00e9valence \u00e9lev\u00e9e, elle demeure une grande inconnue pour beaucoup. Pourtant, les <strong>chiffres parlent d&rsquo;eux-m\u00eames<\/strong> et devraient nous alerter collectivement sur l&rsquo;importance de pr\u00e9server notre capital pulmonaire.<\/p>\n<p> Des chiffres alarmants pour une maladie \u00ab\u00a0invisible\u00a0\u00bb et sous-diagnostiqu\u00e9e<\/p>\n<p>La <strong>BPCO<\/strong>, ou Broncho-Pneumopathie Chronique Obstructive, est loin d&rsquo;\u00eatre une affection rare. On estime en effet qu&rsquo;elle <strong>touche environ 10 % de la population adulte<\/strong>. Le drame de cette pathologie r\u00e9side dans son silence : une immense partie des personnes atteintes ignorent totalement leur condition. Elles adaptent inconsciemment leur mode de vie \u00e0 leur souffle d\u00e9clinant, sans poser de diagnostic sur leur \u00e9tat avant qu&rsquo;il ne soit \u00e0 un stade avanc\u00e9.<\/p>\n<p> Pourquoi la BPCO reste la grande oubli\u00e9e des priorit\u00e9s de sant\u00e9 publique<\/p>\n<p>Contrairement \u00e0 d&rsquo;autres affections chroniques tr\u00e8s m\u00e9diatis\u00e9es, la BPCO souffre d&rsquo;un d\u00e9ficit d&rsquo;image. Souvent per\u00e7ue \u00e0 tort comme une simple <strong>toux de fumeur sans gravit\u00e9<\/strong>, elle ne b\u00e9n\u00e9ficie pas de la m\u00eame sensibilisation. Cette m\u00e9connaissance retarde la prise en charge m\u00e9dicale, alors m\u00eame que la pr\u00e9vention et l&rsquo;information sont nos meilleures alli\u00e9es pour prot\u00e9ger nos poumons sur le long terme.<\/p>\n<p>\u00ab\u00a0C&rsquo;est juste une petite toux\u00a0\u00bb : ces signaux d&rsquo;alarme qu&rsquo;on banalise \u00e0 tort<\/p>\n<p>Il est tentant de minimiser les signaux que notre corps nous envoie, surtout lorsqu&rsquo;ils s&rsquo;installent progressivement. Pourtant, <strong>savoir les d\u00e9crypter est la premi\u00e8re \u00e9tape<\/strong> vers le mieux-\u00eatre.<\/p>\n<p> La fausse croyance de la toux \u00ab\u00a0normale\u00a0\u00bb du fumeur<\/p>\n<p>Il existe une id\u00e9e re\u00e7ue tenace selon laquelle il serait \u00ab\u00a0normal\u00a0\u00bb de tousser lorsque l&rsquo;on fume ou que l&rsquo;on a fum\u00e9. C&rsquo;est une erreur dangereuse. Une <strong>toux chronique<\/strong>, souvent accompagn\u00e9e d&rsquo;expectorations (crachats), particuli\u00e8rement le matin, n&rsquo;est jamais anodine. Elle signale une inflammation permanente des bronches. Ce que l&rsquo;on tol\u00e8re comme un petit d\u00e9sagr\u00e9ment quotidien est en r\u00e9alit\u00e9 le cri d&rsquo;alarme de vos voies respiratoires.<\/p>\n<p>L&rsquo;essoufflement \u00e0 l&rsquo;effort, premier t\u00e9moin d&rsquo;une fonction pulmonaire en d\u00e9clin<\/p>\n<p>L&rsquo;autre sympt\u00f4me cl\u00e9 est la dyspn\u00e9e, c&rsquo;est-\u00e0-dire l&rsquo;essoufflement. Au d\u00e9but, il ne survient que lors d&rsquo;efforts intenses, comme courir pour attraper un bus ou monter plusieurs \u00e9tages rapidement. Puis, <strong>insidieusement, il appara\u00eet pour des efforts de plus en plus modestes<\/strong> : marcher sur du plat, faire son lit ou porter ses courses. Si vous modifiez vos habitudes pour \u00e9viter d&rsquo;\u00eatre essouffl\u00e9, c&rsquo;est un signe qu&rsquo;il faut consulter.<\/p>\n<p>Quand les bronches se ferment : comprendre la m\u00e9canique de l&rsquo;asphyxie<\/p>\n<p>Pour mieux prendre soin de soi, il est essentiel de comprendre ce qui se joue \u00e0 l&rsquo;int\u00e9rieur de notre thorax. La BPCO n&rsquo;est pas une simple g\u00eane, c&rsquo;est une <strong>modification physiologique profonde<\/strong>.<\/p>\n<p> Une obstruction progressive et irr\u00e9versible des voies a\u00e9riennes<\/p>\n<p>Concr\u00e8tement, cette maladie respiratoire chronique se caract\u00e9rise par une <strong>obstruction progressive et irr\u00e9versible des bronches<\/strong>. Le calibre des voies a\u00e9riennes se r\u00e9duit, ce qui emp\u00eache l&rsquo;air de circuler librement, surtout lors de l&rsquo;expiration. L&rsquo;air reste \u00ab\u00a0pi\u00e9g\u00e9\u00a0\u00bb dans les poumons, ce qui provoque cette sensation p\u00e9nible de manquer d&rsquo;air neuf.<\/p>\n<p> La destruction silencieuse des alv\u00e9oles pulmonaires<\/p>\n<p>Parall\u00e8lement \u00e0 l&rsquo;atteinte des bronches, la maladie peut provoquer de l&#8217;emphys\u00e8me. Il s&rsquo;agit de la <strong>destruction des parois des alv\u00e9oles pulmonaires<\/strong>, ces petits sacs o\u00f9 se font les \u00e9changes gazeux vitaux (oxyg\u00e8ne contre gaz carbonique). Une fois d\u00e9truites, ces alv\u00e9oles ne se r\u00e9g\u00e9n\u00e8rent pas, diminuant d\u00e9finitivement la surface disponible pour que le poumon oxyg\u00e8ne le sang.<\/p>\n<p>Le tabac au banc des accus\u00e9s, mais pas seulement<\/p>\n<p>Si la responsabilit\u00e9 de la cigarette est \u00e9crasante, elle ne doit pas occulter d&rsquo;autres facteurs de risque qu&rsquo;il est bon de conna\u00eetre pour <strong>mieux s&rsquo;en pr\u00e9munir<\/strong>.<\/p>\n<p> La cigarette responsable dans la grande majorit\u00e9 des cas<\/p>\n<p>Il est impossible de parler de BPCO sans \u00e9voquer le tabagisme. Il est la cause directe de plus de <strong>80 % des cas<\/strong>. Les substances toxiques de la fum\u00e9e agressent les poumons jour apr\u00e8s jour, cr\u00e9ant une inflammation constante. C&rsquo;est pourquoi l&rsquo;arr\u00eat du tabac est la pierre angulaire de toute d\u00e9marche de pr\u00e9vention ou de soin, quel que soit l&rsquo;\u00e2ge ou l&rsquo;anciennet\u00e9 du tabagisme.<\/p>\n<p>Pollution et expositions professionnelles : les autres coupables m\u00e9connus<\/p>\n<p>Cependant, le tabac n&rsquo;est pas l&rsquo;unique coupable. L&rsquo;exposition prolong\u00e9e \u00e0 certains polluants domestiques ou atmosph\u00e9riques, ainsi qu&rsquo;aux <strong>poussi\u00e8res et produits chimiques dans le cadre professionnel<\/strong> (agriculteurs, ouvriers du b\u00e2timent, mineurs, personnel de nettoyage), joue un r\u00f4le non n\u00e9gligeable. Prot\u00e9ger ses poumons, c&rsquo;est aussi \u00eatre vigilant quant \u00e0 la qualit\u00e9 de l&rsquo;air que nous respirons au quotidien.<\/p>\n<p> Une lente descente vers le handicap respiratoire au quotidien<\/p>\n<p>Au-del\u00e0 de la d\u00e9finition m\u00e9dicale, c&rsquo;est l&rsquo;impact sur la vie de tous les jours qui doit nous interpeller. Vivre avec un souffle court <strong>transforme l&rsquo;existence<\/strong>.<\/p>\n<p> L&rsquo;impact lourd sur la qualit\u00e9 de vie et les activit\u00e9s simples<\/p>\n<p>Lorsque la maladie progresse, les gestes les plus simples deviennent des \u00e9preuves. Se laver, s&rsquo;habiller ou jouer avec ses petits-enfants demande une \u00e9nergie consid\u00e9rable. Cet <a href=\"https:\/\/journaldesseniors.20minutes.fr\/sante\/non-ce-nest-pas-une-fatalite-decouvrez-pourquoi-la-fatigue-apres-60-ans-nest-pas-une-question-dage\/\" target=\"_blank\" rel=\"noopener\">handicap invisible<\/a> peut mener \u00e0 l&rsquo;isolement social, car la personne atteinte redoute les sorties qui l&rsquo;obligeraient \u00e0 marcher ou \u00e0 suivre un rythme qu&rsquo;elle ne peut plus tenir. La s\u00e9dentarit\u00e9 s&rsquo;installe alors, aggravant encore la situation.<\/p>\n<p> Le cercle vicieux des infections respiratoires \u00e0 r\u00e9p\u00e9tition<\/p>\n<p>Les poumons fragilis\u00e9s par la BPCO sont un terrain propice aux complications. Les rhumes, grippes ou autres infections hivernales <strong>d\u00e9g\u00e9n\u00e8rent plus facilement en infections respiratoires s\u00e9v\u00e8res<\/strong> ou en exacerbations (aggravation brutale des sympt\u00f4mes). Ce cercle vicieux fragilise encore davantage l&rsquo;organisme et n\u00e9cessite souvent des hospitalisations.<\/p>\n<p>Stopper l&rsquo;engrenage : le diagnostic pr\u00e9coce change tout<\/p>\n<p>Le tableau peut sembler sombre, mais il existe une lueur d&rsquo;espoir importante : <strong>agir t\u00f4t permet de changer la donne<\/strong>. Il n&rsquo;est jamais trop tard pour bien faire.<\/p>\n<p> L&rsquo;arr\u00eat du tabac comme imp\u00e9ratif absolu pour freiner la maladie<\/p>\n<p>Si les d\u00e9g\u00e2ts d\u00e9j\u00e0 install\u00e9s sont souvent irr\u00e9versibles, il est tout \u00e0 fait possible de stopper ou de ralentir consid\u00e9rablement l&rsquo;\u00e9volution de la maladie. La mesure la plus efficace est l&rsquo;arr\u00eat imm\u00e9diat et total du tabac. C&rsquo;est le seul geste qui permet de <strong>pr\u00e9server le capital pulmonaire restant<\/strong> et de prolonger l&rsquo;esp\u00e9rance de vie.<\/p>\n<p>R\u00e9habilitation et traitements : apprendre \u00e0 vivre avec des poumons fragilis\u00e9s<\/p>\n<p>La prise en charge ne s&rsquo;arr\u00eate pas l\u00e0. Des traitements bronchodilatateurs permettent d&rsquo;ouvrir les bronches pour soulager l&rsquo;essoufflement. De plus, la <strong>r\u00e9habilitation respiratoire<\/strong> est une approche formidable : il s&rsquo;agit d&rsquo;un r\u00e9entra\u00eenement \u00e0 l&rsquo;effort adapt\u00e9, supervis\u00e9 par des professionnels. Contrairement aux id\u00e9es re\u00e7ues, l&rsquo;<a href=\"https:\/\/journaldesseniors.20minutes.fr\/sante\/cet-hiver-essayez-ces-activites-qui-vont-changer-votre-quotidien-apres-60-ans\/\" target=\"_blank\" rel=\"noopener\">activit\u00e9 physique<\/a> est recommand\u00e9e et b\u00e9n\u00e9fique, car elle r\u00e9habitue les muscles \u00e0 travailler avec moins d&rsquo;oxyg\u00e8ne.<\/p>\n<p>Ne laissez pas votre souffle s&rsquo;envoler : osez la mesure<\/p>\n<p>En mati\u00e8re de sant\u00e9, l&rsquo;ignorance est notre pire ennemie. <strong>Savoir, c&rsquo;est pouvoir agir<\/strong>.<\/p>\n<p>Synth\u00e8se : une maladie \u00e9vitable mais d\u00e9finitive une fois install\u00e9e<\/p>\n<p>En r\u00e9sum\u00e9, la BPCO est une maladie respiratoire chronique, le plus souvent li\u00e9e au tabagisme, caract\u00e9ris\u00e9e par une obstruction permanente des bronches. Elle est \u00e9vitable, mais ne se gu\u00e9rit pas au sens strict. D&rsquo;o\u00f9 l&rsquo;importance cruciale de la <strong>d\u00e9tecter avant qu&rsquo;elle ne devienne invalidante<\/strong>.<\/p>\n<p>Le test de spirom\u00e9trie : un examen simple pour sauver son avenir respiratoire<\/p>\n<p>Si vous avez plus de 40 ans et que vous fumez ou avez fum\u00e9, n&rsquo;attendez pas d&rsquo;\u00eatre essouffl\u00e9 pour r\u00e9agir. Parlez-en \u00e0 votre m\u00e9decin traitant. Il pourra vous prescrire une mesure du souffle, appel\u00e9e <strong>spirom\u00e9trie<\/strong>. Cet examen indolore, rapide et simple consiste \u00e0 souffler fort dans un appareil pour mesurer vos capacit\u00e9s pulmonaires. C&rsquo;est le seul moyen fiable de poser le diagnostic.<\/p>\n<p>Prendre soin de son souffle, c&rsquo;est prendre soin de sa libert\u00e9 de mouvement et de sa joie de vivre. En ce d\u00e9but d&rsquo;ann\u00e9e 2026, si nous prenions collectivement la r\u00e9solution d&rsquo;<strong>\u00e9couter davantage notre respiration<\/strong> ? Un simple test peut parfois suffire \u00e0 d\u00e9clencher une prise de conscience salvatrice et \u00e0 entamer un chemin vers une meilleure sant\u00e9.<\/p>\n","protected":false},"excerpt":{"rendered":"Alors que nous entamons cette nouvelle ann\u00e9e 2026, p\u00e9riode propice aux bonnes r\u00e9solutions et \u00e0 l&rsquo;attention port\u00e9e \u00e0&hellip;\n","protected":false},"author":2,"featured_media":645515,"comment_status":"","ping_status":"","sticky":false,"template":"","format":"standard","meta":{"footnotes":""},"categories":[10],"tags":[1011,27,72,56,71],"class_list":{"0":"post-645514","1":"post","2":"type-post","3":"status-publish","4":"format-standard","5":"has-post-thumbnail","7":"category-sante","8":"tag-fr","9":"tag-france","10":"tag-health","11":"tag-push","12":"tag-sante"},"share_on_mastodon":{"url":"https:\/\/pubeurope.com\/@fr\/115850006120923330","error":""},"_links":{"self":[{"href":"https:\/\/www.europesays.com\/fr\/wp-json\/wp\/v2\/posts\/645514","targetHints":{"allow":["GET"]}}],"collection":[{"href":"https:\/\/www.europesays.com\/fr\/wp-json\/wp\/v2\/posts"}],"about":[{"href":"https:\/\/www.europesays.com\/fr\/wp-json\/wp\/v2\/types\/post"}],"author":[{"embeddable":true,"href":"https:\/\/www.europesays.com\/fr\/wp-json\/wp\/v2\/users\/2"}],"replies":[{"embeddable":true,"href":"https:\/\/www.europesays.com\/fr\/wp-json\/wp\/v2\/comments?post=645514"}],"version-history":[{"count":0,"href":"https:\/\/www.europesays.com\/fr\/wp-json\/wp\/v2\/posts\/645514\/revisions"}],"wp:featuredmedia":[{"embeddable":true,"href":"https:\/\/www.europesays.com\/fr\/wp-json\/wp\/v2\/media\/645515"}],"wp:attachment":[{"href":"https:\/\/www.europesays.com\/fr\/wp-json\/wp\/v2\/media?parent=645514"}],"wp:term":[{"taxonomy":"category","embeddable":true,"href":"https:\/\/www.europesays.com\/fr\/wp-json\/wp\/v2\/categories?post=645514"},{"taxonomy":"post_tag","embeddable":true,"href":"https:\/\/www.europesays.com\/fr\/wp-json\/wp\/v2\/tags?post=645514"}],"curies":[{"name":"wp","href":"https:\/\/api.w.org\/{rel}","templated":true}]}}