{"id":64552,"date":"2025-04-30T14:17:08","date_gmt":"2025-04-30T14:17:08","guid":{"rendered":"https:\/\/www.europesays.com\/fr\/64552\/"},"modified":"2025-04-30T14:17:08","modified_gmt":"2025-04-30T14:17:08","slug":"trop-cest-trop-le-ve-arrondissement-de-paris-part-a-son-tour-a-la-chasse-aux-rats-avec-un-piege-connecte","status":"publish","type":"post","link":"https:\/\/www.europesays.com\/fr\/64552\/","title":{"rendered":"\u00ab\u00a0Trop, c\u2019est trop\u00a0\u00bb\u00a0: le Ve\u00a0arrondissement de Paris part \u00e0 son tour \u00e0 la chasse aux rats avec un pi\u00e8ge connect\u00e9"},"content":{"rendered":"<p class=\"paragraph text_align_left\">D\u2019apr\u00e8s la mairie du Ve, la capitale \u00ab est confront\u00e9e \u00e0 une population de rats exceptionnelle, avec 1,5 \u00e0 1,75 rat par habitant, la pla\u00e7ant parmi les dix villes les plus infest\u00e9es au monde \u00bb. De ce constat, le Ve a d\u00e9cid\u00e9 de se doter de <a href=\"https:\/\/www.leparisien.fr\/paris-75\/paris-le-xviie-arrondissement-espere-se-debarrasser-durablement-des-rats-grace-aux-pieges-connectes-28-05-2024-SO4NMALEGVGJVL6LKYCOBYU4BQ.php\" target=\"_blank\" rel=\"nofollow noopener\">nouveaux pi\u00e8ges \u00e0 rats<\/a>. Six au total pour le moment, install\u00e9s dans trois des quatre quartiers du Ve, \u00e0 savoir Saint-Victor, Jardin-des-Plantes et Val-de-Gr\u00e2ce.<\/p>\n","protected":false},"excerpt":{"rendered":"D\u2019apr\u00e8s la mairie du Ve, la capitale \u00ab est confront\u00e9e \u00e0 une population de rats exceptionnelle, avec 1,5&hellip;\n","protected":false},"author":2,"featured_media":64553,"comment_status":"","ping_status":"","sticky":false,"template":"","format":"standard","meta":{"footnotes":""},"categories":[1888],"tags":[11,1777,674,1011,27,1944,12,626,25],"class_list":{"0":"post-64552","1":"post","2":"type-post","3":"status-publish","4":"format-standard","5":"has-post-thumbnail","7":"category-paris","8":"tag-actualites","9":"tag-eu","10":"tag-europe","11":"tag-fr","12":"tag-france","13":"tag-ma-ville","14":"tag-news","15":"tag-paris","16":"tag-republique-francaise"},"share_on_mastodon":{"url":"https:\/\/pubeurope.com\/@fr\/114427346538718669","error":""},"_links":{"self":[{"href":"https:\/\/www.europesays.com\/fr\/wp-json\/wp\/v2\/posts\/64552","targetHints":{"allow":["GET"]}}],"collection":[{"href":"https:\/\/www.europesays.com\/fr\/wp-json\/wp\/v2\/posts"}],"about":[{"href":"https:\/\/www.europesays.com\/fr\/wp-json\/wp\/v2\/types\/post"}],"author":[{"embeddable":true,"href":"https:\/\/www.europesays.com\/fr\/wp-json\/wp\/v2\/users\/2"}],"replies":[{"embeddable":true,"href":"https:\/\/www.europesays.com\/fr\/wp-json\/wp\/v2\/comments?post=64552"}],"version-history":[{"count":0,"href":"https:\/\/www.europesays.com\/fr\/wp-json\/wp\/v2\/posts\/64552\/revisions"}],"wp:featuredmedia":[{"embeddable":true,"href":"https:\/\/www.europesays.com\/fr\/wp-json\/wp\/v2\/media\/64553"}],"wp:attachment":[{"href":"https:\/\/www.europesays.com\/fr\/wp-json\/wp\/v2\/media?parent=64552"}],"wp:term":[{"taxonomy":"category","embeddable":true,"href":"https:\/\/www.europesays.com\/fr\/wp-json\/wp\/v2\/categories?post=64552"},{"taxonomy":"post_tag","embeddable":true,"href":"https:\/\/www.europesays.com\/fr\/wp-json\/wp\/v2\/tags?post=64552"}],"curies":[{"name":"wp","href":"https:\/\/api.w.org\/{rel}","templated":true}]}}