{"id":645520,"date":"2026-01-06T20:21:10","date_gmt":"2026-01-06T20:21:10","guid":{"rendered":"https:\/\/www.europesays.com\/fr\/645520\/"},"modified":"2026-01-06T20:21:10","modified_gmt":"2026-01-06T20:21:10","slug":"le-prix-de-la-ps6-divise-les-joueurs-et-les-inquietudes-concernant-un-eventuel-retard-saccentuent","status":"publish","type":"post","link":"https:\/\/www.europesays.com\/fr\/645520\/","title":{"rendered":"Le prix de la PS6 divise les joueurs, et les inqui\u00e9tudes concernant un \u00e9ventuel retard s&rsquo;accentuent"},"content":{"rendered":"<p>La PlayStation 6 n\u2019a pas encore \u00e9t\u00e9 officialis\u00e9e par Sony, mais elle fait d\u00e9j\u00e0 couler beaucoup d\u2019encre. Un rapport partag\u00e9 sur Reddit \u00e9voquant un tarif estim\u00e9 \u00e0 600 dollars a d\u00e9clench\u00e9 un d\u00e9bat anim\u00e9 entre passionn\u00e9s de jeux vid\u00e9o. \u00c0 la cl\u00e9 : des doutes sur la pertinence d\u2019une nouvelle g\u00e9n\u00e9ration de consoles dans un march\u00e9 en pleine mutation.<\/p>\n<p>Entre composants de plus en plus chers, adoption lente des versions \u00ab\u00a0Pro\u00a0\u00bb actuelles et essor des technologies comme l\u2019IA ou le cloud gaming, les joueurs s\u2019interrogent. <a href=\"https:\/\/www.lacremedugaming.fr\/consoles\/playstation\/playstation-6\/la-ps6-et-xbox-next-gen-pourraient-fortement-etre-retardees-par-la-penurie-de-ram-204973.html\" target=\"_blank\" rel=\"noopener\">La PS6 arrivera-t-elle vraiment au bon moment<\/a> ? Et surtout : \u00e0 quel prix ?<\/p>\n<p>\u00ab\u00a0Je ne comprends pas pourquoi Sony et Microsoft cherchent \u00e0 lancer de nouvelles consoles. Les consoles actuelles sont ch\u00e8res et leur prix ne cesse d&rsquo;augmenter. Leurs versions \u00ab Pro \u00bb rencontrent les m\u00eames probl\u00e8mes. Je n&rsquo;entends aucune demande concr\u00e8te de la part des d\u00e9veloppeurs ou des joueurs pour plus de puissance. J&rsquo;entends plut\u00f4t parler d&rsquo;une demande pour plus de jeux pour les titres d\u00e9j\u00e0 disponibles\u00a0\u00bb, \u00e9crit un internaute.<\/p>\n<p> Des composants en hausse, des attentes \u00e0 la baisse <\/p>\n<p>Le contexte \u00e9conomique joue \u00e9galement un r\u00f4le cl\u00e9. L\u2019inflation sur les composants comme la RAM, due notamment \u00e0 l\u2019essor de l\u2019intelligence artificielle, rend la fabrication de consoles abordables plus difficile.<\/p>\n<p>\u00ab\u00a0Je m&rsquo;y attends. Vu le prix de la RAM et tout le reste, l&rsquo;IA va continuer \u00e0 se d\u00e9velopper et \u00e0 faire grimper le co\u00fbt des composants. Je sais que Sony et Nintendo cherchent avant tout \u00e0 vendre des consoles \u00e0 perte pour compenser ces pertes gr\u00e2ce aux ventes de jeux, mais ils ne peuvent pas faire de miracles pour r\u00e9duire les co\u00fbts. Je pense donc que le prix de la PS6 devrait se rapprocher de celui de la PS5 Pro\u00a0\u00bb, estime un autre utilisateur.<\/p>\n<p> Entre attente f\u00e9brile et espoirs de long\u00e9vit\u00e9 <\/p>\n<p>Pour d&rsquo;autres, cette future PS6 pourrait justement \u00eatre l&rsquo;occasion de franchir un cap technologique, \u00e0 condition qu\u2019elle tienne dans le temps. \u00ab\u00a0C\u2019est peut-\u00eatre une opinion controvers\u00e9e, mais j\u2019attends avec impatience la prochaine g\u00e9n\u00e9ration de consoles. Pourquoi ? Ils sortent encore des jeux modernes sur XB1\/PS4. J\u2019ai failli acheter la Xbox One X quand la pand\u00e9mie a perturb\u00e9 les stocks, mais je ne l\u2019ai jamais fait depuis. Donc, s\u2019ils arrivent \u00e0 sortir une console \u00e0 600-700 dollars, avec la technologie Frame Generation et l\u2019upscale par IA, etc., on aura en quelque sorte une machine qui durera 15 ans\u00a0\u00bb, confie un autre joueur.<\/p>\n<p> Une transition g\u00e9n\u00e9rationnelle incertaine <\/p>\n<p>Derri\u00e8re ces discussions se cache une inqui\u00e9tude plus large : le mod\u00e8le des g\u00e9n\u00e9rations de consoles est-il toujours adapt\u00e9 ? Le m\u00e9lange des genres entre PC et console, les jeux cross-gen toujours nombreux, et la strat\u00e9gie diff\u00e9rente de Nintendo rendent l\u2019avenir flou. Sony n\u2019a encore rien confirm\u00e9. Mais entre peur du retard, doutes sur le prix et impatience pour de vraies nouveaut\u00e9s, <a href=\"https:\/\/www.lacremedugaming.fr\/consoles\/playstation\/playstation-6\/le-prix-de-la-playstation-6-inquiete-deja-les-joueurs-et-ca-se-comprend-204928.html\" target=\"_blank\" rel=\"noopener\">la PS6 n\u2019a pas fini de faire parler d\u2019elle<\/a>.<\/p>\n","protected":false},"excerpt":{"rendered":"La PlayStation 6 n\u2019a pas encore \u00e9t\u00e9 officialis\u00e9e par Sony, mais elle fait d\u00e9j\u00e0 couler beaucoup d\u2019encre. Un&hellip;\n","protected":false},"author":2,"featured_media":645521,"comment_status":"","ping_status":"","sticky":false,"template":"","format":"standard","meta":{"footnotes":""},"categories":[7],"tags":[1011,27,43,40,41,39,42,44],"class_list":{"0":"post-645520","1":"post","2":"type-post","3":"status-publish","4":"format-standard","5":"has-post-thumbnail","7":"category-sciences-et-technologies","8":"tag-fr","9":"tag-france","10":"tag-science","11":"tag-science-and-technology","12":"tag-sciences","13":"tag-sciences-et-technologies","14":"tag-technologies","15":"tag-technology"},"share_on_mastodon":{"url":"https:\/\/pubeurope.com\/@fr\/115850017758388167","error":""},"_links":{"self":[{"href":"https:\/\/www.europesays.com\/fr\/wp-json\/wp\/v2\/posts\/645520","targetHints":{"allow":["GET"]}}],"collection":[{"href":"https:\/\/www.europesays.com\/fr\/wp-json\/wp\/v2\/posts"}],"about":[{"href":"https:\/\/www.europesays.com\/fr\/wp-json\/wp\/v2\/types\/post"}],"author":[{"embeddable":true,"href":"https:\/\/www.europesays.com\/fr\/wp-json\/wp\/v2\/users\/2"}],"replies":[{"embeddable":true,"href":"https:\/\/www.europesays.com\/fr\/wp-json\/wp\/v2\/comments?post=645520"}],"version-history":[{"count":0,"href":"https:\/\/www.europesays.com\/fr\/wp-json\/wp\/v2\/posts\/645520\/revisions"}],"wp:featuredmedia":[{"embeddable":true,"href":"https:\/\/www.europesays.com\/fr\/wp-json\/wp\/v2\/media\/645521"}],"wp:attachment":[{"href":"https:\/\/www.europesays.com\/fr\/wp-json\/wp\/v2\/media?parent=645520"}],"wp:term":[{"taxonomy":"category","embeddable":true,"href":"https:\/\/www.europesays.com\/fr\/wp-json\/wp\/v2\/categories?post=645520"},{"taxonomy":"post_tag","embeddable":true,"href":"https:\/\/www.europesays.com\/fr\/wp-json\/wp\/v2\/tags?post=645520"}],"curies":[{"name":"wp","href":"https:\/\/api.w.org\/{rel}","templated":true}]}}