{"id":645524,"date":"2026-01-06T20:23:10","date_gmt":"2026-01-06T20:23:10","guid":{"rendered":"https:\/\/www.europesays.com\/fr\/645524\/"},"modified":"2026-01-06T20:23:10","modified_gmt":"2026-01-06T20:23:10","slug":"ces-10-tendances-qui-en-disent-long-sur-notre-epoque","status":"publish","type":"post","link":"https:\/\/www.europesays.com\/fr\/645524\/","title":{"rendered":"ces 10 tendances qui en disent long sur notre \u00e9poque"},"content":{"rendered":"<p data-module=\"standfirst\" data-context=\"@media (min-width:48em)\">\n    Programmes long\u00e9vit\u00e9, h\u00f4tels capsules, M\u00e9diterran\u00e9e hors saison, stations de ski privatis\u00e9es ou intelligence artificielle\u2026 Le\u00a0Figaro a examin\u00e9 les grandes mouvances qui redessineront nos fa\u00e7ons de partir cette ann\u00e9e.<\/p>\n<p class=\"fig-paragraph fig-paragraph--dropped\">Le tourisme est plus que jamais un miroir de nos obsessions contemporaines. En t\u00e9moignent ces dix grandes tendances qui vont marquer nos fa\u00e7ons de voyager en 2026. D\u00e9cryptage.<\/p>\n<p>                                            <strong>L\u2019intelligence artificielle au c\u0153ur du s\u00e9jour<\/strong><\/p>\n<p>    Assistant IA dans un h\u00f4tel Capello.<br \/>\n                Photo presse<\/p>\n<p class=\"fig-paragraph fig-paragraph--dropped\">Un Fran\u00e7ais sur trois aurait d\u00e9j\u00e0\u00a0<a href=\"http:\/\/www.lefigaro.fr\/voyages\/voyage-un-tiers-des-francais-aurait-deja-teste-l-ia-pour-preparer-ses-vacances-20250717\" data-fig-type=\"Article\" data-gtm-custom-categorie=\"navigation\" data-gtm-custom-action=\"crossclick\" data-gtm-custom-label=\"Contextuel\" data-gtm-event=\"customEventSPE\" data-fig-domain=\"LEFIGARO\" target=\"_blank\" rel=\"noopener\">utilis\u00e9 une IA pour pr\u00e9parer ses voyages<\/a>, \u00e0 en croire une \u00e9tude Ipsos, publi\u00e9e en juillet 2025. Le chiffre grimpe \u00e0 53\u00a0% chez les moins de 35\u00a0ans. Et si l\u2019outil \u00e9tait jusqu\u2019alors utilis\u00e9 pour gagner du temps dans la confection d\u2019itin\u00e9raires et la suggestion d\u2019adresses, le lancement du mode Agent de\u00a0<a href=\"http:\/\/www.lefigaro.fr\/voyages\/tourisme-comment-chatgpt-influence-deja-nos-voyages-20240511\" data-fig-type=\"Article\" data-gtm-custom-categorie=\"navigation\" data-gtm-custom-action=\"crossclick\" data-gtm-custom-label=\"Contextuel\" data-gtm-event=\"customEventSPE\" data-fig-domain=\"LEFIGARO\" target=\"_blank\" rel=\"noopener\">ChatGPT<\/a>\u00a0change la donne.<\/p>\n<p class=\"fig-paragraph fig-paragraph--dropped\">D\u2019un simple canal d\u2019inspiration, l\u2019intelligence artificielle devient un assistant num\u00e9rique capable d\u2019ex\u00e9cuter des r\u00e9servations nominatives. Certaines agences de voyages ont rapidement r\u00e9agi, \u00e0 l\u2019instar de Black Tomato et son intelligence artificielle Pursuit of Feeling, capable de concevoir des s\u00e9jours en fonction des \u00e9tats \u00e9motionnels recherch\u00e9s (libert\u00e9, d\u00e9fi, r\u00e9g\u00e9n\u00e9ration\u2026). Le risque de cette nouvelle mani\u00e8re de consommer\u00a0? Le glissement vers une g\u00e9n\u00e9ralisation\u2026<\/p>\n<p class=\"fig-premium-paywall__infos\">\n        Cet article est r\u00e9serv\u00e9 aux abonn\u00e9s.        Il vous reste 92% \u00e0 d\u00e9couvrir.\n    <\/p>\n<p>                <img  data- alt=\"Le Figaro\" class=\"fig-img--complete fig-img\"\/><\/p>\n<p class=\"fig-premium-paywall__title\">Vous avez envie de lire la suite ?<\/p>\n<p class=\"fig-premium-paywall__subtitle\">D\u00e9bloquez tous les articles imm\u00e9diatement.<\/p>\n<p class=\"fig-premium-paywall__connect\">\n                D\u00e9j\u00e0 abonn\u00e9\u00a0?                <a class=\"fig-premium-paywall__connect-link\" href=\"https:\/\/connect.lefigaro.fr\/login?client=horizon_web&amp;type=main&amp;redirect_uri=https%3A%2F%2Fwww.lefigaro.fr%2Fvoyages%2Fconseils%2Fvoyager-en-2026-ces-10-tendances-qui-en-disent-long-sur-notre-epoque-20260106\" data-js-gtm=\"{&quot;customCategorie&quot;: &quot;conversion&quot;, &quot;customAction&quot;: &quot;before_Landing_Connexion_paywall_auto&quot;, &quot;customLabel&quot;: &quot;bGVmaWdhcm8uZnJfXzFmMGViMDVkLWQ1MTQtNjQyYy1iZjMzLTFkYTgwZGY5YzEyMV9fQXJ0aWNsZQ==_Voyager en 2026\u00a0: ces 10 tendances qui en disent long sur notre \u00e9poque_467&quot;, &quot;customIDSPE&quot;: &quot;bGVmaWdhcm8uZnJfXzFmMGViMDVkLWQ1MTQtNjQyYy1iZjMzLTFkYTgwZGY5YzEyMV9fQXJ0aWNsZQ==&quot;, &quot;event&quot;: &quot;customEventSPE&quot;}\" target=\"_blank\" rel=\"noopener\"><br \/>\n                    Connectez-vous<br \/>\n                <\/a>\n            <\/p>\n","protected":false},"excerpt":{"rendered":"Programmes long\u00e9vit\u00e9, h\u00f4tels capsules, M\u00e9diterran\u00e9e hors saison, stations de ski privatis\u00e9es ou intelligence artificielle\u2026 Le\u00a0Figaro a examin\u00e9 les&hellip;\n","protected":false},"author":2,"featured_media":645525,"comment_status":"","ping_status":"","sticky":false,"template":"","format":"standard","meta":{"footnotes":""},"categories":[5],"tags":[11,1011,27,14,12,18830,602,28],"class_list":{"0":"post-645524","1":"post","2":"type-post","3":"status-publish","4":"format-standard","5":"has-post-thumbnail","7":"category-international","8":"tag-actualites","9":"tag-fr","10":"tag-france","11":"tag-international","12":"tag-news","13":"tag-tendances","14":"tag-tourisme","15":"tag-world"},"share_on_mastodon":{"url":"https:\/\/pubeurope.com\/@fr\/115850025653571959","error":""},"_links":{"self":[{"href":"https:\/\/www.europesays.com\/fr\/wp-json\/wp\/v2\/posts\/645524","targetHints":{"allow":["GET"]}}],"collection":[{"href":"https:\/\/www.europesays.com\/fr\/wp-json\/wp\/v2\/posts"}],"about":[{"href":"https:\/\/www.europesays.com\/fr\/wp-json\/wp\/v2\/types\/post"}],"author":[{"embeddable":true,"href":"https:\/\/www.europesays.com\/fr\/wp-json\/wp\/v2\/users\/2"}],"replies":[{"embeddable":true,"href":"https:\/\/www.europesays.com\/fr\/wp-json\/wp\/v2\/comments?post=645524"}],"version-history":[{"count":0,"href":"https:\/\/www.europesays.com\/fr\/wp-json\/wp\/v2\/posts\/645524\/revisions"}],"wp:featuredmedia":[{"embeddable":true,"href":"https:\/\/www.europesays.com\/fr\/wp-json\/wp\/v2\/media\/645525"}],"wp:attachment":[{"href":"https:\/\/www.europesays.com\/fr\/wp-json\/wp\/v2\/media?parent=645524"}],"wp:term":[{"taxonomy":"category","embeddable":true,"href":"https:\/\/www.europesays.com\/fr\/wp-json\/wp\/v2\/categories?post=645524"},{"taxonomy":"post_tag","embeddable":true,"href":"https:\/\/www.europesays.com\/fr\/wp-json\/wp\/v2\/tags?post=645524"}],"curies":[{"name":"wp","href":"https:\/\/api.w.org\/{rel}","templated":true}]}}