{"id":645532,"date":"2026-01-06T20:28:09","date_gmt":"2026-01-06T20:28:09","guid":{"rendered":"https:\/\/www.europesays.com\/fr\/645532\/"},"modified":"2026-01-06T20:28:09","modified_gmt":"2026-01-06T20:28:09","slug":"la-police-a-besoin-de-vous-3","status":"publish","type":"post","link":"https:\/\/www.europesays.com\/fr\/645532\/","title":{"rendered":"la police a besoin de vous"},"content":{"rendered":"<p>                    Par<br \/>\n        <strong><br \/>\n            <a href=\"https:\/\/actu.fr\/auteur\/ivan-capecchi\" title=\"Consulter tous les articles de Ivan CAPECCHI\" target=\"_blank\" rel=\"noopener\">Ivan CAPECCHI<\/a><br \/>\n                    <\/strong><\/p>\n<p>        Publi\u00e9 le<\/p>\n<p>            6 janv. 2026 \u00e0 19h34        <\/p>\n<p>Ce mardi, la <a href=\"https:\/\/actu.fr\/tag\/police\" target=\"_blank\" rel=\"noopener\">police<\/a> de Meurthe-et-Moselle a publi\u00e9 un <a href=\"https:\/\/actu.fr\/tag\/appel-a-temoins\" target=\"_blank\" rel=\"noopener\">appel \u00e0 t\u00e9moins<\/a> dans le cadre de la <a href=\"https:\/\/actu.fr\/tag\/disparition\" target=\"_blank\" rel=\"noopener\">disparition inqui\u00e9tante<\/a> de <strong>Lorie Demare<\/strong>. L\u2019adolescente de 15 ans n\u2019a plus donn\u00e9 signe de vie depuis lundi, \u00e0 <strong>Nancy<\/strong>. Elle est susceptible de s\u2019\u00eatre rendue dans la r\u00e9gion de <strong>Marseille<\/strong>, pr\u00e9cisent les forces de l\u2019ordre.<\/p>\n<p>Lorie Demare a les yeux marrons et des cheveux ch\u00e2tains fonc\u00e9s<\/p>\n<p class=\" wall-content\">D\u2019apr\u00e8s l\u2019appel \u00e0 t\u00e9moins, Lorie Demare <strong>mesure 1m70<\/strong>, elle a les <strong>yeux marrons<\/strong> et des <strong>cheveux ch\u00e2tains fonc\u00e9s<\/strong>.<\/p>\n<p class=\" wall-content\">Elle est de <strong>corpulence \u00ab\u00a0un peu forte\u00a0\u00bb<\/strong> et a un<strong> piercing \u00e0 la narine gauche<\/strong>.<\/p>\n<p class=\" wall-content\">\n<p>En cas d\u2019information, contactez la police<\/p>\n<p class=\" wall-content\">Au moment de sa <strong>disparition<\/strong>, elle portait un <strong>legging noir<\/strong>, une <strong>doudoune noire<\/strong> et\u00a0des <strong>claquettes beiges<\/strong>.<\/p>\n<p class=\" wall-content\">En cas d\u2019information, contactez la police au <strong>03 83 17 28 26<\/strong> lors des heures ouvrables. En dehors, faites le <strong>03 83 17 27 53<\/strong>.<\/p>\n<p class=\" wall-content\">Personnalisez votre actualit\u00e9 en ajoutant vos villes et m\u00e9dias en favori avec <a href=\"https:\/\/moncompte.actu.fr\" title=\"D\u00e9couvez Mon Actu\" rel=\"nofollow noopener\" data-trk=\"{&quot;cta&quot;:{&quot;action&quot;:&quot;https:\\\/\\\/moncompte.actu.fr&quot;,&quot;category&quot;:&quot;mon compte&quot;,&quot;from&quot;:&quot;article footer&quot;,&quot;name&quot;:&quot;Mon actu&quot;,&quot;type&quot;:&quot;cta&quot;}}\" target=\"_blank\">Mon Actu<\/a>.<\/p>\n","protected":false},"excerpt":{"rendered":"Par Ivan CAPECCHI Publi\u00e9 le 6 janv. 2026 \u00e0 19h34 Ce mardi, la police de Meurthe-et-Moselle a publi\u00e9&hellip;\n","protected":false},"author":2,"featured_media":645533,"comment_status":"","ping_status":"","sticky":false,"template":"","format":"standard","meta":{"footnotes":""},"categories":[9635],"tags":[1111,11,4260,3676,1777,674,118,1011,27,775,1702,12,1072,25],"class_list":{"0":"post-645532","1":"post","2":"type-post","3":"status-publish","4":"format-standard","5":"has-post-thumbnail","7":"category-nancy","8":"tag-actu","9":"tag-actualites","10":"tag-appel-a-temoins","11":"tag-disparition-inquietante","12":"tag-eu","13":"tag-europe","14":"tag-faits-divers","15":"tag-fr","16":"tag-france","17":"tag-grand-est","18":"tag-nancy","19":"tag-news","20":"tag-police","21":"tag-republique-francaise"},"share_on_mastodon":{"url":"https:\/\/pubeurope.com\/@fr\/115850045247072558","error":""},"_links":{"self":[{"href":"https:\/\/www.europesays.com\/fr\/wp-json\/wp\/v2\/posts\/645532","targetHints":{"allow":["GET"]}}],"collection":[{"href":"https:\/\/www.europesays.com\/fr\/wp-json\/wp\/v2\/posts"}],"about":[{"href":"https:\/\/www.europesays.com\/fr\/wp-json\/wp\/v2\/types\/post"}],"author":[{"embeddable":true,"href":"https:\/\/www.europesays.com\/fr\/wp-json\/wp\/v2\/users\/2"}],"replies":[{"embeddable":true,"href":"https:\/\/www.europesays.com\/fr\/wp-json\/wp\/v2\/comments?post=645532"}],"version-history":[{"count":0,"href":"https:\/\/www.europesays.com\/fr\/wp-json\/wp\/v2\/posts\/645532\/revisions"}],"wp:featuredmedia":[{"embeddable":true,"href":"https:\/\/www.europesays.com\/fr\/wp-json\/wp\/v2\/media\/645533"}],"wp:attachment":[{"href":"https:\/\/www.europesays.com\/fr\/wp-json\/wp\/v2\/media?parent=645532"}],"wp:term":[{"taxonomy":"category","embeddable":true,"href":"https:\/\/www.europesays.com\/fr\/wp-json\/wp\/v2\/categories?post=645532"},{"taxonomy":"post_tag","embeddable":true,"href":"https:\/\/www.europesays.com\/fr\/wp-json\/wp\/v2\/tags?post=645532"}],"curies":[{"name":"wp","href":"https:\/\/api.w.org\/{rel}","templated":true}]}}