{"id":645534,"date":"2026-01-06T20:29:16","date_gmt":"2026-01-06T20:29:16","guid":{"rendered":"https:\/\/www.europesays.com\/fr\/645534\/"},"modified":"2026-01-06T20:29:16","modified_gmt":"2026-01-06T20:29:16","slug":"nancy-vises-par-un-arrete-les-chats-reperes-dans-la-cour-de-lecole-maternelle-stanislas-seront-captures","status":"publish","type":"post","link":"https:\/\/www.europesays.com\/fr\/645534\/","title":{"rendered":"Nancy. Vis\u00e9s par un\u00a0arr\u00eat\u00e9, les chats rep\u00e9r\u00e9s dans la cour de l\u2019\u00e9cole maternelle Stanislas seront captur\u00e9s"},"content":{"rendered":"<p>Minou, F\u00e9lix, Tigrou, Caramel\u2026 Quel que soit son nom et la couleur de son pelage, le chat dont le p\u00e9rim\u00e8tre de vadrouille se situe dans le secteur de la rue Victor Hugo \u00e0 Nancy, a du souci \u00e0 se faire. Et ce, d\u2019autant plus s\u2019il est gourmand et qu\u2019il affectionne plus particuli\u00e8rement jouer les passe-murailles pour s\u2019immiscer dans l\u2019enceinte de l\u2019\u00e9cole maternelle Stanislas, sise au n\u00b0\u00a06 de ladite rue.<\/p>\n<p>Un arr\u00eat\u00e9&#8230;<\/p>\n","protected":false},"excerpt":{"rendered":"Minou, F\u00e9lix, Tigrou, Caramel\u2026 Quel que soit son nom et la couleur de son pelage, le chat dont&hellip;\n","protected":false},"author":2,"featured_media":645535,"comment_status":"","ping_status":"","sticky":false,"template":"","format":"standard","meta":{"footnotes":""},"categories":[9635],"tags":[1111,11,1867,1704,436,1777,674,1011,27,775,1702,1703,12,25,104],"class_list":{"0":"post-645534","1":"post","2":"type-post","3":"status-publish","4":"format-standard","5":"has-post-thumbnail","7":"category-nancy","8":"tag-actu","9":"tag-actualites","10":"tag-animaux","11":"tag-edition-nancy-et-agglomeration","12":"tag-environnement","13":"tag-eu","14":"tag-europe","15":"tag-fr","16":"tag-france","17":"tag-grand-est","18":"tag-nancy","19":"tag-nancy-ville-54b","20":"tag-news","21":"tag-republique-francaise","22":"tag-societe"},"share_on_mastodon":{"url":"https:\/\/pubeurope.com\/@fr\/115850049205461978","error":""},"_links":{"self":[{"href":"https:\/\/www.europesays.com\/fr\/wp-json\/wp\/v2\/posts\/645534","targetHints":{"allow":["GET"]}}],"collection":[{"href":"https:\/\/www.europesays.com\/fr\/wp-json\/wp\/v2\/posts"}],"about":[{"href":"https:\/\/www.europesays.com\/fr\/wp-json\/wp\/v2\/types\/post"}],"author":[{"embeddable":true,"href":"https:\/\/www.europesays.com\/fr\/wp-json\/wp\/v2\/users\/2"}],"replies":[{"embeddable":true,"href":"https:\/\/www.europesays.com\/fr\/wp-json\/wp\/v2\/comments?post=645534"}],"version-history":[{"count":0,"href":"https:\/\/www.europesays.com\/fr\/wp-json\/wp\/v2\/posts\/645534\/revisions"}],"wp:featuredmedia":[{"embeddable":true,"href":"https:\/\/www.europesays.com\/fr\/wp-json\/wp\/v2\/media\/645535"}],"wp:attachment":[{"href":"https:\/\/www.europesays.com\/fr\/wp-json\/wp\/v2\/media?parent=645534"}],"wp:term":[{"taxonomy":"category","embeddable":true,"href":"https:\/\/www.europesays.com\/fr\/wp-json\/wp\/v2\/categories?post=645534"},{"taxonomy":"post_tag","embeddable":true,"href":"https:\/\/www.europesays.com\/fr\/wp-json\/wp\/v2\/tags?post=645534"}],"curies":[{"name":"wp","href":"https:\/\/api.w.org\/{rel}","templated":true}]}}