{"id":645544,"date":"2026-01-06T20:34:10","date_gmt":"2026-01-06T20:34:10","guid":{"rendered":"https:\/\/www.europesays.com\/fr\/645544\/"},"modified":"2026-01-06T20:34:10","modified_gmt":"2026-01-06T20:34:10","slug":"un-drame-evite-de-justesse-sur-la-sud-3-a-rouen-ce-mardi","status":"publish","type":"post","link":"https:\/\/www.europesays.com\/fr\/645544\/","title":{"rendered":"Un drame \u00e9vit\u00e9 de justesse sur la Sud 3 \u00e0 Rouen ce mardi"},"content":{"rendered":"<p>                    Par<br \/>\n        <strong><br \/>\n            <a href=\"https:\/\/actu.fr\/auteur\/adrien-filoche\" title=\"Consulter tous les articles de Adrien Filoche\" target=\"_blank\" rel=\"noopener\">Adrien Filoche<\/a><br \/>\n                    <\/strong><\/p>\n<p>        Publi\u00e9 le<\/p>\n<p>            6 janv. 2026 \u00e0 16h57        <\/p>\n<p>Il \u00e9tait 14h25 le mardi 6\u00a0janvier 2026 lorsque les pompiers ont \u00e9t\u00e9 alert\u00e9s d\u2019une<strong> possible tentative de suicide<\/strong> rue Gay-Lussac sur la commune du <a href=\"https:\/\/actu.fr\/normandie\/le-grand-quevilly_76322\" target=\"_blank\" rel=\"noopener\">Grand-Quevilly (Seine-Maritime)<\/a>, pr\u00e8s de <a href=\"https:\/\/actu.fr\/normandie\/rouen_76540\" target=\"_blank\" rel=\"noopener\">Rouen<\/a>. Une femme mena\u00e7ait de chuter d\u2019un pont au niveau de la Sud 3.<\/p>\n<p>Sauv\u00e9e par les gendarmes<\/p>\n<p class=\" wall-content\">Selon une source polici\u00e8re, ce sont des gendarmes qui circulaient dans le secteur qui sont intervenus, alors que la femme \u00e9tait <strong>assise sur le bord du pont.<\/strong><\/p>\n<p class=\" wall-content\">Les militaires sont parvenus \u00e0 r\u00e9cup\u00e9rer la victime avant qu\u2019elle ne se jette dans le vide.<\/p>\n<p class=\" wall-content\">Les pompiers sont arriv\u00e9s apr\u00e8s le sauvetage de la femme. Cette derni\u00e8re a \u00e9t\u00e9 prise en charge et transport\u00e9e \u00e0 l\u2019h\u00f4pital par les secours.<\/p>\n<p>Suivez l\u2019actualit\u00e9 de Rouen sur <a href=\"https:\/\/www.whatsapp.com\/channel\/0029VaKfnf99hXF2ddApFB1D\" target=\"_blank\" rel=\"noopener\">notre cha\u00eene WhatsApp<\/a> et sur <a href=\"https:\/\/www.tiktok.com\/@76actu.fr?lang=fr\" target=\"_blank\" rel=\"noopener\">notre compte TikTok<\/a>Vid\u00e9os : en ce moment sur ActuFace au d\u00e9sespoir, il ne faut surtout pas rester seul. Des plateformes t\u00e9l\u00e9phoniques d\u2019\u00e9coute comme le 3114 et des structures d\u2019accueil existent partout sur le territoire normand pour aider les personnes les plus d\u00e9munies. <a href=\"https:\/\/www.normandie.ars.sante.fr\/prevention-du-suicide\" target=\"_blank\" rel=\"noopener\">Plus d\u2019informations ici.<\/a><\/p>\n<p class=\" wall-content\">Personnalisez votre actualit\u00e9 en ajoutant vos villes et m\u00e9dias en favori avec <a href=\"https:\/\/moncompte.actu.fr\" title=\"D\u00e9couvez Mon Actu\" rel=\"nofollow noopener\" data-trk=\"{&quot;cta&quot;:{&quot;action&quot;:&quot;https:\\\/\\\/moncompte.actu.fr&quot;,&quot;category&quot;:&quot;mon compte&quot;,&quot;from&quot;:&quot;article footer&quot;,&quot;name&quot;:&quot;Mon actu&quot;,&quot;type&quot;:&quot;cta&quot;}}\" target=\"_blank\">Mon Actu<\/a>.<\/p>\n<p>                    <script async src=\"\/\/www.tiktok.com\/embed.js\"><\/script><\/p>\n","protected":false},"excerpt":{"rendered":"Par Adrien Filoche Publi\u00e9 le 6 janv. 2026 \u00e0 16h57 Il \u00e9tait 14h25 le mardi 6\u00a0janvier 2026 lorsque&hellip;\n","protected":false},"author":2,"featured_media":645545,"comment_status":"","ping_status":"","sticky":false,"template":"","format":"standard","meta":{"footnotes":""},"categories":[9587],"tags":[1111,11,1777,674,118,1011,27,12,5161,1311,25,9590,3941],"class_list":{"0":"post-645544","1":"post","2":"type-post","3":"status-publish","4":"format-standard","5":"has-post-thumbnail","7":"category-rouen","8":"tag-actu","9":"tag-actualites","10":"tag-eu","11":"tag-europe","12":"tag-faits-divers","13":"tag-fr","14":"tag-france","15":"tag-news","16":"tag-normandie","17":"tag-pompiers","18":"tag-republique-francaise","19":"tag-rouen","20":"tag-sud-3-rouen"},"share_on_mastodon":{"url":"https:\/\/pubeurope.com\/@fr\/115850069052602588","error":""},"_links":{"self":[{"href":"https:\/\/www.europesays.com\/fr\/wp-json\/wp\/v2\/posts\/645544","targetHints":{"allow":["GET"]}}],"collection":[{"href":"https:\/\/www.europesays.com\/fr\/wp-json\/wp\/v2\/posts"}],"about":[{"href":"https:\/\/www.europesays.com\/fr\/wp-json\/wp\/v2\/types\/post"}],"author":[{"embeddable":true,"href":"https:\/\/www.europesays.com\/fr\/wp-json\/wp\/v2\/users\/2"}],"replies":[{"embeddable":true,"href":"https:\/\/www.europesays.com\/fr\/wp-json\/wp\/v2\/comments?post=645544"}],"version-history":[{"count":0,"href":"https:\/\/www.europesays.com\/fr\/wp-json\/wp\/v2\/posts\/645544\/revisions"}],"wp:featuredmedia":[{"embeddable":true,"href":"https:\/\/www.europesays.com\/fr\/wp-json\/wp\/v2\/media\/645545"}],"wp:attachment":[{"href":"https:\/\/www.europesays.com\/fr\/wp-json\/wp\/v2\/media?parent=645544"}],"wp:term":[{"taxonomy":"category","embeddable":true,"href":"https:\/\/www.europesays.com\/fr\/wp-json\/wp\/v2\/categories?post=645544"},{"taxonomy":"post_tag","embeddable":true,"href":"https:\/\/www.europesays.com\/fr\/wp-json\/wp\/v2\/tags?post=645544"}],"curies":[{"name":"wp","href":"https:\/\/api.w.org\/{rel}","templated":true}]}}