{"id":645550,"date":"2026-01-06T20:37:27","date_gmt":"2026-01-06T20:37:27","guid":{"rendered":"https:\/\/www.europesays.com\/fr\/645550\/"},"modified":"2026-01-06T20:37:27","modified_gmt":"2026-01-06T20:37:27","slug":"hockey-sur-glace-ligue-magnus-plus-dun-mois-apres-la-bagarre-generale-contre-grenoble-le-gardien-dangers-va-rejouer","status":"publish","type":"post","link":"https:\/\/www.europesays.com\/fr\/645550\/","title":{"rendered":"Hockey sur glace &#8211; Ligue Magnus. Plus d&rsquo;un mois apr\u00e8s la bagarre g\u00e9n\u00e9rale contre Grenoble, le gardien d&rsquo;Angers va rejouer"},"content":{"rendered":"<p>Le 30 novembre 2025, la rencontre de Ligue Magnus opposant les Br\u00fbleurs de loups de Grenoble aux Ducs d&rsquo;Angers \u00e0 la patinoire Polesud d\u00e9g\u00e9n\u00e9rait. Une bagarre g\u00e9n\u00e9rale \u00e9clatait, avec au coeur des \u00e9chauffour\u00e9es le d\u00e9fenseur grenoblois Pierre Crinon (<a href=\"https:\/\/www.ledauphine.com\/sport\/2025\/12\/07\/bagarres-durant-grenoble-angers-pierre-crinon-et-valentin-grossetete-convoques-par-la-ffhg-leur-avenir-en-selection-remis-en-cause\" target=\"_blank\" rel=\"noopener\">suspendu 7 matches<\/a>) et le gardien angevin Matt O&rsquo;Connor. Ce dernier ayant ensuite d\u00e9pos\u00e9 une plainte \u00e0 l&rsquo;encontre de Pierre Crinon, <a href=\"https:\/\/www.ledauphine.com\/sport\/2026\/01\/05\/incidents-pendant-le-match-grenoble-angers-le-parquet-classe-sans-suite-la-plainte-contre-le-defenseur-des-bdl-pierre-crinon\" target=\"_blank\" rel=\"noopener\">class\u00e9e sans suite ce lundi<\/a>.<\/p>\n<p>Sorti de glace suite \u00e0 cet incident, Matt O&rsquo;Connor n&rsquo;\u00e9tait plus apparu depuis sur une feuille de match, la faute \u00e0 la commotion c\u00e9r\u00e9brale subie. Selon les informations du <a href=\"https:\/\/www.ouest-france.fr\/sport\/hockey-sur-glace\/ducs-angers\/hockey-sur-glace-ligue-magnus-onno-et-oconnor-bons-pour-le-service-avec-les-ducs-dangers-7e84398a-ea61-11f0-9b78-7c77e15311d5\" target=\"_blank\" rel=\"noopener\">Courrier de l&rsquo;Ouest<\/a>, le gardien canadien devrait reprendre son poste ce vendredi 9 janvier \u00e0 l&rsquo;occasion de la r\u00e9ception de Chamonix (20h30 \u00e0 l&rsquo;IceParc).<\/p>\n<p>L&rsquo;\u00e9quipe d&rsquo;Angers retrouvera, par la m\u00eame occasion, un autre joueur. Victime d&rsquo;une rupture des ligaments crois\u00e9s au genou le 26 janvier 2025, le d\u00e9fenseur is\u00e9rois Lucien Onno va retrouver la comp\u00e9tition.<\/p>\n","protected":false},"excerpt":{"rendered":"Le 30 novembre 2025, la rencontre de Ligue Magnus opposant les Br\u00fbleurs de loups de Grenoble aux Ducs&hellip;\n","protected":false},"author":2,"featured_media":645551,"comment_status":"","ping_status":"","sticky":false,"template":"","format":"standard","meta":{"footnotes":""},"categories":[9566],"tags":[1111,11,2430,112,1777,674,1701,1011,27,2731,2732,4133,10145,108,10146,12,25,517,1947],"class_list":{"0":"post-645550","1":"post","2":"type-post","3":"status-publish","4":"format-standard","5":"has-post-thumbnail","7":"category-grenoble","8":"tag-actu","9":"tag-actualites","10":"tag-auvergne-rhone-alpes","11":"tag-edition-grenoble-agglomeration","12":"tag-eu","13":"tag-europe","14":"tag-fil-info-sport","15":"tag-fr","16":"tag-france","17":"tag-grenoble","18":"tag-grenoble-bassin","19":"tag-hockey-sur-glace","20":"tag-hockey-sur-glace-grenoble","21":"tag-isere","22":"tag-ligue-magnus-hockey-sur-glace","23":"tag-news","24":"tag-republique-francaise","25":"tag-sport","26":"tag-sport-national"},"share_on_mastodon":{"url":"https:\/\/pubeurope.com\/@fr\/115850080629517886","error":""},"_links":{"self":[{"href":"https:\/\/www.europesays.com\/fr\/wp-json\/wp\/v2\/posts\/645550","targetHints":{"allow":["GET"]}}],"collection":[{"href":"https:\/\/www.europesays.com\/fr\/wp-json\/wp\/v2\/posts"}],"about":[{"href":"https:\/\/www.europesays.com\/fr\/wp-json\/wp\/v2\/types\/post"}],"author":[{"embeddable":true,"href":"https:\/\/www.europesays.com\/fr\/wp-json\/wp\/v2\/users\/2"}],"replies":[{"embeddable":true,"href":"https:\/\/www.europesays.com\/fr\/wp-json\/wp\/v2\/comments?post=645550"}],"version-history":[{"count":0,"href":"https:\/\/www.europesays.com\/fr\/wp-json\/wp\/v2\/posts\/645550\/revisions"}],"wp:featuredmedia":[{"embeddable":true,"href":"https:\/\/www.europesays.com\/fr\/wp-json\/wp\/v2\/media\/645551"}],"wp:attachment":[{"href":"https:\/\/www.europesays.com\/fr\/wp-json\/wp\/v2\/media?parent=645550"}],"wp:term":[{"taxonomy":"category","embeddable":true,"href":"https:\/\/www.europesays.com\/fr\/wp-json\/wp\/v2\/categories?post=645550"},{"taxonomy":"post_tag","embeddable":true,"href":"https:\/\/www.europesays.com\/fr\/wp-json\/wp\/v2\/tags?post=645550"}],"curies":[{"name":"wp","href":"https:\/\/api.w.org\/{rel}","templated":true}]}}