{"id":645570,"date":"2026-01-06T20:48:15","date_gmt":"2026-01-06T20:48:15","guid":{"rendered":"https:\/\/www.europesays.com\/fr\/645570\/"},"modified":"2026-01-06T20:48:15","modified_gmt":"2026-01-06T20:48:15","slug":"je-suis-le-candidat-du-patrimoine-le-guide-touristique-yves-simone-se-lance-a-bordeaux","status":"publish","type":"post","link":"https:\/\/www.europesays.com\/fr\/645570\/","title":{"rendered":"\u00ab\u00a0Je suis le candidat du patrimoine\u00a0\u00bb : le guide touristique Yves Simone se lance \u00e0 Bordeaux"},"content":{"rendered":"<p class=\"wp-block-post-excerpt__excerpt\">[INFO RUE89 BORDEAUX] Yves Simone annonce sa candidature aux municipales de 2026 \u00e0 Bordeaux. Avec un programme largement reconduit et enrichi, il entend peser dans le d\u00e9bat public en imposant ses id\u00e9es sur le patrimoine, le tourisme et l\u2019espace public, quitte \u00e0 bousculer les consensus locaux. <\/p>\n<p><a href=\"https:\/\/rue89bordeaux.com\/category\/actualite\/\" rel=\"tag noopener\" target=\"_blank\">Actualit\u00e9<\/a>, <a href=\"https:\/\/rue89bordeaux.com\/category\/kiosque-abonne\/\" rel=\"tag noopener\" target=\"_blank\">\u00c9dition abonn\u00e9s<\/a><\/p>\n<p>Walid Salem<\/p>\n<p>Publi\u00e9 le 6 janvier 2026\u00a0\u00a0\u00b7\u00a0\u00a0<\/p>\n<p>Imprim\u00e9 le 6 janvier 2026 \u00e0 21h48\u00a0\u00a0\u00b7\u00a0\u00a0<\/p>\n<p>\t\t\t\t\t5\u00a0minutes\n<\/p>\n<p>Jamais deux sans trois ! Guide touristique \u00e0 Bordeaux depuis 1980, Yves Simone, repart \u00e0 l\u2019assaut du Palais Rohan apr\u00e8s deux candidatures <a href=\"https:\/\/rue89bordeaux.com\/2014\/03\/yves-simone-sanctuariser-centre-ville\/\" target=\"_blank\" rel=\"noopener\">en 2014 <\/a>(2,75% au premier tour) <a href=\"https:\/\/rue89bordeaux.com\/2020\/03\/mais-qui-sont-ces-5-candidats-aux-municipales-qui-se-sentent-delaisses-a-bordeaux\/\" target=\"_blank\" rel=\"noopener\">et 2020<\/a> (1%).<\/p>\n<blockquote class=\"wp-block-quote is-layout-flow wp-block-quote-is-layout-flow\">\n<p>\u00ab\u00a0Je suis le candidat du Patrimoine ! [\u2026] Je suis le plus ancien candidat \u00e0 travailler par et pour la ville\u00a0(pour pas cher ;-). J\u2019ai le meilleur bilan carbone (4 voyages en avions pour toute ma vie).\u00a0Je suis le\u00a0plus faible \u00e9conomiquement, le moins fortun\u00e9. Le candidat n\u00e9cessaire ; le fou du roi ou du futur maire. Mon programme est un catalogue d\u2019id\u00e9es que je propose et soumets \u00e0 tous\u2026 et toutes\u00a0\u00bb, \u00e9crit-il dans sa profession de foi.<\/p>\n<\/blockquote>\n<p>Dans <a href=\"https:\/\/happyserveur.com\/simone2026\/\" target=\"_blank\" rel=\"noreferrer noopener\">son programme<\/a>, on trouve soixante id\u00e9es d\u00e9j\u00e0 propos\u00e9es en 2020. Cinq projets \u00ab\u00a0mal compris\u00a0\u00bb sont mis en avant avec des illustrations, comme par exemple la transformation du front de Garonne.<\/p>\n<p>\t\tUn projet \u00ab\u00a0pharaonique\u00a0\u00bb<\/p>\n<p>Inspir\u00e9 d\u2019id\u00e9es formul\u00e9es d\u00e8s les ann\u00e9es 1950, Yves Simone imagine l\u2019enfouissement de la circulation automobile dans un tunnel allant de la place de la Bourse aux entrep\u00f4ts Lain\u00e9, afin de relier de mani\u00e8re continue plusieurs grandes places au fleuve.<\/p>\n<p>Ce projet \u00ab\u00a0\u00e0 la rubrique des maires b\u00e2tisseurs\u00a0\u00bb, qu\u2019il qualifie lui-m\u00eame de \u00ab\u00a0pharaonique\u00a0\u00bb, demande cependant \u00e0 \u00eatre \u00e9tudi\u00e9 et chiffr\u00e9. Conscient de son co\u00fbt et de sa complexit\u00e9, le candidat l\u2019estime \u00e0 la hauteur du statut patrimonial de Bordeaux.<\/p>\n<p><img loading=\"lazy\" decoding=\"async\" width=\"480\" height=\"480\" src=\"https:\/\/www.europesays.com\/fr\/wp-content\/uploads\/2025\/04\/23-paywall.png\" alt=\"Abonnez-vous\" class=\"wp-image-128439\" style=\"aspect-ratio:1;width:210px;height:auto\"  \/><\/p>\n<p>Cet article fait partie de l\u2019\u00e9dition abonn\u00e9s. Pour lire la suite, profitez d\u2019une offre d\u00e9couverte \u00e0 1\u20ac.<\/p>\n<p class=\"has-gray-700-color has-text-color has-medium-font-size\">Contribuez \u00e0 consolider un m\u00e9dia ind\u00e9pendant \u00e0 Bordeaux, en capacit\u00e9 d\u2019enqu\u00eater sur les enjeux locaux.<\/p>\n<p>\t\t\t<a href=\"https:\/\/rue89bordeaux.com\/\" class=\"custom-logo-link\" rel=\"home noopener\" target=\"_blank\"><img loading=\"lazy\" decoding=\"async\" width=\"290\" height=\"49\" src=\"https:\/\/www.europesays.com\/fr\/wp-content\/uploads\/2025\/04\/logo.png\" class=\"custom-logo\" alt=\"Rue89Bordeaux Enqu\u00eates et informations de proximit\u00e9\"  \/><\/a><\/p>\n<p>\n\t\t\t\tAbonnez-vous maintenant pour suivre l\u2019actualit\u00e9 locale.\t\t\t<\/p>\n<p class=\"font-bold font-serif-heading mb-2 text-4xl\">\n\t\t\t\t\t\tL\u2019investigation locale \u00e0 port\u00e9e de main.\n\t\t\t\t\t<\/p>\n<p>\n\t\t\t\t\t\tAbonnez-vous et profitez d\u2019un acc\u00e8s illimit\u00e9 \u00e0 Rue89Bordeaux. Annulez quand vous voulez.\n\t\t\t\t\t<\/p>\n<p class=\"xl:text-sm\">\n\t\t\t\t\tD\u00e9j\u00e0 abonn\u00e9\u00a0?<br \/>\n\t\t\t\t\t<a class=\"border border-transparent text-center transition-colors duration-instant focus:border-info focus:rounded focus:shadow-focus cursor-pointer text-black hover:text-gray-700 active:bg-black-700 font-semibold inline-block\" href=\"https:\/\/rue89bordeaux.com\/user\/login\/?redirect=\/2026\/01\/je-suis-le-candidat-du-patrimoine-le-guide-touristique-yves-simone-se-lance-a-bordeaux\/\" target=\"_blank\" rel=\"noopener\">Connectez-vous<\/a>\t\t\t\t<\/p>\n<p>\n\t\t\t\tChoisissez votre formule\u00a0:\n\t\t\t<\/p>\n<p>\t\t\t\tFermer<\/p>\n","protected":false},"excerpt":{"rendered":"[INFO RUE89 BORDEAUX] Yves Simone annonce sa candidature aux municipales de 2026 \u00e0 Bordeaux. Avec un programme largement&hellip;\n","protected":false},"author":2,"featured_media":645571,"comment_status":"","ping_status":"","sticky":false,"template":"","format":"standard","meta":{"footnotes":""},"categories":[2817],"tags":[1111,11,1997,1777,674,1011,27,3434,12,2219,25,75152],"class_list":{"0":"post-645570","1":"post","2":"type-post","3":"status-publish","4":"format-standard","5":"has-post-thumbnail","7":"category-bordeaux","8":"tag-actu","9":"tag-actualites","10":"tag-bordeaux","11":"tag-eu","12":"tag-europe","13":"tag-fr","14":"tag-france","15":"tag-municipales-2026","16":"tag-news","17":"tag-nouvelle-aquitaine","18":"tag-republique-francaise","19":"tag-yves-simone"},"share_on_mastodon":{"url":"https:\/\/pubeurope.com\/@fr\/115850123975426128","error":""},"_links":{"self":[{"href":"https:\/\/www.europesays.com\/fr\/wp-json\/wp\/v2\/posts\/645570","targetHints":{"allow":["GET"]}}],"collection":[{"href":"https:\/\/www.europesays.com\/fr\/wp-json\/wp\/v2\/posts"}],"about":[{"href":"https:\/\/www.europesays.com\/fr\/wp-json\/wp\/v2\/types\/post"}],"author":[{"embeddable":true,"href":"https:\/\/www.europesays.com\/fr\/wp-json\/wp\/v2\/users\/2"}],"replies":[{"embeddable":true,"href":"https:\/\/www.europesays.com\/fr\/wp-json\/wp\/v2\/comments?post=645570"}],"version-history":[{"count":0,"href":"https:\/\/www.europesays.com\/fr\/wp-json\/wp\/v2\/posts\/645570\/revisions"}],"wp:featuredmedia":[{"embeddable":true,"href":"https:\/\/www.europesays.com\/fr\/wp-json\/wp\/v2\/media\/645571"}],"wp:attachment":[{"href":"https:\/\/www.europesays.com\/fr\/wp-json\/wp\/v2\/media?parent=645570"}],"wp:term":[{"taxonomy":"category","embeddable":true,"href":"https:\/\/www.europesays.com\/fr\/wp-json\/wp\/v2\/categories?post=645570"},{"taxonomy":"post_tag","embeddable":true,"href":"https:\/\/www.europesays.com\/fr\/wp-json\/wp\/v2\/tags?post=645570"}],"curies":[{"name":"wp","href":"https:\/\/api.w.org\/{rel}","templated":true}]}}