{"id":645578,"date":"2026-01-06T20:53:11","date_gmt":"2026-01-06T20:53:11","guid":{"rendered":"https:\/\/www.europesays.com\/fr\/645578\/"},"modified":"2026-01-06T20:53:11","modified_gmt":"2026-01-06T20:53:11","slug":"un-homme-de-23-ans-en-detention-provisoire","status":"publish","type":"post","link":"https:\/\/www.europesays.com\/fr\/645578\/","title":{"rendered":"un homme de 23 ans en d\u00e9tention provisoire"},"content":{"rendered":"<p>L\u2019enqu\u00eate ouverte apr\u00e8s l\u2019assassinat d\u2019<a href=\"https:\/\/www.laprovence.com\/article\/faits-divers-justice\/2176467447071715\/un-corps-retrouve-dans-le-coffre-dune-voiture-incendiee-a-marseille\" target=\"_blank\" rel=\"noopener\">un homme d\u00e9couvert carbonis\u00e9 dans le coffre d\u2019une voiture au soir du 1er\u00a0janvier<\/a> dernier dans le 14e arrondissement de Marseille, vient de conna\u00eetre des avanc\u00e9es significatives. Un homme de 23\u00a0ans soup\u00e7onn\u00e9 d\u2019avoir activement particip\u00e9 \u00e0 l\u2019ex\u00e9cution de la victime, a \u00e9t\u00e9 plac\u00e9 en d\u00e9tention provisoire.<\/p>\n<p>Alert\u00e9s par des riverains d\u2019une rue pavillonnaire des Arnavaux inquiets d\u2019avoir entendu une explosion et per\u00e7u la lueur d\u2019un incendie, les marins-pompiers, rapidement rejoints par la police avaient fait une macabre d\u00e9couverte le 1er\u00a0janvier dernier\u00a0: dans le coffre de la voiture calcin\u00e9e, gisait le corps d\u2019un jeune homme, assassin\u00e9 selon la m\u00e9thode dite du \u00ab\u00a0<a href=\"https:\/\/www.laprovence.com\/article\/faits-divers-justice\/4337807138706214\/noel-sanglant-a-marseille-un-homme-assassine-retrouve-dans-le-coffre-d-une-voiture-un-blesse-grave\" target=\"_blank\" rel=\"noopener\">barbecue<\/a>\u00ab\u00a0.<\/p>\n<p>Lors des premi\u00e8res constatations sur la sc\u00e8ne de crime, les techniciens de la police scientifique et les enqu\u00eateurs de la brigade criminelle de la Division de la criminalit\u00e9 organis\u00e9e et sp\u00e9cialis\u00e9e (DCOS) avaient \u00e9tabli que le jeune homme avait les mains attach\u00e9es et portait la trace d\u2019au moins un impact de balle au niveau de la t\u00eate, laissant pr\u00e9sumer que la victime avait \u00e9t\u00e9 ligot\u00e9e et ex\u00e9cut\u00e9e avant que son corps ne soit br\u00fbl\u00e9 dans la Peugeot, un mod\u00e8le 3008, comme souvent, vol\u00e9 et muni de fausses plaques d\u2019immatriculation.<\/p>\n<p>La victime \u00e9tait un jeune de F\u00e9lix Pyat<\/p>\n<p>Tr\u00e8s vite, les investigations men\u00e9es par la <a href=\"https:\/\/www.laprovence.com\/article\/faits-divers-justice\/1108875031668815\/un-homme-abattu-a-la-kalachnikov-dans-le-14e-arrondissement-de-marseille-un-autre-blesse\" target=\"_blank\" rel=\"noopener\">DCOS<\/a> ont r\u00e9v\u00e9l\u00e9 que ce v\u00e9hicule avait \u00e9t\u00e9 vol\u00e9 le 29\u00a0d\u00e9cembre \u00e0 Marseille et \u00e9tait muni de fausses plaques d\u2019immatriculation. La nuit m\u00eame, les enqu\u00eateurs interpellaient un individu \u00e2g\u00e9 de 23\u00a0ans, intercept\u00e9 au volant d\u2019un C4 de couleur Bordeaux correspondant en tous points \u00e0 la description d\u2019un v\u00e9hicule vu un peu plus t\u00f4t aux Arnavaux.<\/p>\n<p>Tandis qu\u2019il \u00e9tait plac\u00e9 en garde \u00e0 vue, l\u2019autopsie de la victime est venue confirmer les pires craintes des proches d\u2019un adolescent qui ne l\u2019avait pas vu revenir au domicile familial de <a href=\"https:\/\/www.laprovence.com\/article\/faits-divers-justice\/3296114710181515\/marseille-un-dealer-torture-au-chalumeau-a-la-cite-felix-pyat-le-proces-souvre-ce-vendredi\" target=\"_blank\" rel=\"noopener\">F\u00e9lix Pyat<\/a> (3e) le 1er\u00a0janvier au soir. Outre que le d\u00e9c\u00e8s est bien d\u00fb \u00e0 des tirs au niveau du cr\u00e2ne, l\u2019identification ADN a confirm\u00e9 qu\u2019il s\u2019agissait bien du jeune gar\u00e7on de 17\u00a0ans, dont les parents venaient de signaler la disparition.<\/p>\n<p>Assassinat en bande organis\u00e9e<\/p>\n<p>Lundi 5\u00a0janvier dernier, \u00e0 l\u2019issue de 4 jours de garde \u00e0 vue, durant lesquels les enqu\u00eateurs ont proc\u00e9d\u00e9 \u00e0 de minutieuses investigations, exploitations t\u00e9l\u00e9phoniques et analyses des cam\u00e9ras de vid\u00e9oprotection de la ville, <a href=\"https:\/\/www.laprovence.com\/article\/faits-divers-justice\/1045048667141414\/avoir-des-gens-qui-nous-trahissent-ca-nous-fragilise-le-parquet-de-marseille-lance-une-cellule-anticorruption\" target=\"_blank\" rel=\"noopener\">le parquet de Marseille<\/a> a ouvert une information judiciaire des chefs d\u2019assassinat en bande organis\u00e9e, association de malfaiteurs en vue de la commission d\u2019un crime en bande organis\u00e9e, recel de vol en bande organis\u00e9e et destruction de bien par moyen dangereux en bande organis\u00e9e.<\/p>\n<p>L\u2019individu de 23\u00a0ans a \u00e9t\u00e9 mis en examen de ces chefs et plac\u00e9 en d\u00e9tention provisoire.<\/p>\n","protected":false},"excerpt":{"rendered":"L\u2019enqu\u00eate ouverte apr\u00e8s l\u2019assassinat d\u2019un homme d\u00e9couvert carbonis\u00e9 dans le coffre d\u2019une voiture au soir du 1er\u00a0janvier dernier&hellip;\n","protected":false},"author":2,"featured_media":645579,"comment_status":"","ping_status":"","sticky":false,"template":"","format":"standard","meta":{"footnotes":""},"categories":[2814],"tags":[5734,1111,11,6744,27588,41130,75154,1777,674,274,1011,27,884,35412,12,882,25,15298],"class_list":{"0":"post-645578","1":"post","2":"type-post","3":"status-publish","4":"format-standard","5":"has-post-thumbnail","7":"category-marseille","8":"tag-5734","9":"tag-actu","10":"tag-actualites","11":"tag-assassinat","12":"tag-barbecue","13":"tag-commis","14":"tag-dite","15":"tag-eu","16":"tag-europe","17":"tag-faits-divers-justice","18":"tag-fr","19":"tag-france","20":"tag-marseille","21":"tag-methode","22":"tag-news","23":"tag-provence-alpes-cote-dazur","24":"tag-republique-francaise","25":"tag-selon"},"share_on_mastodon":{"url":"https:\/\/pubeurope.com\/@fr\/115850143581654249","error":""},"_links":{"self":[{"href":"https:\/\/www.europesays.com\/fr\/wp-json\/wp\/v2\/posts\/645578","targetHints":{"allow":["GET"]}}],"collection":[{"href":"https:\/\/www.europesays.com\/fr\/wp-json\/wp\/v2\/posts"}],"about":[{"href":"https:\/\/www.europesays.com\/fr\/wp-json\/wp\/v2\/types\/post"}],"author":[{"embeddable":true,"href":"https:\/\/www.europesays.com\/fr\/wp-json\/wp\/v2\/users\/2"}],"replies":[{"embeddable":true,"href":"https:\/\/www.europesays.com\/fr\/wp-json\/wp\/v2\/comments?post=645578"}],"version-history":[{"count":0,"href":"https:\/\/www.europesays.com\/fr\/wp-json\/wp\/v2\/posts\/645578\/revisions"}],"wp:featuredmedia":[{"embeddable":true,"href":"https:\/\/www.europesays.com\/fr\/wp-json\/wp\/v2\/media\/645579"}],"wp:attachment":[{"href":"https:\/\/www.europesays.com\/fr\/wp-json\/wp\/v2\/media?parent=645578"}],"wp:term":[{"taxonomy":"category","embeddable":true,"href":"https:\/\/www.europesays.com\/fr\/wp-json\/wp\/v2\/categories?post=645578"},{"taxonomy":"post_tag","embeddable":true,"href":"https:\/\/www.europesays.com\/fr\/wp-json\/wp\/v2\/tags?post=645578"}],"curies":[{"name":"wp","href":"https:\/\/api.w.org\/{rel}","templated":true}]}}