{"id":645582,"date":"2026-01-06T20:55:09","date_gmt":"2026-01-06T20:55:09","guid":{"rendered":"https:\/\/www.europesays.com\/fr\/645582\/"},"modified":"2026-01-06T20:55:09","modified_gmt":"2026-01-06T20:55:09","slug":"la-candidate-lfi-propose-une-ceremonie-douverture-des-jo-2030-a-lyon","status":"publish","type":"post","link":"https:\/\/www.europesays.com\/fr\/645582\/","title":{"rendered":"la candidate LFI propose une c\u00e9r\u00e9monie d&rsquo;ouverture des JO 2030 \u00e0 Lyon"},"content":{"rendered":"<p>                    Par<br \/>\n        <strong><br \/>\n            <a href=\"https:\/\/actu.fr\/auteur\/nicolas-zaugra\" title=\"Consulter tous les articles de Nicolas Zaugra\" target=\"_blank\" rel=\"noopener\">Nicolas Zaugra<\/a><br \/>\n                    <\/strong><\/p>\n<p>        Publi\u00e9 le<\/p>\n<p>            6 janv. 2026 \u00e0 20h14        <\/p>\n<p>La candidate LFI aux municipales 2026 \u00e0 Lyon continue sa campagne et acc\u00e9l\u00e8re d\u00e9but janvier. La d\u00e9put\u00e9e <a href=\"https:\/\/actu.fr\/auvergne-rhone-alpes\/lyon_69123\/municipales-2026-a-lyon-anai-s-belouassa-cherifi-lfi-defend-une-gratuite-totale-des-tcl_63440717.html\" target=\"_blank\" rel=\"noopener\">Anai\u0308s Belouassa Cherifi<\/a> concurrente de <a href=\"https:\/\/actu.fr\/auvergne-rhone-alpes\/lyon_69123\/lyon-fin-des-travaux-securite-gregory-doucet-presente-ses-derniers-voeux-aux-habitants_63655425.html\" target=\"_blank\" rel=\"noopener\">Gr\u00e9gory Doucet<\/a>, <a href=\"https:\/\/actu.fr\/auvergne-rhone-alpes\/lyon_69123\/lyon-municipales-cout-utilite-peage-le-projet-de-mega-tunnel-d-aulas-pose-question_63658235.html\" target=\"_blank\" rel=\"noopener\">Jean-Michel Aulas<\/a> ou encore <a href=\"https:\/\/actu.fr\/auvergne-rhone-alpes\/lyon_69123\/municipales-2026-a-lyon-alexandre-dupalais-udr-rn-propose-la-gratuite-du-stationnement_63216429.html\" target=\"_blank\" rel=\"noopener\">Alexandre Dupalais<\/a> a d\u00e9taill\u00e9 certaines de ses mesures ce mardi soir lors d\u2019une \u00e9mission diffus\u00e9e par nos confr\u00e8res de BFM Lyon.\u00a0<\/p>\n<p>Une c\u00e9r\u00e9monie d\u2019ouverture au stade de Gerland<\/p>\n<p class=\" wall-content\">Parmi les nouvelles annonces, l\u2019\u00e9lue de 30 ans a annonc\u00e9 qu\u2019elle est favorable \u00e0 <strong>l\u2019organisation de la c\u00e9r\u00e9monie d\u2019ouverture des JO d\u2019hiver 2030 \u00e0 Lyon<\/strong>. Pas au Groupama Stadium, o\u00f9 joue l\u2019OL, qui est r\u00e9guli\u00e8rement cit\u00e9. Mais au stade de Gerland dans le 7e arrondissement, ancien chaudron de l\u2019Olympique lyonnais. \u00ab\u00a0Si les JO d\u2019hiver 2030 doivent se tenir, je souhaite que l\u2019on accueille la c\u00e9r\u00e9monie d\u2019ouverture \u00e0 Lyon, et \u00e0 Lyon-m\u00eame, sur le site de Gerland. C\u2019est la meilleure option du COJOP d\u2019un point de vue \u00e9conomique et \u00e9cologique\u00a0\u00bb, a-t-elle dit.\u00a0<\/p>\n<p class=\" wall-content\">Le comit\u00e9 d\u2019organisation olympique install\u00e9 \u00e0 D\u00e9cines \u00e0 c\u00f4t\u00e9 du stade de l\u2019OL n\u2019a pour l\u2019instant pas d\u00e9cid\u00e9 du lieu de la c\u00e9r\u00e9monie d\u2019ouverture tandis que la <a href=\"https:\/\/actu.fr\/auvergne-rhone-alpes\/lyon_69123\/lyon-concerts-projets-concurrence-famille-les-verites-d-alexandre-aulas-patron-de-la-ldlc-arena_63292858.html\" target=\"_blank\" rel=\"noopener\">LDLC Arena<\/a>, propri\u00e9taire de la holding familiale de Jean-Michel Aulas, candidat \u00e0 la mairie, se verrait bien jouer un r\u00f4le.<\/p>\n<p>Une fan zone \u00e0 la Halle Tony Garnier<\/p>\n<p class=\" wall-content\">Pour elle pas question d\u2019une c\u00e9r\u00e9monie au Groupama, stade port\u00e9 par Jean-Michel Aulas alors pr\u00e9sident de l\u2019OL.\u00a0<\/p>\n<p class=\" wall-content\">\u00ab\u00a0Nous en ferons un grand \u00e9v\u00e9nement populaire accessible au plus grand nombre, gr\u00e2ce \u00e0 la Halle Tony Garnier, au Parc de Gerland, la plaine des jeux\u2026 et nous surveillerons de pr\u00e8s les magouilles et les conflits d\u2019int\u00e9r\u00eats de la droite en cours sur les march\u00e9s publics de ces JO\u00a0\u00bb, a-t-elle dit en citant nomm\u00e9ment Jean-Michel Aulas et Christian Estrosi, maire de Nice, lors de l\u2019\u00e9mission. La ville du sud de la France accueillera aussi des \u00e9preuves et la c\u00e9r\u00e9monie de cl\u00f4ture.\u00a0<\/p>\n<p class=\" wall-content\">A la Halle Tony Garnier, la candidate LFI y verrait bien <strong>l\u2019organisation d\u2019une fan zone pour suivre la c\u00e9r\u00e9monie et les \u00e9preuves<\/strong>.\u00a0<\/p>\n<p class=\" wall-content\">Le Groupama Stadium a en tout cas des atouts par rapport \u00e0 Gerland notamment le nombre de places : l\u2019enceinte de D\u00e9cines peut accueillir pr\u00e8s de 60 000 spectateurs contre 35 000 pour Gerland, stade municipal exploit\u00e9 par le g\u00e9ant de l\u2019\u00e9v\u00e9nementiel GL Events.<\/p>\n<p class=\" wall-content\">Personnalisez votre actualit\u00e9 en ajoutant vos villes et m\u00e9dias en favori avec <a href=\"https:\/\/moncompte.actu.fr\" title=\"D\u00e9couvez Mon Actu\" rel=\"nofollow noopener\" data-trk=\"{&quot;cta&quot;:{&quot;action&quot;:&quot;https:\\\/\\\/moncompte.actu.fr&quot;,&quot;category&quot;:&quot;mon compte&quot;,&quot;from&quot;:&quot;article footer&quot;,&quot;name&quot;:&quot;Mon actu&quot;,&quot;type&quot;:&quot;cta&quot;}}\" target=\"_blank\">Mon Actu<\/a>.<\/p>\n","protected":false},"excerpt":{"rendered":"Par Nicolas Zaugra Publi\u00e9 le 6 janv. 2026 \u00e0 20h14 La candidate LFI aux municipales 2026 \u00e0 Lyon&hellip;\n","protected":false},"author":2,"featured_media":537623,"comment_status":"","ping_status":"","sticky":false,"template":"","format":"standard","meta":{"footnotes":""},"categories":[1889],"tags":[1111,11,2430,4188,1777,674,1011,27,5303,1023,2428,3434,12,316,25],"class_list":{"0":"post-645582","1":"post","2":"type-post","3":"status-publish","4":"format-standard","5":"has-post-thumbnail","7":"category-lyon","8":"tag-actu","9":"tag-actualites","10":"tag-auvergne-rhone-alpes","11":"tag-elections-municipales","12":"tag-eu","13":"tag-europe","14":"tag-fr","15":"tag-france","16":"tag-gerland","17":"tag-la-france-insoumise-lfi","18":"tag-lyon","19":"tag-municipales-2026","20":"tag-news","21":"tag-politique","22":"tag-republique-francaise"},"share_on_mastodon":{"url":"https:\/\/pubeurope.com\/@fr\/115850151517998158","error":""},"_links":{"self":[{"href":"https:\/\/www.europesays.com\/fr\/wp-json\/wp\/v2\/posts\/645582","targetHints":{"allow":["GET"]}}],"collection":[{"href":"https:\/\/www.europesays.com\/fr\/wp-json\/wp\/v2\/posts"}],"about":[{"href":"https:\/\/www.europesays.com\/fr\/wp-json\/wp\/v2\/types\/post"}],"author":[{"embeddable":true,"href":"https:\/\/www.europesays.com\/fr\/wp-json\/wp\/v2\/users\/2"}],"replies":[{"embeddable":true,"href":"https:\/\/www.europesays.com\/fr\/wp-json\/wp\/v2\/comments?post=645582"}],"version-history":[{"count":0,"href":"https:\/\/www.europesays.com\/fr\/wp-json\/wp\/v2\/posts\/645582\/revisions"}],"wp:featuredmedia":[{"embeddable":true,"href":"https:\/\/www.europesays.com\/fr\/wp-json\/wp\/v2\/media\/537623"}],"wp:attachment":[{"href":"https:\/\/www.europesays.com\/fr\/wp-json\/wp\/v2\/media?parent=645582"}],"wp:term":[{"taxonomy":"category","embeddable":true,"href":"https:\/\/www.europesays.com\/fr\/wp-json\/wp\/v2\/categories?post=645582"},{"taxonomy":"post_tag","embeddable":true,"href":"https:\/\/www.europesays.com\/fr\/wp-json\/wp\/v2\/tags?post=645582"}],"curies":[{"name":"wp","href":"https:\/\/api.w.org\/{rel}","templated":true}]}}