{"id":645583,"date":"2026-01-06T20:56:09","date_gmt":"2026-01-06T20:56:09","guid":{"rendered":"https:\/\/www.europesays.com\/fr\/645583\/"},"modified":"2026-01-06T20:56:09","modified_gmt":"2026-01-06T20:56:09","slug":"la-candidate-lfi-anais-belouassa-cherifi-veut-une-ceremonie-des-jo-2030-a-gerland","status":"publish","type":"post","link":"https:\/\/www.europesays.com\/fr\/645583\/","title":{"rendered":"la candidate LFI Ana\u00efs Belouassa Ch\u00e9rifi veut une c\u00e9r\u00e9monie des JO 2030 \u00e0 Gerland"},"content":{"rendered":"<p>Invit\u00e9e de l&rsquo;\u00e9mission \u00ab\u00a0En campagne\u00a0\u00bb sur BFM LYON, la candidate LFI \u00e0 Lyon a annonc\u00e9 vouloir une c\u00e9r\u00e9monie d&rsquo;ouverture des JO 2030 \u00e0 Lyon au Parc Gerland et une fan zone \u00e0 la Hall Tony Garnier.<\/p>\n<p>Ana\u00efs <a href=\"https:\/\/www.bfmtv.com\/lyon\/la-deputee-lfi-anais-belouassa-cherifi-lance-sa-campagne-pour-les-municipales-de-lyon_AV-202511061020.html\" title=\"La d\u00e9put\u00e9e LFI Ana\u00efs Belouassa Cherifi lance sa campagne pour les municipales de Lyon\" class=\"internal_link\" target=\"_blank\" rel=\"noopener\">Belouassa Cherifi<\/a> s&rsquo;est postionn\u00e9e sur les JO 2030 dans les Alpes fran\u00e7aises. Pour la candidate LFI, \u00ab\u00a0Lyon est l&rsquo;une des villes qui accueille le plus de grands \u00e9v\u00e9nements, il est donc tout \u00e0 fait logique que Lyon soit au coeur de cet \u00e9v\u00e9nement historique\u00a0\u00bb.<\/p>\n<p>Elle propose donc que Lyon accueille la c\u00e9r\u00e9monie d&rsquo;ouverture des JO 2030 \u00e0 Gerland \u00ab\u00a0pour faire en sorte que ce soit une f\u00eate populaire\u00a0\u00bb.<\/p>\n<blockquote class=\"embed embed_quote\"><p>\u00ab\u00a0Lyon dispose de toutes les infrastructures ferroviaires et sportives\u00a0\u00bb. Pour Ana\u00efs Belouassa Cherifi, \u00ab\u00a0Lyon est la Portes des Alpes, la ville qui a cr\u00e9e des champions olympiques comme Gwendal Peizerat\u00a0\u00bb.\u00a0<\/p><\/blockquote>\n<p>Une fan zone \u00e0 la Hall Tony Garnier<\/p>\n<p>Organiser la c\u00e9r\u00e9monie d&rsquo;ouverture des JO 2030 \u00e0 Gerland est donc une \u00e9vidence pour la d\u00e9put\u00e9e de la 1\u00e8re circo du Rh\u00f4ne. \u00ab\u00a0C&rsquo;est une p\u00e9pite\u00a0\u00bb \u00e0 proximit\u00e9 du Palais des Sports, et de la Hall Tony Garnier que la candidate imagine bien en \u00ab\u00a0Fan zone\u00a0\u00bb: \u00ab\u00a0Les petits Lyonnais et Lyonnaises pourraient ainsi d\u00e9couvrir des sports auquels ils n&rsquo;ont pas forc\u00e9ment acc\u00e8s\u00a0\u00bb.<\/p>\n","protected":false},"excerpt":{"rendered":"Invit\u00e9e de l&rsquo;\u00e9mission \u00ab\u00a0En campagne\u00a0\u00bb sur BFM LYON, la candidate LFI \u00e0 Lyon a annonc\u00e9 vouloir une c\u00e9r\u00e9monie&hellip;\n","protected":false},"author":2,"featured_media":483886,"comment_status":"","ping_status":"","sticky":false,"template":"","format":"standard","meta":{"footnotes":""},"categories":[1889],"tags":[1111,11,2430,1777,674,1011,27,2428,12,25],"class_list":{"0":"post-645583","1":"post","2":"type-post","3":"status-publish","4":"format-standard","5":"has-post-thumbnail","7":"category-lyon","8":"tag-actu","9":"tag-actualites","10":"tag-auvergne-rhone-alpes","11":"tag-eu","12":"tag-europe","13":"tag-fr","14":"tag-france","15":"tag-lyon","16":"tag-news","17":"tag-republique-francaise"},"share_on_mastodon":{"url":"https:\/\/pubeurope.com\/@fr\/115850155327214855","error":""},"_links":{"self":[{"href":"https:\/\/www.europesays.com\/fr\/wp-json\/wp\/v2\/posts\/645583","targetHints":{"allow":["GET"]}}],"collection":[{"href":"https:\/\/www.europesays.com\/fr\/wp-json\/wp\/v2\/posts"}],"about":[{"href":"https:\/\/www.europesays.com\/fr\/wp-json\/wp\/v2\/types\/post"}],"author":[{"embeddable":true,"href":"https:\/\/www.europesays.com\/fr\/wp-json\/wp\/v2\/users\/2"}],"replies":[{"embeddable":true,"href":"https:\/\/www.europesays.com\/fr\/wp-json\/wp\/v2\/comments?post=645583"}],"version-history":[{"count":0,"href":"https:\/\/www.europesays.com\/fr\/wp-json\/wp\/v2\/posts\/645583\/revisions"}],"wp:featuredmedia":[{"embeddable":true,"href":"https:\/\/www.europesays.com\/fr\/wp-json\/wp\/v2\/media\/483886"}],"wp:attachment":[{"href":"https:\/\/www.europesays.com\/fr\/wp-json\/wp\/v2\/media?parent=645583"}],"wp:term":[{"taxonomy":"category","embeddable":true,"href":"https:\/\/www.europesays.com\/fr\/wp-json\/wp\/v2\/categories?post=645583"},{"taxonomy":"post_tag","embeddable":true,"href":"https:\/\/www.europesays.com\/fr\/wp-json\/wp\/v2\/tags?post=645583"}],"curies":[{"name":"wp","href":"https:\/\/api.w.org\/{rel}","templated":true}]}}