{"id":645584,"date":"2026-01-06T20:58:10","date_gmt":"2026-01-06T20:58:10","guid":{"rendered":"https:\/\/www.europesays.com\/fr\/645584\/"},"modified":"2026-01-06T20:58:10","modified_gmt":"2026-01-06T20:58:10","slug":"voici-ou-et-quand-tombera-la-neige-a-paris-et-en-ile-de-france","status":"publish","type":"post","link":"https:\/\/www.europesays.com\/fr\/645584\/","title":{"rendered":"voici o\u00f9 et quand tombera la neige \u00e0 Paris et en \u00cele-de-France"},"content":{"rendered":"<p>                    Par<br \/>\n        <strong><br \/>\n            <a href=\"https:\/\/actu.fr\/auteur\/redaction-paris\" title=\"Consulter tous les articles de R\u00e9daction Paris\" target=\"_blank\" rel=\"noopener\">R\u00e9daction Paris<\/a><br \/>\n                    <\/strong><\/p>\n<p>        Publi\u00e9 le<\/p>\n<p>            6 janv. 2026 \u00e0 20h37        <\/p>\n<p>Tomb\u00e9e en <a href=\"https:\/\/actu.fr\/ile-de-france\/paris_75056\/ski-a-montmartre-tour-eiffel-et-evacuation-d-un-metro-les-images-impressionnantes-de-la-neige-a-paris_63654723.html\" target=\"_blank\" rel=\"noopener\">quantit\u00e9 mod\u00e9r\u00e9e<\/a> en d\u00e9but de semaine, la <a href=\"https:\/\/actu.fr\/ile-de-france\/paris_75056\/meteo-la-neige-de-retour-a-paris-l-ile-de-france-placee-en-vigilance-orange-a-quoi-s-attendre_63658208.html\" target=\"_blank\" rel=\"noopener\">neige<\/a> n\u2019a pas dit son dernier mot en ce d\u00e9but d\u2019ann\u00e9e. Ce mercredi 7\u00a0janvier 2026, <a href=\"https:\/\/actu.fr\/ile-de-france\/\" target=\"_blank\" rel=\"noopener\">l\u2019\u00cele-de-France<\/a> sera \u00e0 nouveau touch\u00e9e par un <strong>\u00e9pisode neigeux<\/strong> qui viendra ajouter une nouvelle couche \u00e0 celle tomb\u00e9e le lundi 5\u00a0janvier 2026. Voici \u00e0 quoi s\u2019attendre \u00e0 Paris et dans les d\u00e9partements de petite couronne, plac\u00e9s en vigilance orange par <a href=\"https:\/\/actu.fr\/meteo\/\" target=\"_blank\" rel=\"noopener\">M\u00e9t\u00e9o France<\/a> de 6\u00a0heures \u00e0 14\u00a0heures.<\/p>\n<p class=\" wall-content\">Cinq centim\u00e8tres avaient \u00e9t\u00e9 recens\u00e9s au <a href=\"https:\/\/actu.fr\/ile-de-france\/paris_75056\/le-saviez-vous-dans-le-parc-montsouris-a-paris-un-magnifique-palais-existait-detruit-dans-un-incendie_63279786.html\" target=\"_blank\" rel=\"noopener\">parc Montsouris<\/a>, o\u00f9 se situe l\u2019observatoire de Paris. Ce mercredi, l\u2019\u00e9paisseur devrait \u00eatre similaire, voire l\u00e9g\u00e8rement sup\u00e9rieure \u00e0 certains endroits. M\u00e9t\u00e9o France indique que la \u00ab\u2009perturbation neigeuse\u2009\u00bb se manifestera dans le nord de l\u2019\u00cele-de-France en d\u00e9but de matin\u00e9e vers 7\u00a0heures, avant de gagner la capitale peu de temps apr\u00e8s. \u00ab\u2009Trois \u00e0 cinq centim\u00e8tres\u2009\u00bb sont attendus. L\u2019\u00e9pisode durera <strong>quelques heures<\/strong>, avant de s\u2019estomper le midi.<\/p>\n<p class=\" wall-content\">Le d\u00e9partement sera \u00e9galement concern\u00e9 par des chutes de neige. Trois \u00e0 cinq centim\u00e8tres sont \u00e9galement annonc\u00e9s. \u00ab\u2009Anticipez vos d\u00e9placements, limitez vos trajets et faites preuve de la plus grande prudence si vous devez imp\u00e9rativement vous d\u00e9placer, privil\u00e9giez les <a href=\"https:\/\/actu.fr\/ile-de-france\/paris_75056\/meteo-neige-a-paris-et-en-ile-de-france-aeroports-routes-transports-les-perturbations-prevues-mercredi_63658947.html\" target=\"_blank\" rel=\"noopener\">transports en commun<\/a>\u2009\u00bb, indique la pr\u00e9fecture sur X. Une consigne partag\u00e9e par le ministre des Transports <a href=\"https:\/\/actu.fr\/provence-alpes-cote-d-azur\/cannes_06029\/pres-de-nice-qui-est-philippe-tabarot-azureen-devenu-ministre-de-francois-bayrou_62042944.html\" target=\"_blank\" rel=\"noopener\">Philippe Tabarot<\/a> lors d\u2019un point presse.<\/p>\n<p class=\" wall-content\">\n<p class=\" wall-content\">La Seine-Saint-Denis va \u00e9galement voir ses sols blanchis. Entre trois et cinq centim\u00e8tres de couche immacul\u00e9e se superposeront \u00e0 la quantit\u00e9 tomb\u00e9e lundi. Les mises en garde et les interdictions sont les m\u00eame que celles pr\u00e9vues \u00e0 Paris et en \u00cele-de-France. L\u2019offensive d\u00e9butera vers 7\u00a0heures.<\/p>\n<p>Votre r\u00e9gion, votre actu !<\/p>\n<p>Recevez chaque jour les infos qui comptent pour vous.<\/p>\n<p>\t<a href=\"https:\/\/actu.fr\/newsletter\" class=\"ac-btn ac-btn--corner ac-btn--medium ac-btn--blue800\" target=\"_blank\" rel=\"noopener\">S&rsquo;incrire<\/a><\/p>\n<p class=\" wall-content\">\n<p class=\" wall-content\">Une fois n\u2019est pas coutume, le Val-de-Marne s\u2019est diff\u00e9renci\u00e9 des autres d\u00e9partements de la petite couronne. Alors que trois \u00e0 cinq centim\u00e8tres sont \u00e9galement pr\u00e9vus, la pr\u00e9fecture a d\u00e9cid\u00e9 <a href=\"https:\/\/actu.fr\/societe\/neige-dans-le-val-de-marne-les-transports-scolaires-ne-passeront-ce-mercredi-annonce-la-prefecture_63660640.html\" target=\"_blank\" rel=\"noopener\">d\u2019interdire les d\u00e9placements des transports scolaires<\/a> durant toute la journ\u00e9e. Lundi, un <a href=\"https:\/\/actu.fr\/ile-de-france\/le-perreux-sur-marne_94058\/neige-dans-le-val-de-marne-mort-d-un-chauffeur-vtc-apres-la-chute-de-sa-voiture-dans-la-marne_63655895.html\" target=\"_blank\" rel=\"noopener\">chauffeur VTC<\/a> a p\u00e9ri dans la Marne apr\u00e8s un accident.<\/p>\n<p class=\" wall-content\">Personnalisez votre actualit\u00e9 en ajoutant vos villes et m\u00e9dias en favori avec <a href=\"https:\/\/moncompte.actu.fr\" title=\"D\u00e9couvez Mon Actu\" rel=\"nofollow noopener\" data-trk=\"{&quot;cta&quot;:{&quot;action&quot;:&quot;https:\\\/\\\/moncompte.actu.fr&quot;,&quot;category&quot;:&quot;mon compte&quot;,&quot;from&quot;:&quot;article footer&quot;,&quot;name&quot;:&quot;Mon actu&quot;,&quot;type&quot;:&quot;cta&quot;}}\" target=\"_blank\">Mon Actu<\/a>.<\/p>\n","protected":false},"excerpt":{"rendered":"Par R\u00e9daction Paris Publi\u00e9 le 6 janv. 2026 \u00e0 20h37 Tomb\u00e9e en quantit\u00e9 mod\u00e9r\u00e9e en d\u00e9but de semaine,&hellip;\n","protected":false},"author":2,"featured_media":645585,"comment_status":"","ping_status":"","sticky":false,"template":"","format":"standard","meta":{"footnotes":""},"categories":[1592],"tags":[1111,11,1777,674,1011,27,662,2357,10584,12,626,25,104],"class_list":{"0":"post-645584","1":"post","2":"type-post","3":"status-publish","4":"format-standard","5":"has-post-thumbnail","7":"category-ile-de-france","8":"tag-actu","9":"tag-actualites","10":"tag-eu","11":"tag-europe","12":"tag-fr","13":"tag-france","14":"tag-ile-de-france","15":"tag-meteo-france","16":"tag-neige","17":"tag-news","18":"tag-paris","19":"tag-republique-francaise","20":"tag-societe"},"share_on_mastodon":{"url":"https:\/\/pubeurope.com\/@fr\/115850163263880363","error":""},"_links":{"self":[{"href":"https:\/\/www.europesays.com\/fr\/wp-json\/wp\/v2\/posts\/645584","targetHints":{"allow":["GET"]}}],"collection":[{"href":"https:\/\/www.europesays.com\/fr\/wp-json\/wp\/v2\/posts"}],"about":[{"href":"https:\/\/www.europesays.com\/fr\/wp-json\/wp\/v2\/types\/post"}],"author":[{"embeddable":true,"href":"https:\/\/www.europesays.com\/fr\/wp-json\/wp\/v2\/users\/2"}],"replies":[{"embeddable":true,"href":"https:\/\/www.europesays.com\/fr\/wp-json\/wp\/v2\/comments?post=645584"}],"version-history":[{"count":0,"href":"https:\/\/www.europesays.com\/fr\/wp-json\/wp\/v2\/posts\/645584\/revisions"}],"wp:featuredmedia":[{"embeddable":true,"href":"https:\/\/www.europesays.com\/fr\/wp-json\/wp\/v2\/media\/645585"}],"wp:attachment":[{"href":"https:\/\/www.europesays.com\/fr\/wp-json\/wp\/v2\/media?parent=645584"}],"wp:term":[{"taxonomy":"category","embeddable":true,"href":"https:\/\/www.europesays.com\/fr\/wp-json\/wp\/v2\/categories?post=645584"},{"taxonomy":"post_tag","embeddable":true,"href":"https:\/\/www.europesays.com\/fr\/wp-json\/wp\/v2\/tags?post=645584"}],"curies":[{"name":"wp","href":"https:\/\/api.w.org\/{rel}","templated":true}]}}