{"id":645593,"date":"2026-01-06T21:03:11","date_gmt":"2026-01-06T21:03:11","guid":{"rendered":"https:\/\/www.europesays.com\/fr\/645593\/"},"modified":"2026-01-06T21:03:11","modified_gmt":"2026-01-06T21:03:11","slug":"la-russie-est-sure-que-les-etats-unis-vont-bientot-semparer-du-groenland","status":"publish","type":"post","link":"https:\/\/www.europesays.com\/fr\/645593\/","title":{"rendered":"La Russie est s\u00fbre que les \u00c9tats-Unis vont bient\u00f4t s&#8217;emparer du Groenland"},"content":{"rendered":"<p class=\"p2\">JAKARTA &#8211; Le directeur du Fonds d\u2019investissement direct russe (RDIF), Kirill Dmitriev, a d\u00e9clar\u00e9 que les \u00c9tats-Unis semblaient s\u2019int\u00e9resser s\u00e9rieusement \u00e0 la Groenlande et ont laiss\u00e9 entendre que le Canada pourrait \u00eatre la cible suivante.<\/p>\n<p class=\"p2\">\u00ab La Groenlande semble avoir \u00e9t\u00e9 d\u00e9cid\u00e9e \u2014 l\u2019Union europ\u00e9enne continuera de faire ce que ses vassaux savent le mieux : \u00ab surveiller la situation \u00bb et montrer un double standard. Le Canada est-il le suivant ? \u00bb, a \u00e9crit Dmitriev, qui est \u00e9galement le repr\u00e9sentant sp\u00e9cial du pr\u00e9sident russe pour la coop\u00e9ration \u00e9conomique avec les pays \u00e9trangers sur les m\u00e9dias sociaux X mardi 6 janvier, rapporte ANTARA de Sputnik.<\/p>\n<p class=\"p2\">Cette d\u00e9claration a \u00e9t\u00e9 faite par Dmitriev en r\u00e9ponse \u00e0 la derni\u00e8re d\u00e9claration du vice-chef d\u2019\u00e9tat-major de la Maison-Blanche, Stephen Miller, concernant le Groenland.<\/p>\n<p class=\"p2\">Dans une interview avec CNN, Miller a mis en doute la l\u00e9gitimit\u00e9 du contr\u00f4le danois sur le Groenland et a refus\u00e9 d\u2019exclure la possibilit\u00e9 d\u2019une action militaire pour annexer l\u2019\u00eele.<\/p>\n<p class=\"p2\">Quelques heures apr\u00e8s l\u2019intervention militaire am\u00e9ricaine au Venezuela, l\u2019\u00e9pouse de Miller, Katie, a publi\u00e9 une image sur la plate-forme X montrant une carte du Groenland avec les couleurs du drapeau am\u00e9ricain accompagn\u00e9e du commentaire \u00ab\u00a0IMMEDIATEMENT\u00a0\u00bb.<\/p>\n<p class=\"p2\">En r\u00e9ponse, l\u2019ambassadeur du Danemark aux \u00c9tats-Unis, Jesper Moller Sorensen, a d\u00e9clar\u00e9 que le Danemark attendait le respect de l\u2019int\u00e9grit\u00e9 territoriale du royaume. Le Premier ministre du Groenland, Jens-Frederik Nielsen, a qualifi\u00e9 l\u2019image de d\u00e9sobligeante.<\/p>\n<p class=\"p2\">Le pr\u00e9sident am\u00e9ricain Donald Trump a de\u0301clare\u0301 a\u0300 maintes reprises que le Groenland devrait faire partie des E\u0301tats-Unis, en raison de l\u2019importance strategique pour la securite\u0301 nationale et de la presence de l\u2019OTAN dans la region arctique.<\/p>\n<p class=\"p2\">Trump a m\u00eame qualifi\u00e9 le Canada de 51e \u00c9tat am\u00e9ricain.<\/p>\n<p>The English, Chinese, Japanese, Arabic, and French versions are automatically generated by the AI. So there may still be inaccuracies in translating, please always see Indonesian as our main language.<br \/>\n                                    (system supported by DigitalSiber.id)<\/p>\n","protected":false},"excerpt":{"rendered":"JAKARTA &#8211; Le directeur du Fonds d\u2019investissement direct russe (RDIF), Kirill Dmitriev, a d\u00e9clar\u00e9 que les \u00c9tats-Unis semblaient&hellip;\n","protected":false},"author":2,"featured_media":645594,"comment_status":"","ping_status":"","sticky":false,"template":"","format":"standard","meta":{"footnotes":""},"categories":[1591],"tags":[75156,11,1887,59633,75155,12,1885,1886,132],"class_list":{"0":"post-645593","1":"post","2":"type-post","3":"status-publish","4":"format-standard","5":"has-post-thumbnail","7":"category-russie","8":"tag-a-declare-que-les-etats-unis-semblaient-sinteresser-serieusement-a-la-groenlande-et-ont-laisse-entendre-que-le-canada-pourrait-etre-la-cible-suivante","9":"tag-actualites","10":"tag-federation-de-russie","11":"tag-kirill-dmitriev","12":"tag-le-directeur-du-fonds-dinvestissement-direct-russe-rdif","13":"tag-news","14":"tag-russia","15":"tag-russian-federation","16":"tag-russie"},"share_on_mastodon":{"url":"https:\/\/pubeurope.com\/@fr\/115850182887818103","error":""},"_links":{"self":[{"href":"https:\/\/www.europesays.com\/fr\/wp-json\/wp\/v2\/posts\/645593","targetHints":{"allow":["GET"]}}],"collection":[{"href":"https:\/\/www.europesays.com\/fr\/wp-json\/wp\/v2\/posts"}],"about":[{"href":"https:\/\/www.europesays.com\/fr\/wp-json\/wp\/v2\/types\/post"}],"author":[{"embeddable":true,"href":"https:\/\/www.europesays.com\/fr\/wp-json\/wp\/v2\/users\/2"}],"replies":[{"embeddable":true,"href":"https:\/\/www.europesays.com\/fr\/wp-json\/wp\/v2\/comments?post=645593"}],"version-history":[{"count":0,"href":"https:\/\/www.europesays.com\/fr\/wp-json\/wp\/v2\/posts\/645593\/revisions"}],"wp:featuredmedia":[{"embeddable":true,"href":"https:\/\/www.europesays.com\/fr\/wp-json\/wp\/v2\/media\/645594"}],"wp:attachment":[{"href":"https:\/\/www.europesays.com\/fr\/wp-json\/wp\/v2\/media?parent=645593"}],"wp:term":[{"taxonomy":"category","embeddable":true,"href":"https:\/\/www.europesays.com\/fr\/wp-json\/wp\/v2\/categories?post=645593"},{"taxonomy":"post_tag","embeddable":true,"href":"https:\/\/www.europesays.com\/fr\/wp-json\/wp\/v2\/tags?post=645593"}],"curies":[{"name":"wp","href":"https:\/\/api.w.org\/{rel}","templated":true}]}}