{"id":645595,"date":"2026-01-06T21:04:11","date_gmt":"2026-01-06T21:04:11","guid":{"rendered":"https:\/\/www.europesays.com\/fr\/645595\/"},"modified":"2026-01-06T21:04:11","modified_gmt":"2026-01-06T21:04:11","slug":"en-direct-guerre-en-ukraine-volodymyr-zelensky-se-felicite-de-lelaboration-de-documents-substantiels-sur-les-garanties-de-securite-a-lissue-du-sommet-de-paris-le-m","status":"publish","type":"post","link":"https:\/\/www.europesays.com\/fr\/645595\/","title":{"rendered":"EN DIRECT, guerre en Ukraine : Volodymyr Zelensky se f\u00e9licite de l\u2019\u00e9laboration de \u00ab documents substantiels \u00bb sur les garanties de s\u00e9curit\u00e9 \u00e0 l\u2019issue du sommet de Paris &#8211; Le Monde.fr"},"content":{"rendered":"<ol>\n<li><a href=\"https:\/\/news.google.com\/rss\/articles\/CBMi0AJBVV95cUxNSGNBWmNzZjl3TGk4bHluMlRwUjVOT0lhQWxLRUhvT3dySGUxdTJNajZ0TDdrMnptc1lvaWdlNlcwUUl3YkdIbWpZZFhRSFVBeXdOaEVqRGFSQzgxLTNFVHA4WmRsS1Y5TnZuLXNIOFpsc0x4blFreUp1QWNIN2RQd1JFUE8ybHVxSVkzOG05ZUdmbUNHWjh0SzhzcWhKRmhRUW9wUnFNNlRUZmxLQ0N0WWdRTlNIeG9RZmZSbnRKR0stVWpTUGNzRmdUQUlvRGE4dGF4aF9VMDNHUXVPbkl3ejBxMEpteFlRa29TMVBVUEtzelE3RUt2VmplMW9jTDhIbmFvYjZoTEVoQV9vNi1rc1lrdTdvWmQ3SGlIRzRZTjRic3ZNMnlRQ0NIMVpSZUdGTmJROGVpeXVFbzNfY0UzS2lVNzY2elRRbUdJVmcyS0g?oc=5\" target=\"_blank\" rel=\"noopener\">EN DIRECT, guerre en Ukraine : Volodymyr Zelensky se f\u00e9licite de l\u2019\u00e9laboration de \u00ab documents substantiels \u00bb sur les garanties de s\u00e9curit\u00e9 \u00e0 l\u2019issue du sommet de Paris<\/a>&nbsp;&nbsp;Le Monde.fr<\/li>\n<li><a href=\"https:\/\/news.google.com\/rss\/articles\/CBMimgJBVV95cUxOaF9YMU5WMUxCaTZFQ2xSUmtfNmtXdHhucE5hc0ZWaVpjV0RxU2ZheHVFYXM3ek1OVy1OeGozeXZ5NzFZWTZTQ0dhU1ZQMnBPeVhlUnRQUWlaOFAtM0ZfVlBfOWs3dERFSzNQYzdsb1AxemQwTEFOZEc4VGZWOFFfZ3dNSkNVZnhXSUxsaEJUQkdEaEctWS0yWDUzUFZlQnV0TlVxeHJHZ0tUYnpBblR1NUhmVGZTQkxnd3lYYkZQVS1yajRJLUFseGktMGZWeWNIVG1GelkzcU1UZkRybzh1VEFsQVZuSndha1djX2dUOU0wSC1SM0tOZnp1R243cGtWaDlxdVJjZVR3dDlzNVZYRGl2eXlfRngzQXc?oc=5\" target=\"_blank\" rel=\"noopener\">DIRECT. Guerre en Ukraine: Emmanuel Macron, Keir Starmer et Volodymyr Zelensky signent une d\u00e9claration d&rsquo;intention sur le d\u00e9ploiement d&rsquo;une force mulinationale en cas de cessez-le-feu<\/a>&nbsp;&nbsp;BFM<\/li>\n<li><a href=\"https:\/\/news.google.com\/rss\/articles\/CBMijAJBVV95cUxOWlRDVHI3Wl9GS24xQVF5NDRMRFp1WFVzUllEbmpHUnVQeEFZMFlxOWwyb2FGTUFqbHR3dkhZNDd6SHMyVlhCWkVmNG51RGpUbUpSNlRvLXluVjcwVURhdTczTUE3ZG5xdW00YjJaLUpFMlNFT2hqOUxfSmoyb1I5WGgwMmctWVlzNnhzV3BQUWdhT2RjbW9LRkhBVHlWQkxiTW8tZnhNWk9XX2drOWZ6RWZtcnM5Y1FHVFNiekZMOFo5a2h6X2x2dGVEOG1ETHRsbjA0ZjhnRFpFUmhlQ190MGQycTdCVGk4bzIwUHNEb0JOWWsyQ3luLUhhVThTSURJd09HSUtZa0JMdnEy?oc=5\" target=\"_blank\" rel=\"noopener\">Voici ce que la Belgique enverra en Ukraine si un accord de paix est conclu<\/a>&nbsp;&nbsp;La Libre.be<\/li>\n<\/ol>\n","protected":false},"excerpt":{"rendered":"EN DIRECT, guerre en Ukraine : Volodymyr Zelensky se f\u00e9licite de l\u2019\u00e9laboration de \u00ab documents substantiels \u00bb sur&hellip;\n","protected":false},"author":2,"featured_media":645596,"comment_status":"","ping_status":"","sticky":false,"template":"","format":"standard","meta":{"footnotes":""},"categories":[1590],"tags":[11,1777,674,12,220],"class_list":{"0":"post-645595","1":"post","2":"type-post","3":"status-publish","4":"format-standard","5":"has-post-thumbnail","7":"category-ukraine","8":"tag-actualites","9":"tag-eu","10":"tag-europe","11":"tag-news","12":"tag-ukraine"},"share_on_mastodon":{"url":"https:\/\/pubeurope.com\/@fr\/115850186803291448","error":""},"_links":{"self":[{"href":"https:\/\/www.europesays.com\/fr\/wp-json\/wp\/v2\/posts\/645595","targetHints":{"allow":["GET"]}}],"collection":[{"href":"https:\/\/www.europesays.com\/fr\/wp-json\/wp\/v2\/posts"}],"about":[{"href":"https:\/\/www.europesays.com\/fr\/wp-json\/wp\/v2\/types\/post"}],"author":[{"embeddable":true,"href":"https:\/\/www.europesays.com\/fr\/wp-json\/wp\/v2\/users\/2"}],"replies":[{"embeddable":true,"href":"https:\/\/www.europesays.com\/fr\/wp-json\/wp\/v2\/comments?post=645595"}],"version-history":[{"count":0,"href":"https:\/\/www.europesays.com\/fr\/wp-json\/wp\/v2\/posts\/645595\/revisions"}],"wp:featuredmedia":[{"embeddable":true,"href":"https:\/\/www.europesays.com\/fr\/wp-json\/wp\/v2\/media\/645596"}],"wp:attachment":[{"href":"https:\/\/www.europesays.com\/fr\/wp-json\/wp\/v2\/media?parent=645595"}],"wp:term":[{"taxonomy":"category","embeddable":true,"href":"https:\/\/www.europesays.com\/fr\/wp-json\/wp\/v2\/categories?post=645595"},{"taxonomy":"post_tag","embeddable":true,"href":"https:\/\/www.europesays.com\/fr\/wp-json\/wp\/v2\/tags?post=645595"}],"curies":[{"name":"wp","href":"https:\/\/api.w.org\/{rel}","templated":true}]}}