{"id":645610,"date":"2026-01-06T21:12:12","date_gmt":"2026-01-06T21:12:12","guid":{"rendered":"https:\/\/www.europesays.com\/fr\/645610\/"},"modified":"2026-01-06T21:12:12","modified_gmt":"2026-01-06T21:12:12","slug":"opinion-et-si-la-france-envahissait-la-belgique","status":"publish","type":"post","link":"https:\/\/www.europesays.com\/fr\/645610\/","title":{"rendered":"Opinion. Et si la France envahissait la Belgique\u00a0?"},"content":{"rendered":"<p>Et si la France envahissait la Belgique\u00a0? Puisque tout est permis \u00e0 l\u2019image des <a href=\"https:\/\/www.lejsl.com\/d\/la-capture-de-maduro-par-les-etats-unis-0c7a573d-b52d-492c-aaf3-098c62b51377\" target=\"_blank\" rel=\"noopener\">\u00c9tats-Unis qui kidnappent l\u2019ind\u00e9sirable Maduro au Venezuela<\/a> , pourquoi ne pas franchir les fronti\u00e8res qu\u2019il n\u2019y a plus du reste en Europe au m\u00e9pris des droits internationaux\u00a0? Allons-y gaiement, tout le monde envahit tout le monde, en oubliant que le mot ing\u00e9rence existe. Remarquez, la Russie a envahi l\u2019Ukraine et \u00e0 part agiter les bras pour dire que ce n\u2019\u00e9tait pas bien, l\u2019Europe est rest\u00e9e faible. \u00catre fort avec les faibles justement, voil\u00e0 que ce que proposent <a href=\"https:\/\/www.lejsl.com\/defense-guerre-conflit\/2026\/01\/06\/les-europeens-font-bloc-face-a-trump-et-apportent-leur-soutien-au-danemark-et-au-groenland\" target=\"_blank\" rel=\"noopener\">les \u00c9tats-Unis de Monsieur Trump<\/a> , le torse bomb\u00e9 \u00e0 bloc, la m\u00e8che rebelle et l\u2019invasion facile. L\u2019invasion \u00ab\u00a0int\u00e9ress\u00e9e\u00a0\u00bb surtout, celle de l\u2019or noir.<\/p>\n<p>Car en Belgique, chez les cousins amoureux des chocolats et \u00ab\u00a0fabricante\u00a0\u00bb d\u2019humoristes autant que d\u2019habitants, il n\u2019y a pas de p\u00e9trole.<\/p>\n<p>Pas assez int\u00e9ressant m\u00eame si l\u2019or noir du chocolat et les diamants peuvent attirer la convoitise envers ceux qui sont \u00e0 l\u2019origine de ce gisement. Ils n\u2019ont m\u00eame pas de gouvernement parfois (enfin en France, on ne fait pas trop les malins non plus). Nos sympathiques cousins ont un brin d\u2019id\u00e9es mais les m\u00e9langer aux n\u00f4tres les diluerait. Non franchement envahir la Belgique, ce serait plus de probl\u00e8mes que d\u2019avantages. Envahissons la Hongrie. Rires.<\/p>\n<p>Mais le Venezuela, c\u2019est autre chose\u00a0: un mini-pays mais de maxi-richesses. Trump n\u2019est pas que le grand blond moqu\u00e9 jadis dans la cour d\u2019\u00e9cole et qui devenu grand se venge, il sent l\u2019odeur du p\u00e9trole lui monter au porte-monnaie. \u00c7a nous rend \u00e9carlate, nous les d\u00e9mocrates que nous sommes en Europe car notre probl\u00e8me est simple\u00a0: on discute beaucoup et on agit peu.<\/p>\n<p>\u00c0 qui le tour\u00a0? Le Groenland se serre la banquise pour \u00e9viter de voir flotter le drapeau am\u00e9ricain sur le nez d\u2019un phoque.<\/p>\n<p>Une certitude, un pays appartient \u00e0 son peuple comme aux USA et non pas \u00e0 son dirigeant. Les \u00c9tats-Unis comme le Venezuela et la\u2026 Belgique survivront toujours \u00e0 ceux qui les dirigent. Il n\u2019y a plus qu\u2019\u00e0 attendre. En agissant enfin\u00a0?<\/p>\n","protected":false},"excerpt":{"rendered":"Et si la France envahissait la Belgique\u00a0? Puisque tout est permis \u00e0 l\u2019image des \u00c9tats-Unis qui kidnappent l\u2019ind\u00e9sirable&hellip;\n","protected":false},"author":2,"featured_media":645611,"comment_status":"","ping_status":"","sticky":false,"template":"","format":"standard","meta":{"footnotes":""},"categories":[4],"tags":[11,11605,11606,271,272,6084,11032,274,107,1011,27,12,316,1078,25,6003,104],"class_list":{"0":"post-645610","1":"post","2":"type-post","3":"status-publish","4":"format-standard","5":"has-post-thumbnail","7":"category-france","8":"tag-actualites","9":"tag-chalon-sur-saone","10":"tag-chalon-ville","11":"tag-crime","12":"tag-delit-et-contravention","13":"tag-droit","14":"tag-edition-chalon-sur-saone","15":"tag-faits-divers-justice","16":"tag-fil-info","17":"tag-fr","18":"tag-france","19":"tag-news","20":"tag-politique","21":"tag-rassemblement-national","22":"tag-republique-francaise","23":"tag-saone-et-loire","24":"tag-societe"},"share_on_mastodon":{"url":"https:\/\/pubeurope.com\/@fr\/115850218303127569","error":""},"_links":{"self":[{"href":"https:\/\/www.europesays.com\/fr\/wp-json\/wp\/v2\/posts\/645610","targetHints":{"allow":["GET"]}}],"collection":[{"href":"https:\/\/www.europesays.com\/fr\/wp-json\/wp\/v2\/posts"}],"about":[{"href":"https:\/\/www.europesays.com\/fr\/wp-json\/wp\/v2\/types\/post"}],"author":[{"embeddable":true,"href":"https:\/\/www.europesays.com\/fr\/wp-json\/wp\/v2\/users\/2"}],"replies":[{"embeddable":true,"href":"https:\/\/www.europesays.com\/fr\/wp-json\/wp\/v2\/comments?post=645610"}],"version-history":[{"count":0,"href":"https:\/\/www.europesays.com\/fr\/wp-json\/wp\/v2\/posts\/645610\/revisions"}],"wp:featuredmedia":[{"embeddable":true,"href":"https:\/\/www.europesays.com\/fr\/wp-json\/wp\/v2\/media\/645611"}],"wp:attachment":[{"href":"https:\/\/www.europesays.com\/fr\/wp-json\/wp\/v2\/media?parent=645610"}],"wp:term":[{"taxonomy":"category","embeddable":true,"href":"https:\/\/www.europesays.com\/fr\/wp-json\/wp\/v2\/categories?post=645610"},{"taxonomy":"post_tag","embeddable":true,"href":"https:\/\/www.europesays.com\/fr\/wp-json\/wp\/v2\/tags?post=645610"}],"curies":[{"name":"wp","href":"https:\/\/api.w.org\/{rel}","templated":true}]}}