{"id":645614,"date":"2026-01-06T21:14:15","date_gmt":"2026-01-06T21:14:15","guid":{"rendered":"https:\/\/www.europesays.com\/fr\/645614\/"},"modified":"2026-01-06T21:14:15","modified_gmt":"2026-01-06T21:14:15","slug":"le-tours-vb-finit-par-ceder-contre-trento","status":"publish","type":"post","link":"https:\/\/www.europesays.com\/fr\/645614\/","title":{"rendered":"le Tours VB finit par c\u00e9der contre Trento"},"content":{"rendered":"<p>Ce direct \u00e9tait aliment\u00e9 par les journalistes du service des sports de La Nouvelle R\u00e9publique.<\/p>\n<p><strong>Tours\u00a0&#8211; Trento\u00a0: 1-3<\/strong><\/p>\n<p>Le TVB disputait ce mardi son premier match de Ligue des champions \u00e0 domicile cette saison, contre le g\u00e9ant italien de Trento. Malgr\u00e9 le gain du premier set et une grande seconde manche, finalement perdue d&rsquo;un rien, les Tourangeaux se sont finalement inclin\u00e9s.<\/p>\n<p>Quatri\u00e8me set.<\/p>\n<p><strong>20-25. VICTOIRE DE TRENTO. <\/strong>Pas de miracle pour le TVB, \u00e0 court de ressources pour forcer un tie-break. \u00c0 cette maudite fin de deuxi\u00e8me acte\u2026 Elle aura bel et bien constitu\u00e9 le tournant de ce match. Th\u00e9o Faure finit MVP du match, avec un total de 24 points. Mujanovic conclut lui \u00e0 29.<\/p>\n<p><strong>18-21. <\/strong>Mujanovic tente d\u2019assommer\u00a0\u2013\u00a0fortuitement\u00a0\u2013 Michieletto. Celui-ci en sourit et Trento s\u2019approche de la victoire.<\/p>\n<p><strong>16-19. <\/strong>Michieletto au block cette fois.<\/p>\n<p><strong>15-17. <\/strong>Voss rate l\u2019\u00e9galisation, contr\u00e9 par Torwie\u2026<\/p>\n<p><strong>15-16. <\/strong>Tours revient \u00e0 -1 apr\u00e8s un long \u00e9change conclu par Mujanovic.<\/p>\n<p><strong>11-13. <\/strong>Mujanovic \u00e0 l\u2019attaque\u00a0! Bon, \u00e0 ce stade, soit l\u2019on se dirige vers l\u2019irrationnel, soit vers une d\u00e9faite qui laissera in\u00e9vitablement des regrets. Le TVB se bat.<\/p>\n<p><strong>10-13. <\/strong>Gros contres de Voss et Mujanovic. Il y a quelques signes positifs, mais le chemin est encore si long\u2026<\/p>\n<p><strong>8-11. <\/strong>Mujanovic trouve un block-out et tente de r\u00e9veiller ses co\u00e9quipiers.<\/p>\n<p><strong>5-9. <\/strong>Que de mauvais choix dans le camp tourangeau\u2026 Trento n\u2019en a pourtant pas besoin.<\/p>\n<p><strong>2-5.<\/strong> Devinez quoi\u00a0? Trento commence encore \u00e0 fond.<\/p>\n<p>Troisi\u00e8me set<\/p>\n<p><strong>12-25. <\/strong>Bon, on reprend notre direct sur ce score sans appel. Notre ordinateur s\u2019\u00e9tait \u00e9teint, sans pr\u00e9venir, un peu comme le TVB finalement. Les Italiens sont, eux, lanc\u00e9s \u00e0 pleine vitesse. La raison d\u2019y croire encore\u00a0? Tours est invaincu cette saison dans son chaudron de Grenon.<\/p>\n<p>10<\/p>\n<p>Ce troisi\u00e8me acte a marqu\u00e9 le r\u00e9veil de Faure, auteur de dix points.<\/p>\n<p><strong>3-13. <\/strong>M\u00eame l\u2019arbitrage vid\u00e9o sourit \u00e0 Trento. Tours est sonn\u00e9. Vivement le quatri\u00e8me acte, non\u00a0?<\/p>\n<p><strong>2-11. <\/strong>On n\u2019arr\u00eate pas la machine italienne\u2026<\/p>\n<p><strong>0-6. <\/strong>La fin de deuxi\u00e8me manche est bien difficile \u00e0 dig\u00e9rer pour les co\u00e9quipiers de Lucas Ramon. Trento s\u2019envole.<\/p>\n<p><strong>0-4.<\/strong> Le meilleur d\u00e9part est encore pour les Italiens.<\/p>\n<p>Deuxi\u00e8me set<\/p>\n<p><strong>24-26. L&rsquo;ace de Ram\u00f3n Ferragut offre la manche \u00e0 Trento sur la deuxi\u00e8me opportunit\u00e9 des Transalpins. <\/strong>Dommage pour les Tourangeaux. La suite dira si cette fin de set ultra-serr\u00e9e constituera le point de bascule de cette soir\u00e9e\u2026 Le soulagement se lit en tout cas sur les visages italiens apr\u00e8s ces trente minutes de combat.<\/p>\n<p><strong>24-24. <\/strong>Le TVB sauve une premi\u00e8re balle d\u2019\u00e9galisation avec Mujanovic \u00e0 la conclusion, auteur l\u00e0 de son 15e\u00a0point.<\/p>\n<p><strong>23-23. <\/strong>Mujanovic fait parler sa puissance puis\u00a0Suihkonen bloque Faure\u00a0: Tours recolle une nouvelle fois\u00a0!<\/p>\n<p><strong>21-23. <\/strong>Les Italiens conservent leur avantage. Ils sont \u00e0 deux points du set.<\/p>\n<p><strong>18-20.<\/strong> A\u00efe, le m\u00e9tronome Michieletto redonne deux longueurs de marge \u00e0 Trento.<\/p>\n<p><strong>18-18. <\/strong>Intense, physique et ind\u00e9cis, on est bien sur un match de Ligue des champions. Et pas l\u2019un des moins int\u00e9ressants.<\/p>\n<p><strong>16-16. <\/strong>Mais Mujanovic y retourne\u00a0! Et Trento fait deux grossi\u00e8res erreurs. Egalit\u00e9\u00a0!<\/p>\n<p><strong>13-16.<\/strong> Et Mujanovic rate son service, apr\u00e8s une petite commedia dell\u2019arte du banc transalpin pour prolonger le temps d\u2019arr\u00eat\u2026<\/p>\n<p><strong>13-15. <\/strong>Un block de Mujanovic, une erreur adverse et un contre d\u2019Aracaju. Le TVB hausse le ton et Trento stoppe tout de suite le jeu avec un temps mort.<\/p>\n<p><strong>9-13. <\/strong>L&rsquo;\u00e9cart se stabilise autour de +\u00a04 en faveur du champion d\u2019Italie.<\/p>\n<p><strong>5-9. <\/strong>La premi\u00e8re main de Coric donne un peu d\u2019air \u00e0 Tours dans ce debut de set bien compliqu\u00e9\u2026<\/p>\n<p><strong>3-7. <\/strong>Le grand\u00a0Michieletto (2,11\u00a0m) lance la r\u00e9volte italienne et ses co\u00e9quipiers suivent. Temps mort d\u2019Igor Juricic.<\/p>\n<p><strong>0-1.<\/strong> Pas le temps de souffler. Trento prend le premier point.<\/p>\n<p><img alt=\"Mujanovic a inscrit 6 points lors du premier set contre Trento, ce 6\u00a0janvier 2026, en Ligue des champions.\" loading=\"lazy\" width=\"980\" height=\"573\" decoding=\"async\" data-nimg=\"1\" class=\"img-responsive spinner-show \" style=\"color:transparent;background-size:cover;background-position:50% 50%;background-repeat:no-repeat;background-image:url(&quot;data:image\/svg+xml;charset=utf-8,%3Csvg xmlns='http:\/\/www.w3.org\/2000\/svg' viewBox='0 0 980 573'%3E%3Cfilter id='b' color-interpolation-filters='sRGB'%3E%3CfeGaussianBlur stdDeviation='20'\/%3E%3CfeColorMatrix values='1 0 0 0 0 0 1 0 0 0 0 0 1 0 0 0 0 0 100 -1' result='s'\/%3E%3CfeFlood x='0' y='0' width='100%25' height='100%25'\/%3E%3CfeComposite operator='out' in='s'\/%3E%3CfeComposite in2='SourceGraphic'\/%3E%3CfeGaussianBlur stdDeviation='20'\/%3E%3C\/filter%3E%3Cimage width='100%25' height='100%25' x='0' y='0' preserveAspectRatio='none' style='filter: url(%23b);' href='https:\/\/images.lanouvellerepublique.fr\/image\/upload\/t_88w\/f_auto\/695d6547b69e0c2c408b456d.jpg'\/%3E%3C\/svg%3E&quot;)\"   src=\"https:\/\/www.europesays.com\/fr\/wp-content\/uploads\/2026\/01\/695d6547b69e0c2c408b456d.jpg\"\/><\/p>\n<p style=\"background-color:#F2F2F2;padding:5px;margin-top:0px;margin-bottom:10px\">Mujanovic a inscrit 6 points lors du premier set contre Trento, ce 6\u00a0janvier 2026, en Ligue des champions.<br \/> \u00a9 (Photo NR, Julien Pruvost)<\/p>\n<p>Premier set<\/p>\n<p><strong>25-19. ACARAJUUUUUU\u00a0! <\/strong>Le TVB s\u2019adjuge ce premier acte\u00a0! Apr\u00e8s un d\u00e9part timide, les Tourangeaux ont acc\u00e9l\u00e9r\u00e9 et d\u00e9bord\u00e9 des Italiens incapables de se relancer une fois pass\u00e9e la moiti\u00e9 du set.<\/p>\n<p><strong>24-18. <\/strong>Mujanovic offre une premi\u00e8re balle de set \u00e0 Tours, avec son sixi\u00e8me point. Deuxi\u00e8me temps mort adverse.<\/p>\n<p><strong>23-16. <\/strong>Tr\u00e8s, tr\u00e8s bon, avec cette fois\u00a0Suihkonen au service et un collectif au diapason.<\/p>\n<p><strong>20-16.<\/strong> \u00c7a commence \u00e0 sentir tr\u00e8s bon pour les Tourangeaux<\/p>\n<p><strong>18-15.<\/strong> Le Finlandais est en feu, quel block\u00a0! En face, Faure est sorti et Marcelo Mendez prend un temps mort. Pas sereins ces Italiens.<\/p>\n<p><strong>15-13. <\/strong>Plus pr\u00e9cis, Tours prend m\u00eame les commandes sous l\u2019impulsion de\u00a0Suihkonen\u00a0!<\/p>\n<p><strong>9-9. <\/strong>Le TVB recolle, car les Italiens font des erreurs, dans une salle Grenon pas tout \u00e0 fait remplie pour l\u2019occasion.<\/p>\n<p><strong>3-6.<\/strong> Trento profite de quelques impr\u00e9cisions pour faire un premier break.<\/p>\n<p><strong>3-3.<\/strong>\u00a0Les attaques de Voss et Mujanovic font du bien.<\/p>\n<p><strong>0-1.<\/strong> On y est\u00a0! Le capitaine du TVB, Coric, lance le match d\u2019un service\u2026 rat\u00e9.<\/p>\n<p><img alt=\"Th\u00e9o Faure, champion olympique avec les Bleus, affronte les Tourangeaux, ce 6\u00a0janvier 2026, salle Grenon.\" loading=\"lazy\" width=\"980\" height=\"573\" decoding=\"async\" data-nimg=\"1\" class=\"img-responsive spinner-show \" style=\"color:transparent;background-size:cover;background-position:50% 50%;background-repeat:no-repeat;background-image:url(&quot;data:image\/svg+xml;charset=utf-8,%3Csvg xmlns='http:\/\/www.w3.org\/2000\/svg' viewBox='0 0 980 573'%3E%3Cfilter id='b' color-interpolation-filters='sRGB'%3E%3CfeGaussianBlur stdDeviation='20'\/%3E%3CfeColorMatrix values='1 0 0 0 0 0 1 0 0 0 0 0 1 0 0 0 0 0 100 -1' result='s'\/%3E%3CfeFlood x='0' y='0' width='100%25' height='100%25'\/%3E%3CfeComposite operator='out' in='s'\/%3E%3CfeComposite in2='SourceGraphic'\/%3E%3CfeGaussianBlur stdDeviation='20'\/%3E%3C\/filter%3E%3Cimage width='100%25' height='100%25' x='0' y='0' preserveAspectRatio='none' style='filter: url(%23b);' href='https:\/\/images.lanouvellerepublique.fr\/image\/upload\/t_88w\/f_auto\/695d603d97defa691b8b45ad.jpg'\/%3E%3C\/svg%3E&quot;)\"   src=\"https:\/\/www.europesays.com\/fr\/wp-content\/uploads\/2026\/01\/695d603d97defa691b8b45ad.jpg\"\/><\/p>\n<p style=\"background-color:#F2F2F2;padding:5px;margin-top:0px;margin-bottom:10px\">Th\u00e9o Faure, champion olympique avec les Bleus, affronte les Tourangeaux, ce 6\u00a0janvier 2026, salle Grenon.<br \/> \u00a9 (Photo NR, Julien Pruvost)<\/p>\n<p>Avant match<\/p>\n<p><strong>19\u00a0h\u00a055.<\/strong> Les smashs et services d\u2019entra\u00eenements se font plus intenses, plus bruyants et plus pr\u00e9cis. Dans cinq minutes, le match va d\u00e9buter, dans une salle Grenon qui ne demande qu\u2019\u00e0 vibrer.<\/p>\n<p><strong>19\u00a0h\u00a050.<\/strong> La phrase\u00a0: \u00ab\u00a0On sait quel morceau est devant nous mais on sait aussi que si on respecte certaines choses, on peut s\u2019exprimer\u00a0\u00bb, annonce l\u2019entra\u00eeneur du TVB, Igor Juricic, avant ce choc face aux champions d\u2019Europe de 2024.<\/p>\n<p>5<\/p>\n<p>C\u2019est le nombre de Ligue des champions remport\u00e9s par les deux clubs\u00a0: quatre pour Trento (2009, 2010, 2011, 2024), une pour Tours (2005).<\/p>\n<p><strong>19\u00a0h\u00a045.<\/strong> Le champion d\u2019Italie se m\u00e9fie grandement des Tourangeaux. \u00ab\u00a0\u00c0 Tours, c\u2019est toujours dur, <a target=\"_blank\" href=\"https:\/\/www.lanouvellerepublique.fr\/tours\/on-sait-a-quoi-s-attendre-le-champion-olympique-theo-faure-et-trento-se-mefient-de-tours-et-grenon-1767649040\" rel=\"noopener\">commente ainsi Th\u00e9o Faure<\/a>, l\u2019international tricolore de Trento, aupr\u00e8s de la NR. J\u2019y ai jou\u00e9 en championnat de France, je connais le public. Les mecs de l\u2019\u00e9quipe qui y ont jou\u00e9 il y a deux ans (d\u00e9j\u00e0 en phase de groupes de la Ligue des champions) connaissent et savent aussi que c\u2019est toujours dur de jouer ici. On sait \u00e0 quoi s\u2019attendre.\u00a0\u00bb<\/p>\n<p><strong>19\u00a0h\u00a040. <\/strong>Tours aborde ce sommet avec un effectif raccourci par les soucis physiques (Kavogo et Bjok). Sans oublier le d\u00e9part inattendu \u00e0 No\u00ebl de Strehlau\u2026 \u00ab\u00a0On n\u2019est pas au complet, mais on ne peut rien y faire, commente Igor Juricic, le coach tourangeau. Donc, il faut qu\u2019on avance.\u00a0\u00bb<\/p>\n<p><strong>19\u00a0h\u00a035. <\/strong>Si c\u2019est la premi\u00e8re date \u00e0 domicile, le TVB avait lanc\u00e9 sa Ligue des champions par <a target=\"_blank\" href=\"https:\/\/www.lanouvellerepublique.fr\/tours\/volley-ball-pour-ses-debuts-en-ligue-des-champions-tours-s-incline-avec-les-honneurs-a-ankara-1765401482\" rel=\"noopener\">une d\u00e9faite, pleine de promesses,<\/a> \u00e0 Ankara, le 10\u00a0d\u00e9cembre 2024\u00a0: 3-1 (25-21, 21-25, 25-19, 25-21). De son c\u00f4t\u00e9, Trento avait domin\u00e9 Ljubljana\u00a0en Italie\u00a0: 3-0 (25-23, 25-23, 25-21).<\/p>\n<p><strong>19\u00a0h\u00a030.<\/strong> Bienvenue sur ce direct pour suivre le choc europ\u00e9en entre le Tours Volley-ball et Trento. D\u00e9but du match \u00e0 20\u00a0h, dans la salle des Tourangeaux.<\/p>\n<p class=\"alireaussi\"><b>&gt;\u00a0Rejoignez la communaut\u00e9 NR\u00a0&#8211; Les sports en Touraine sur Facebook.<\/b><\/p>\n","protected":false},"excerpt":{"rendered":"Ce direct \u00e9tait aliment\u00e9 par les journalistes du service des sports de La Nouvelle R\u00e9publique. Tours\u00a0&#8211; Trento\u00a0: 1-3&hellip;\n","protected":false},"author":2,"featured_media":645615,"comment_status":"","ping_status":"","sticky":false,"template":"","format":"standard","meta":{"footnotes":""},"categories":[1417],"tags":[1392,39145,1011,27,1387,60,1390,1471,2767,1470,1469],"class_list":{"0":"post-645614","1":"post","2":"type-post","3":"status-publish","4":"format-standard","5":"has-post-thumbnail","7":"category-volley","8":"tag-a-la-une-local","9":"tag-coupe-deurope-volley","10":"tag-fr","11":"tag-france","12":"tag-indre-et-loire","13":"tag-sports","14":"tag-tours","15":"tag-tours-volley-ball","16":"tag-tvb-37","17":"tag-volley","18":"tag-volleyball"},"share_on_mastodon":{"url":"https:\/\/pubeurope.com\/@fr\/115850226228750908","error":""},"_links":{"self":[{"href":"https:\/\/www.europesays.com\/fr\/wp-json\/wp\/v2\/posts\/645614","targetHints":{"allow":["GET"]}}],"collection":[{"href":"https:\/\/www.europesays.com\/fr\/wp-json\/wp\/v2\/posts"}],"about":[{"href":"https:\/\/www.europesays.com\/fr\/wp-json\/wp\/v2\/types\/post"}],"author":[{"embeddable":true,"href":"https:\/\/www.europesays.com\/fr\/wp-json\/wp\/v2\/users\/2"}],"replies":[{"embeddable":true,"href":"https:\/\/www.europesays.com\/fr\/wp-json\/wp\/v2\/comments?post=645614"}],"version-history":[{"count":0,"href":"https:\/\/www.europesays.com\/fr\/wp-json\/wp\/v2\/posts\/645614\/revisions"}],"wp:featuredmedia":[{"embeddable":true,"href":"https:\/\/www.europesays.com\/fr\/wp-json\/wp\/v2\/media\/645615"}],"wp:attachment":[{"href":"https:\/\/www.europesays.com\/fr\/wp-json\/wp\/v2\/media?parent=645614"}],"wp:term":[{"taxonomy":"category","embeddable":true,"href":"https:\/\/www.europesays.com\/fr\/wp-json\/wp\/v2\/categories?post=645614"},{"taxonomy":"post_tag","embeddable":true,"href":"https:\/\/www.europesays.com\/fr\/wp-json\/wp\/v2\/tags?post=645614"}],"curies":[{"name":"wp","href":"https:\/\/api.w.org\/{rel}","templated":true}]}}