{"id":645620,"date":"2026-01-06T21:20:11","date_gmt":"2026-01-06T21:20:11","guid":{"rendered":"https:\/\/www.europesays.com\/fr\/645620\/"},"modified":"2026-01-06T21:20:11","modified_gmt":"2026-01-06T21:20:11","slug":"florian-rapiteau-raccroche-actualite","status":"publish","type":"post","link":"https:\/\/www.europesays.com\/fr\/645620\/","title":{"rendered":"Florian Rapiteau raccroche &#8211; Actualit\u00e9"},"content":{"rendered":"<p>Alors qu&rsquo;il \u00e9tait pr\u00e9vu dans l&rsquo;effectif 2026 du <strong><a href=\"https:\/\/www.directvelo.com\/equipe\/65\/team-eliteorga-us-saint-herblain\" target=\"_blank\" rel=\"noopener\">Team EliteOrga-US Saint-Herblain<\/a><\/strong>, Florian Rapiteau annonce qu&rsquo;il met fin \u00e0 sa carri\u00e8re sportive, \u00ab\u00a0apr\u00e8s 15 ann\u00e9es de cyclisme, dont 9 \u00e0 haut niveau\u00a0\u00bb.<\/p>\n<p>Cette saison, <a href=\"https:\/\/www.directvelo.com\/coureur\/14991\/florian-rapiteau\" target=\"_blank\" rel=\"noopener\"><strong>le coureur de \u00a027 ans<\/strong><\/a> avait retrouv\u00e9 le club de Saint-Herblain, celui pour lequel il avait d\u00e9croch\u00e9 ses premiers succ\u00e8s en Toutes cat\u00e9gories en 2019 avant de passer \u00e0 Laval Cyclisme 53. C&rsquo;est pour le club mayennais qu&rsquo;il remporte sa premi\u00e8re Elite Nationale, les Boucles de la Loire en 2021, avant de conna\u00eetre une saison fastueuse en 2022 : huit victoires, <a href=\"https:\/\/www.directvelo.com\/actualite\/99016\/florian-rapiteau-un-voyage-qui-portera-ses-fruits\" target=\"_blank\" rel=\"noopener\"><strong>dont trois \u00e9tapes du Tour de la Guadeloupe<\/strong><\/a> et la 9e place du Challenge DirectVelo.<\/p>\n<p>Cette bonne saison lui ouvre les portes du professionnalisme en 2023, chez St-Michel-Mavic-Auber 93. L&rsquo;ann\u00e9e suivante, il retrouve les amateurs au Dinan Sport Cycling avant de boucler la boucle \u00e0 l&rsquo;US Saint-Herblain, donc, et une derni\u00e8re victoire au Souvenir Manu Cruaud \u00e0 Louisfert.<\/p>\n<p>Florian Rapiteau r\u00e9sume sa carri\u00e8re en chiffres: \u00ab\u00a031 victoires, des centaines de podiums, des milliers de kilom\u00e8tres en \u00e9chapp\u00e9e et des centaines de milliers de kilom\u00e8tres pass\u00e9s sur mon v\u00e9lo\u00a0\u00bb avant de conclure \u00ab\u00a0au final, ce qui compte vraiment, c\u2019est le chemin parcouru, pas la destination\u00a0\u00bb.\u00a0<\/p>\n","protected":false},"excerpt":{"rendered":"Alors qu&rsquo;il \u00e9tait pr\u00e9vu dans l&rsquo;effectif 2026 du Team EliteOrga-US Saint-Herblain, Florian Rapiteau annonce qu&rsquo;il met fin \u00e0&hellip;\n","protected":false},"author":2,"featured_media":645621,"comment_status":"","ping_status":"","sticky":false,"template":"","format":"standard","meta":{"footnotes":""},"categories":[1411],"tags":[834,828,836,829,837,827,83,826,824,823,1154,207,814,817,815,816,822,821,832,211,839,1011,27,820,818,819,835,831,830,833,838,60,212,208,825],"class_list":{"0":"post-645620","1":"post","2":"type-post","3":"status-publish","4":"format-standard","5":"has-post-thumbnail","7":"category-cyclisme","8":"tag-attaque","9":"tag-belgique","10":"tag-braquet","11":"tag-bretagne","12":"tag-chute","13":"tag-competition","14":"tag-coupe-de-france","15":"tag-coureur","16":"tag-course-cyclisme","17":"tag-course-cycliste","18":"tag-cycling","19":"tag-cyclisme","20":"tag-direct","21":"tag-direct-velo","22":"tag-directvelo","23":"tag-directvelo-com","24":"tag-epreuve","25":"tag-epreuve-cycliste","26":"tag-federation-francaise-de-cyclisme","27":"tag-ffc","28":"tag-flandres","29":"tag-fr","30":"tag-france","31":"tag-live","32":"tag-live-course","33":"tag-live-epreuve","34":"tag-peloton","35":"tag-radio-peloton","36":"tag-radio-tour","37":"tag-ravitaillement","38":"tag-relance","39":"tag-sports","40":"tag-uci","41":"tag-velo","42":"tag-velos"},"share_on_mastodon":{"url":"https:\/\/pubeurope.com\/@fr\/115850249808605754","error":""},"_links":{"self":[{"href":"https:\/\/www.europesays.com\/fr\/wp-json\/wp\/v2\/posts\/645620","targetHints":{"allow":["GET"]}}],"collection":[{"href":"https:\/\/www.europesays.com\/fr\/wp-json\/wp\/v2\/posts"}],"about":[{"href":"https:\/\/www.europesays.com\/fr\/wp-json\/wp\/v2\/types\/post"}],"author":[{"embeddable":true,"href":"https:\/\/www.europesays.com\/fr\/wp-json\/wp\/v2\/users\/2"}],"replies":[{"embeddable":true,"href":"https:\/\/www.europesays.com\/fr\/wp-json\/wp\/v2\/comments?post=645620"}],"version-history":[{"count":0,"href":"https:\/\/www.europesays.com\/fr\/wp-json\/wp\/v2\/posts\/645620\/revisions"}],"wp:featuredmedia":[{"embeddable":true,"href":"https:\/\/www.europesays.com\/fr\/wp-json\/wp\/v2\/media\/645621"}],"wp:attachment":[{"href":"https:\/\/www.europesays.com\/fr\/wp-json\/wp\/v2\/media?parent=645620"}],"wp:term":[{"taxonomy":"category","embeddable":true,"href":"https:\/\/www.europesays.com\/fr\/wp-json\/wp\/v2\/categories?post=645620"},{"taxonomy":"post_tag","embeddable":true,"href":"https:\/\/www.europesays.com\/fr\/wp-json\/wp\/v2\/tags?post=645620"}],"curies":[{"name":"wp","href":"https:\/\/api.w.org\/{rel}","templated":true}]}}