{"id":645625,"date":"2026-01-06T21:23:13","date_gmt":"2026-01-06T21:23:13","guid":{"rendered":"https:\/\/www.europesays.com\/fr\/645625\/"},"modified":"2026-01-06T21:23:13","modified_gmt":"2026-01-06T21:23:13","slug":"cest-le-rendez-vous-international-du-photojournalisme-decouvrez-les-dates-de-ledition-2026-de-visa-pour-limage","status":"publish","type":"post","link":"https:\/\/www.europesays.com\/fr\/645625\/","title":{"rendered":"C\u2019est le rendez-vous international du photojournalisme\u00a0: d\u00e9couvrez les dates de l\u2019\u00e9dition 2026 de Visa pour l\u2019Image"},"content":{"rendered":"<p>\n                                                                Le festival international de photojournalisme Visa pour l\u2019Image revient du\u00a0samedi 29\u00a0ao\u00fbt au 13\u00a0septembre 2026 \u00e0 Perpignan.\n                            <\/p>\n<p>Incontournable de l\u2019agenda estival perpignanais, Visa pour l\u2019Image l\u00e8ve le voile sur sa 38e \u00e9dition. Le festival international de photojournalisme fond\u00e9 en 1989 dans la cit\u00e9 catalane r\u00e9v\u00e8le, en ce 6\u00a0janvier 2025, les dates de son prochain rendez-vous.<\/p>\n<p>Les amateurs pourront cocher les dates du samedi 29\u00a0ao\u00fbt jusqu\u2019au 13\u00a0septembre 2026 pour d\u00e9couvrir\u00a0\u00e0 Perpignan les nombreuses expositions consacr\u00e9es \u00e0 l\u2019actualit\u00e9 nationale et internationale. Une cuv\u00e9e qui, au vu des instabilit\u00e9s du monde, devrait \u00eatre riche\u00a0en tirages.<\/p>\n<p>Comme \u00e0 l\u2019accoutum\u00e9e, la premi\u00e8re semaine sera le rendez-vous des photoreporters et journalistes professionnels. \u00c0 partir du 14\u00a0septembre, et durant toute la derni\u00e8re quinzaine de ce mois, le festival consacrera ses expositions aux scolaires.<\/p>\n","protected":false},"excerpt":{"rendered":"Le festival international de photojournalisme Visa pour l\u2019Image revient du\u00a0samedi 29\u00a0ao\u00fbt au 13\u00a0septembre 2026 \u00e0 Perpignan. Incontournable de&hellip;\n","protected":false},"author":2,"featured_media":645626,"comment_status":"","ping_status":"","sticky":false,"template":"","format":"standard","meta":{"footnotes":""},"categories":[1358],"tags":[1348,1384,1385,872,1386,58,59,1011,27,69124,3464,11548],"class_list":{"0":"post-645625","1":"post","2":"type-post","3":"status-publish","4":"format-standard","5":"has-post-thumbnail","7":"category-arts-et-design","8":"tag-arts","9":"tag-arts-and-design","10":"tag-arts-et-design","11":"tag-culture-et-loisirs","12":"tag-design","13":"tag-divertissement","14":"tag-entertainment","15":"tag-fr","16":"tag-france","17":"tag-fu00eates-et-festivals","18":"tag-perpignan","19":"tag-pyrenees-orientales"},"share_on_mastodon":{"url":"https:\/\/pubeurope.com\/@fr\/115850261478557494","error":""},"_links":{"self":[{"href":"https:\/\/www.europesays.com\/fr\/wp-json\/wp\/v2\/posts\/645625","targetHints":{"allow":["GET"]}}],"collection":[{"href":"https:\/\/www.europesays.com\/fr\/wp-json\/wp\/v2\/posts"}],"about":[{"href":"https:\/\/www.europesays.com\/fr\/wp-json\/wp\/v2\/types\/post"}],"author":[{"embeddable":true,"href":"https:\/\/www.europesays.com\/fr\/wp-json\/wp\/v2\/users\/2"}],"replies":[{"embeddable":true,"href":"https:\/\/www.europesays.com\/fr\/wp-json\/wp\/v2\/comments?post=645625"}],"version-history":[{"count":0,"href":"https:\/\/www.europesays.com\/fr\/wp-json\/wp\/v2\/posts\/645625\/revisions"}],"wp:featuredmedia":[{"embeddable":true,"href":"https:\/\/www.europesays.com\/fr\/wp-json\/wp\/v2\/media\/645626"}],"wp:attachment":[{"href":"https:\/\/www.europesays.com\/fr\/wp-json\/wp\/v2\/media?parent=645625"}],"wp:term":[{"taxonomy":"category","embeddable":true,"href":"https:\/\/www.europesays.com\/fr\/wp-json\/wp\/v2\/categories?post=645625"},{"taxonomy":"post_tag","embeddable":true,"href":"https:\/\/www.europesays.com\/fr\/wp-json\/wp\/v2\/tags?post=645625"}],"curies":[{"name":"wp","href":"https:\/\/api.w.org\/{rel}","templated":true}]}}