{"id":645629,"date":"2026-01-06T21:26:11","date_gmt":"2026-01-06T21:26:11","guid":{"rendered":"https:\/\/www.europesays.com\/fr\/645629\/"},"modified":"2026-01-06T21:26:11","modified_gmt":"2026-01-06T21:26:11","slug":"je-me-suis-marie-a-20-ans-javais-deja-un-enfant-et-personne-nen-savait-rien-pourquoi-frederic-francois-a-longtemps-du-cacher-la-femme-de-sa-vie","status":"publish","type":"post","link":"https:\/\/www.europesays.com\/fr\/645629\/","title":{"rendered":"\u00ab\u00a0Je me suis mari\u00e9 \u00e0 20 ans, j&rsquo;avais d\u00e9j\u00e0 un enfant et personne n&rsquo;en savait rien\u00a0\u00bb: pourquoi Fr\u00e9d\u00e9ric Fran\u00e7ois a longtemps d\u00fb cacher la femme de sa vie"},"content":{"rendered":"<p class=\"ap-StoryElement ap-StoryElement--mb ap-StoryText\"><b>Fr\u00e9d\u00e9ric Fran\u00e7ois<\/b> fait partie de ces artistes qui ont v\u00e9cu mille vies. Dans les ann\u00e9es 60, d\u00e9j\u00e0, le natif de Sicile, ayant \u00e9migr\u00e9 tr\u00e8s jeune dans la r\u00e9gion li\u00e9geoise avec ses parents, d\u00e9couvrait la musique avec son p\u00e8re venu en Belgique pour travailler dans les mines. Il fallait attendre la d\u00e9cennie suivante pour que Francesco Barracato, de son vrai nom, ne gagne en popularit\u00e9.<\/p>\n<p class=\"ap-StoryElement ap-StoryElement--mb ap-StoryText\">Au d\u00e9but des <b>ann\u00e9es 70<\/b>, l&rsquo;interpr\u00e8te de \u00ab\u00a0Mon coeur te dit je t&rsquo;aime\u00a0\u00bb va \u00e9galement vivre un moment fort dans sa vie en se mariant avec une certaine <b>Monique Vercauteren<\/b> avec qui il est toujours aujourd&rsquo;hui. Les deux tourtereaux auront d&rsquo;ailleurs rapidement un enfant. \u00c0 cette \u00e9poque, cependant, personne n&rsquo;\u00e9tait au courant dans la sph\u00e8re publique.<\/p>\n<p>Un souhait de la maison de disques<\/p>\n<p class=\"ap-StoryElement ap-StoryElement--mb ap-StoryText\">Dans l&rsquo;\u00e9mission \u00ab\u00a0Un dimanche \u00e0 la campagne\u00a0\u00bb, diffus\u00e9e sur France 2 et anim\u00e9e par Fr\u00e9d\u00e9ric Lopez, le chanteur italo-belge est revenu sur cette p\u00e9riode. \u00ab\u00a0On avait les cheveux longs, des chaussures avec des talons terribles, des pantalons pattes d&rsquo;eph. Les ann\u00e9es 1970, on a lanc\u00e9 une mode\u00a0\u00bb, recontextualise-t-il. On est devenus des <b>chanteurs \u00e0 midinettes<\/b> parce qu&rsquo;\u00e0 chaque fois qu&rsquo;on montait sur sc\u00e8ne, les filles criaient\u00a0\u00bb.<\/p>\n<p><a href=\"https:\/\/www.parismatch.be\/culture\/musique\/2025\/09\/16\/frederic-francois-hospitalise-une-proche-du-chanteur-rassure-sur-son-etat-de-sante-il-a-subi-un-check-up-WIOJ2HAY4BBBDKVBNKVBXYW3GE\/\" target=\"_self\" class=\"ap-StoryInterstitialLink ap-StoryElement ap-StoryElement--mb\" rel=\"noopener\">Fr\u00e9d\u00e9ric Fran\u00e7ois hospitalis\u00e9 ? Une proche du chanteur rassure sur son \u00e9tat de sant\u00e9 : \u00ab\u00a0Il a subi un check-up\u00a0\u00bb<\/a><\/p>\n<p class=\"ap-StoryElement ap-StoryElement--mb ap-StoryText\">Face \u00e0 ce succ\u00e8s, il a d\u00fb se r\u00e9soudre \u00e0 mettre sa vie priv\u00e9e de c\u00f4t\u00e9. \u00ab\u00a0Je le vivais mal parce que la maison de disques nous obligeait \u00e0 le cacher\u00a0\u00bb, rembobine-t-il \u00e0 propos de sa relation. \u00ab\u00a0Je me suis <b>mari\u00e9 \u00e0 20 ans<\/b>, j&rsquo;avais d\u00e9j\u00e0 un enfant et personne n&rsquo;en savait rien\u00a0\u00bb, ajoute-t-il. Gendre id\u00e9al pour beaucoup de mamans, selon ses dires, Fr\u00e9d\u00e9ric Fran\u00e7ois a, avec le temps, annonc\u00e9 la nouvelle \u00e0 son public.<\/p>\n<p>Pour acc\u00e9der \u00e0 cet article, veuillez vous connecter au r\u00e9seau internet.<\/p>\n","protected":false},"excerpt":{"rendered":"Fr\u00e9d\u00e9ric Fran\u00e7ois fait partie de ces artistes qui ont v\u00e9cu mille vies. Dans les ann\u00e9es 60, d\u00e9j\u00e0, le&hellip;\n","protected":false},"author":2,"featured_media":645630,"comment_status":"","ping_status":"","sticky":false,"template":"","format":"standard","meta":{"footnotes":""},"categories":[1355],"tags":[828,972,58,59,1011,27,1361,873,973],"class_list":{"0":"post-645629","1":"post","2":"type-post","3":"status-publish","4":"format-standard","5":"has-post-thumbnail","7":"category-musique","8":"tag-belgique","9":"tag-celebrite","10":"tag-divertissement","11":"tag-entertainment","12":"tag-fr","13":"tag-france","14":"tag-music","15":"tag-musique","16":"tag-people"},"share_on_mastodon":{"url":"https:\/\/pubeurope.com\/@fr\/115850273539707718","error":""},"_links":{"self":[{"href":"https:\/\/www.europesays.com\/fr\/wp-json\/wp\/v2\/posts\/645629","targetHints":{"allow":["GET"]}}],"collection":[{"href":"https:\/\/www.europesays.com\/fr\/wp-json\/wp\/v2\/posts"}],"about":[{"href":"https:\/\/www.europesays.com\/fr\/wp-json\/wp\/v2\/types\/post"}],"author":[{"embeddable":true,"href":"https:\/\/www.europesays.com\/fr\/wp-json\/wp\/v2\/users\/2"}],"replies":[{"embeddable":true,"href":"https:\/\/www.europesays.com\/fr\/wp-json\/wp\/v2\/comments?post=645629"}],"version-history":[{"count":0,"href":"https:\/\/www.europesays.com\/fr\/wp-json\/wp\/v2\/posts\/645629\/revisions"}],"wp:featuredmedia":[{"embeddable":true,"href":"https:\/\/www.europesays.com\/fr\/wp-json\/wp\/v2\/media\/645630"}],"wp:attachment":[{"href":"https:\/\/www.europesays.com\/fr\/wp-json\/wp\/v2\/media?parent=645629"}],"wp:term":[{"taxonomy":"category","embeddable":true,"href":"https:\/\/www.europesays.com\/fr\/wp-json\/wp\/v2\/categories?post=645629"},{"taxonomy":"post_tag","embeddable":true,"href":"https:\/\/www.europesays.com\/fr\/wp-json\/wp\/v2\/tags?post=645629"}],"curies":[{"name":"wp","href":"https:\/\/api.w.org\/{rel}","templated":true}]}}