{"id":645633,"date":"2026-01-06T21:28:11","date_gmt":"2026-01-06T21:28:11","guid":{"rendered":"https:\/\/www.europesays.com\/fr\/645633\/"},"modified":"2026-01-06T21:28:11","modified_gmt":"2026-01-06T21:28:11","slug":"si-vous-ne-faites-pas-ca-le-matin-vous-risquez-de-sombrer-dans-la-deprime-hivernale-selon-les-medecins","status":"publish","type":"post","link":"https:\/\/www.europesays.com\/fr\/645633\/","title":{"rendered":"Si vous ne faites pas \u00e7a le matin, vous risquez de sombrer dans la d\u00e9prime hivernale, selon les m\u00e9decins"},"content":{"rendered":"<p>L\u2019hiver plombe le moral : l\u2019habitude matinale cl\u00e9 des<br \/>\nm\u00e9decins<\/p>\n<p>Si vous ne faites pas \u00e7a le matin, l\u2019hiver peut vous plomber le<br \/>\nmoral plus vite que le thermom\u00e8tre. Les jours raccourcissent, la<br \/>\nlumi\u00e8re d\u00e9cline, et la motivation file. Les m\u00e9decins convergent<br \/>\npourtant vers une <strong>habitude matinale<\/strong> simple,<br \/>\ngratuite et \u00e9tonnamment efficace pour contrer la <strong>d\u00e9prime<br \/>\nhivernale<\/strong> ou une <strong>d\u00e9pression saisonni\u00e8re<\/strong>.<br \/>\nElle agit d\u00e8s le r\u00e9veil, sans pilules, sans gadgets compliqu\u00e9s.<br \/>\nReste \u00e0 savoir ce que c\u2019est, et pourquoi elle fonctionne aussi<br \/>\nbien.<\/p>\n<p>Nul besoin de r\u00e9volutionner vos matin\u00e9es ni de cocher quinze<br \/>\nconseils \u00e0 la fois. L\u2019id\u00e9e est de donner au cerveau un signal clair<br \/>\nque la journ\u00e9e a commenc\u00e9, en r\u00e9-alignant sa <strong>horloge<br \/>\ninterne<\/strong> et en jouant sur <strong>m\u00e9latonine<\/strong> et<br \/>\n<strong>cortisol<\/strong>. Ce geste, recommand\u00e9 par des m\u00e9decins et<br \/>\npsychologues, aide \u00e0 retrouver de l\u2019\u00e9lan, moins d\u2019anxi\u00e9t\u00e9 et un<br \/>\nsommeil plus stable. Le c\u0153ur du sujet se joue d\u00e8s les premi\u00e8res<br \/>\nminutes du jour.<\/p>\n<p>Lumi\u00e8re du matin : le geste \u00e0 ne pas zapper selon les<br \/>\nm\u00e9decins<\/p>\n<p>La recommandation est limpide : s\u2019exposer \u00e0 la lumi\u00e8re du jour<br \/>\nd\u00e8s le r\u00e9veil, id\u00e9alement dehors. \u00ab\u00a0sortir au soleil autant que<br \/>\npossible\u00a0\u00bb, a confi\u00e9 Rachel Ward, cit\u00e9e par Marie France. \u00ab\u00a0Bien s\u00fbr,<br \/>\nil faut bien se couvrir, surtout si l\u00a0\u00bbon est fragile ou si l&rsquo;on<br \/>\nsouffre d&rsquo;une maladie pulmonaire ou cardiaque, mais il est<br \/>\nabsolument indispensable de passer du temps \u00e0 l&rsquo;ext\u00e9rieur\u00a0\u00bb,<br \/>\na-t-elle pr\u00e9cis\u00e9. Un r\u00e9flexe accessible qui redonne du tonus quand<br \/>\nles jours raccourcissent.<\/p>\n<p>La psychologue Kelly Rohan rappelle qu\u2019une <strong>balade<br \/>\nmatinale<\/strong> est \u00ab\u00a0une fa\u00e7on naturelle pour le corps de<br \/>\ns\u2019exposer \u00e0 la lumi\u00e8re du soleil et de resynchroniser son horloge<br \/>\ninterne\u00a0\u00bb, a expliqu\u00e9 Kelly Rohan, cit\u00e9e par Marie France. \u00ab\u00a0Vous<br \/>\nb\u00e9n\u00e9ficierez d&rsquo;une lumi\u00e8re bien plus intense qu&rsquo;avec une lampe de<br \/>\nluminoth\u00e9rapie\u00a0\u00bb, a-t-elle ajout\u00e9. \u00ab\u00a0la marche, en elle-m\u00eame,<br \/>\nam\u00e9liore l&rsquo;humeur et apaise l&rsquo;anxi\u00e9t\u00e9\u00a0\u00bb, a-t-elle poursuivi. Dehors,<br \/>\nla <strong>lumi\u00e8re naturelle<\/strong> fait le reste.<\/p>\n<p>Ce que la lumi\u00e8re change pour votre cerveau et votre<br \/>\nhumeur<\/p>\n<p>\u00ab\u00a0Le froid complique le lever matinal en abaissant la temp\u00e9rature<br \/>\ncorporelle, ce qui stimule la production de m\u00e9latonine (l&rsquo;hormone<br \/>\ndu sommeil) et ralentit le m\u00e9tabolisme, maintenant l\u2019organisme en<br \/>\nmode \u00ab\u00a0\u00e9conomie d\u2019\u00e9nergie\u00a0\u00bb. Il r\u00e9duit aussi la circulation sanguine,<br \/>\nprovoque une sensation de lourdeur et diminue la s\u00e9cr\u00e9tion de<br \/>\ncortisol (hormone d\u2019\u00e9veil), surtout combin\u00e9 au manque de lumi\u00e8re<br \/>\nhivernale qui perturbe l\u2019horloge biologique\u00a0\u00bb, confirme le Dr G\u00e9rald<br \/>\nKierzek sur Doctissimo. D\u2019o\u00f9 l\u2019int\u00e9r\u00eat d\u2019un signal lumineux rapide<br \/>\nau saut du lit.<\/p>\n<p>En hiver, \u00ab\u00a0beaucoup de personnes ont trop de m\u00e9latonine. Il<br \/>\ns&rsquo;agit de quelque chose que votre cerveau cr\u00e9e pour vous aider \u00e0<br \/>\nvous endormir\u00a0\u00bb, a expliqu\u00e9 la Dr Sue Varma, cit\u00e9e par L&rsquo;Internaute.<br \/>\nUne courte exposition \u00e0 la <strong>lumi\u00e8re du matin<\/strong> stoppe<br \/>\nce signal : \u00ab\u00a0\u00c7a dit au cerveau : r\u00e9veille toi !\u00a0\u00bb, a pr\u00e9cis\u00e9 la Dr<br \/>\nVarma. Les sp\u00e9cialistes conseillent de le faire <strong>avant 10<br \/>\nheures<\/strong> pour recaler le rythme circadien et lancer la<br \/>\njourn\u00e9e.<\/p>\n<p>Moral en berne malgr\u00e9 la lumi\u00e8re du<br \/>\nmatin ?<\/p>\n<p>Si sortir est compliqu\u00e9, ouvrez grand les volets, installez-vous<br \/>\nface \u00e0 une fen\u00eatre, ou sortez sur le balcon quelques minutes. \u00c0<br \/>\nd\u00e9faut de jour suffisant, une lampe de<br \/>\n<strong>luminoth\u00e9rapie<\/strong> ou un simulateur d\u2019aube peut aider<br \/>\n\u00e0 envoyer ce signal d\u2019\u00e9veil. Les m\u00e9decins recommandent aussi de<br \/>\ns\u2019exposer \u00e0 la lumi\u00e8re d\u00e8s le lever et de bouger un peu dans la<br \/>\nfoul\u00e9e, ne serait-ce qu\u2019avec des pas dans la rue ou la cour.<\/p>\n<p>Quand le mal-\u00eatre persiste plusieurs semaines, la situation<br \/>\nd\u00e9passe la simple <strong>d\u00e9prime hivernale<\/strong>. M\u00eame en<br \/>\nadoptant ce rituel, consultez si vous ressentez un manque<br \/>\nd\u2019\u00e9nergie, une fatigue inhabituelle, une perte de poids, une<br \/>\ndiminution de l\u2019app\u00e9tit, des difficult\u00e9s \u00e0 dormir, une perte<br \/>\nd\u2019int\u00e9r\u00eat pour vos activit\u00e9s, des pens\u00e9es n\u00e9gatives voire<br \/>\nsuicidaires. Dans ce cas, parler \u00e0 un m\u00e9decin g\u00e9n\u00e9raliste, un<br \/>\npsychiatre ou un psychologue permet d\u2019envisager une prise en charge<br \/>\nadapt\u00e9e.<\/p>\n","protected":false},"excerpt":{"rendered":"L\u2019hiver plombe le moral : l\u2019habitude matinale cl\u00e9 des m\u00e9decins Si vous ne faites pas \u00e7a le matin,&hellip;\n","protected":false},"author":2,"featured_media":645634,"comment_status":"","ping_status":"","sticky":false,"template":"","format":"standard","meta":{"footnotes":""},"categories":[10],"tags":[930,1433,1446,1805,5561,55717,1011,27,72,66647,4743,151,4659,2673,16285,5261,75157,71,15298,21187,75158,4568],"class_list":{"0":"post-645633","1":"post","2":"type-post","3":"status-publish","4":"format-standard","5":"has-post-thumbnail","7":"category-sante","8":"tag-le","9":"tag-ca","10":"tag-dans","11":"tag-de","12":"tag-deprime","13":"tag-faites","14":"tag-fr","15":"tag-france","16":"tag-health","17":"tag-hivernale","18":"tag-la","19":"tag-les","20":"tag-matin","21":"tag-medecins","22":"tag-ne","23":"tag-pas","24":"tag-risquez","25":"tag-sante","26":"tag-selon","27":"tag-si","28":"tag-sombrer","29":"tag-vous"},"share_on_mastodon":{"url":"https:\/\/pubeurope.com\/@fr\/115850281286187233","error":""},"_links":{"self":[{"href":"https:\/\/www.europesays.com\/fr\/wp-json\/wp\/v2\/posts\/645633","targetHints":{"allow":["GET"]}}],"collection":[{"href":"https:\/\/www.europesays.com\/fr\/wp-json\/wp\/v2\/posts"}],"about":[{"href":"https:\/\/www.europesays.com\/fr\/wp-json\/wp\/v2\/types\/post"}],"author":[{"embeddable":true,"href":"https:\/\/www.europesays.com\/fr\/wp-json\/wp\/v2\/users\/2"}],"replies":[{"embeddable":true,"href":"https:\/\/www.europesays.com\/fr\/wp-json\/wp\/v2\/comments?post=645633"}],"version-history":[{"count":0,"href":"https:\/\/www.europesays.com\/fr\/wp-json\/wp\/v2\/posts\/645633\/revisions"}],"wp:featuredmedia":[{"embeddable":true,"href":"https:\/\/www.europesays.com\/fr\/wp-json\/wp\/v2\/media\/645634"}],"wp:attachment":[{"href":"https:\/\/www.europesays.com\/fr\/wp-json\/wp\/v2\/media?parent=645633"}],"wp:term":[{"taxonomy":"category","embeddable":true,"href":"https:\/\/www.europesays.com\/fr\/wp-json\/wp\/v2\/categories?post=645633"},{"taxonomy":"post_tag","embeddable":true,"href":"https:\/\/www.europesays.com\/fr\/wp-json\/wp\/v2\/tags?post=645633"}],"curies":[{"name":"wp","href":"https:\/\/api.w.org\/{rel}","templated":true}]}}