{"id":645658,"date":"2026-01-06T21:43:14","date_gmt":"2026-01-06T21:43:14","guid":{"rendered":"https:\/\/www.europesays.com\/fr\/645658\/"},"modified":"2026-01-06T21:43:14","modified_gmt":"2026-01-06T21:43:14","slug":"la-problematique-des-sangliers-sinstalle-dans-les-villes-le-president-de-la-federation-departementale-des-chasseurs-presente-les-enjeux","status":"publish","type":"post","link":"https:\/\/www.europesays.com\/fr\/645658\/","title":{"rendered":"\u00ab\u00a0La probl\u00e9matique des sangliers s\u2019installe dans les villes\u00a0\u00bb\u00a0: le pr\u00e9sident de la F\u00e9d\u00e9ration d\u00e9partementale des chasseurs pr\u00e9sente les enjeux"},"content":{"rendered":"<p>\n                                                                Les membres de la F\u00e9d\u00e9ration d\u00e9partementale des chasseurs de l\u2019H\u00e9rault se sont r\u00e9unis lundi 5\u00a0janvier au si\u00e8ge, \u00e0 Saint-Jean-de-V\u00e9das, \u00e0 l\u2019occasion des v\u0153ux 2026. Son pr\u00e9sident, Max Alli\u00e8s, a dress\u00e9 un bilan de l\u2019ann\u00e9e 2025, marqu\u00e9e par des enjeux sanitaires, agricoles et r\u00e9glementaires.\n                            <\/p>\n<p>La chasse dans l\u2019H\u00e9rault fait face \u00e0 des d\u00e9fis sanitaires et r\u00e9glementaires. Lundi 5\u00a0janvier, devant les \u00e9lus et partenaires pr\u00e9sents, le pr\u00e9sident, Max Alli\u00e8s a fait un \u00e9tat des lieux des enjeux.<\/p>\n<p>Selon une \u00e9tude men\u00e9e en 2023 par le RANDEA pour la F\u00e9d\u00e9ration nationale des chasseurs (FNC), la France compte 963\u00a0571 titulaires du permis de chasse. Parmi eux, 42\u00a0% ont moins de 55 ans et seulement 3,3\u00a0% sont des femmes. Dans l\u2019H\u00e9rault, la proportion de chasseuses reste encore\u00a0faible\u00a0: 2\u00a0%, soit 157 femmes recens\u00e9es en 2023, d\u2019apr\u00e8s la F\u00e9d\u00e9ration d\u00e9partementale.<\/p>\n<p>Apr\u00e8s avoir salu\u00e9 les \u00e9lus et repr\u00e9sentants pr\u00e9sents, Max Alli\u00e8s a rendu hommage \u00e0 Fran\u00e7ois Rio, maire de Saint-Jean-de-V\u00e9das, d\u00e9c\u00e9d\u00e9 en d\u00e9cembre. Le pr\u00e9sident a \u00e9galement tenu \u00e0 exprimer son soutien au monde agricole, \u00e9voquant notamment la crise de la dermatose nodulaire\u00a0: \u00ab\u00a0Nous avons eu une r\u00e9union avec la Chambre d\u2019agriculture. J\u2019aimerais avoir une pens\u00e9e pour les agriculteurs et la gestion de la dermatose nodulaire.\u00a0\u00bb<\/p>\n<p>Vigilance face aux maladies animales<\/p>\n<p>Plusieurs maladies ont \u00e9t\u00e9 au c\u0153ur des pr\u00e9occupations. Le pr\u00e9sident a appel\u00e9 \u00e0 la prudence face \u00e0 la grippe aviaire, qui peut toucher les oiseaux sauvages, mais aussi \u00e0 la peste porcine africaine, r\u00e9cemment d\u00e9tect\u00e9e en Catalogne, \u00e0 seulement 90\u00a0km de la fronti\u00e8re fran\u00e7aise. La maladie d\u2019Aujeszky, dangereuse pour les chiens de chasse, reste \u00e9galement surveill\u00e9e, avec des foyers recens\u00e9s en France.<\/p>\n<p>Les relations entre chasseurs et agriculteurs ont aussi \u00e9t\u00e9 abord\u00e9es, notamment \u00e0 la suite des \u00e9lections \u00e0 la Chambre d\u2019agriculture, dont Raymond Llorens est le repr\u00e9sentant. Max Alli\u00e8s a salu\u00e9 l\u2019action de Fran\u00e7ois-Xavier Lauch, ancien pr\u00e9fet, qui pr\u00e9sidait la Commission d\u00e9partementale de la chasse.<\/p>\n<p>La question du financement des d\u00e9g\u00e2ts<\/p>\n<p>Parmi les \u00e9volutions notables figure l\u2019extension de la p\u00e9riode durant laquelle le sanglier est class\u00e9 nuisible, permettant des tirs dans les semis en avril et mai. \u00ab\u00a0La probl\u00e9matique des sangliers s\u2019installe d\u00e9sormais surtout dans les villes\u00a0\u00bb, souligne le pr\u00e9sident.<\/p>\n<p>Il a \u00e9galement rappel\u00e9 la demande de modification de la loi de 1968, qui impose aux chasseurs de financer les d\u00e9g\u00e2ts de gibier. \u00ab\u00a0Aujourd\u2019hui, il y a moins de chasseurs, donc moins de recettes, mais davantage de gibier et de d\u00e9g\u00e2ts.\u00a0\u00bb\u00a0Concernant le petit gibier, Max Alli\u00e8s est revenu sur le dispositif d\u2019\u00e9co-contribution mis en place en 2019\u00a0: \u00ab\u00a0Pour 5\u00a0euros vers\u00e9s par les chasseurs, l\u2019\u00c9tat en ajoute 10 pour financer des actions en faveur de la biodiversit\u00e9.\u00a0\u00bb Des partenariats ont \u00e9galement \u00e9t\u00e9 engag\u00e9s pour r\u00e9cup\u00e9rer l\u2019eau gaspill\u00e9e, tandis que la question de l\u2019\u00e9quarrissage des sangliers reste sensible. \u00ab\u00a0Nous allons \u00eatre \u00e9quip\u00e9s de deux chambres froides\u00a0\u00bb, d\u00e9taille Max Alli\u00e8s.<\/p>\n<p>        <img decoding=\"async\" class=\"std-img__img responsive-img\" src=\"https:\/\/www.europesays.com\/fr\/wp-content\/uploads\/2026\/01\/1767735794_992_image.jpg\" alt=\"Les probl\u00e9matiques qui ont marqu\u00e9 l\u2019ann\u00e9e ont \u00e9t\u00e9 \u00e9voqu\u00e9es devant les membres de la F\u00e9d\u00e9ration.\"\/><\/p>\n<p>                Les probl\u00e9matiques qui ont marqu\u00e9 l\u2019ann\u00e9e ont \u00e9t\u00e9 \u00e9voqu\u00e9es devant les membres de la F\u00e9d\u00e9ration.<br \/>\n                                    Midi Libre &#8211; JEAN MICHEL MART<\/p>\n<p>Cohabitation des usages et pr\u00e9vention des risques<\/p>\n<p>La chasse, pratiqu\u00e9e \u00e0 la fois en milieu agricole et forestier, implique une cohabitation avec l\u2019ensemble des acteurs du monde rural. \u00c0 l\u2019issue d\u2019\u00e9changes avec la pr\u00e9fecture, la possibilit\u00e9 de tirs de nuit reste envisageable en cas de d\u00e9g\u00e2ts importants. Le sch\u00e9ma d\u00e9partemental de gestion cyn\u00e9g\u00e9tique, sign\u00e9 le 21\u00a0mai, est valable pour six ans. Il pr\u00e9voit notamment une amende de 135\u00a0euros en cas de chasse sans signe distinctif visible. Les incendies ayant ravag\u00e9 17\u00a0000 hectares dans l\u2019Aude ont \u00e9galement \u00e9t\u00e9 \u00e9voqu\u00e9s. \u00ab\u00a0Ce qui s\u2019est pass\u00e9 dans l\u2019Aude pourrait se produire dans notre d\u00e9partement\u00a0\u00bb, a alert\u00e9 le pr\u00e9sident.<\/p>\n<p>Max Alli\u00e8s a rappel\u00e9 que l\u2019Office fran\u00e7ais de la biodiversit\u00e9 a contr\u00f4l\u00e9 10\u00a0000 chasseurs en 2025, avec seulement 2\u00a0% d\u2019infractions constat\u00e9es. Deux accidents de chasse ont n\u00e9anmoins marqu\u00e9 l\u2019ann\u00e9e. La formation d\u00e9cennale obligatoire se poursuit, avec 4\u00a0200 chasseurs d\u00e9j\u00e0 form\u00e9s.<\/p>\n","protected":false},"excerpt":{"rendered":"Les membres de la F\u00e9d\u00e9ration d\u00e9partementale des chasseurs de l\u2019H\u00e9rault se sont r\u00e9unis lundi 5\u00a0janvier au si\u00e8ge, \u00e0&hellip;\n","protected":false},"author":2,"featured_media":645659,"comment_status":"","ping_status":"","sticky":false,"template":"","format":"standard","meta":{"footnotes":""},"categories":[9599],"tags":[1111,11,74247,436,1777,674,1011,27,7089,2208,12,2680,25],"class_list":{"0":"post-645658","1":"post","2":"type-post","3":"status-publish","4":"format-standard","5":"has-post-thumbnail","7":"category-montpellier","8":"tag-actu","9":"tag-actualites","10":"tag-chasse-pu00eache","11":"tag-environnement","12":"tag-eu","13":"tag-europe","14":"tag-fr","15":"tag-france","16":"tag-herault","17":"tag-montpellier","18":"tag-news","19":"tag-occitanie","20":"tag-republique-francaise"},"share_on_mastodon":{"url":"https:\/\/pubeurope.com\/@fr\/115850340509225901","error":""},"_links":{"self":[{"href":"https:\/\/www.europesays.com\/fr\/wp-json\/wp\/v2\/posts\/645658","targetHints":{"allow":["GET"]}}],"collection":[{"href":"https:\/\/www.europesays.com\/fr\/wp-json\/wp\/v2\/posts"}],"about":[{"href":"https:\/\/www.europesays.com\/fr\/wp-json\/wp\/v2\/types\/post"}],"author":[{"embeddable":true,"href":"https:\/\/www.europesays.com\/fr\/wp-json\/wp\/v2\/users\/2"}],"replies":[{"embeddable":true,"href":"https:\/\/www.europesays.com\/fr\/wp-json\/wp\/v2\/comments?post=645658"}],"version-history":[{"count":0,"href":"https:\/\/www.europesays.com\/fr\/wp-json\/wp\/v2\/posts\/645658\/revisions"}],"wp:featuredmedia":[{"embeddable":true,"href":"https:\/\/www.europesays.com\/fr\/wp-json\/wp\/v2\/media\/645659"}],"wp:attachment":[{"href":"https:\/\/www.europesays.com\/fr\/wp-json\/wp\/v2\/media?parent=645658"}],"wp:term":[{"taxonomy":"category","embeddable":true,"href":"https:\/\/www.europesays.com\/fr\/wp-json\/wp\/v2\/categories?post=645658"},{"taxonomy":"post_tag","embeddable":true,"href":"https:\/\/www.europesays.com\/fr\/wp-json\/wp\/v2\/tags?post=645658"}],"curies":[{"name":"wp","href":"https:\/\/api.w.org\/{rel}","templated":true}]}}