{"id":645660,"date":"2026-01-06T21:44:23","date_gmt":"2026-01-06T21:44:23","guid":{"rendered":"https:\/\/www.europesays.com\/fr\/645660\/"},"modified":"2026-01-06T21:44:23","modified_gmt":"2026-01-06T21:44:23","slug":"le-trial-international-de-montpellier-promet-un-show-spectaculaire-2","status":"publish","type":"post","link":"https:\/\/www.europesays.com\/fr\/645660\/","title":{"rendered":"Le Trial International de Montpellier promet un show\u00a0spectaculaire"},"content":{"rendered":"<p data-path-to-node=\"4\">Apr\u00e8s des \u00e9ditions pr\u00e9c\u00e9dentes qui ont marqu\u00e9 les esprits, le Trial Indoor International revient en terre h\u00e9raultaise pour une 4\u00e8me \u00e9dition qui s\u2019annonce plus grandiose que jamais. Pour les n\u00e9ophytes comme pour les passionn\u00e9s, Montpellier s\u2019impose une nouvelle fois comme la capitale mondiale de la discipline le temps d\u2019une soir\u00e9e exceptionnelle.<\/p>\n<p>Un show entre sport de haut niveau et spectacle total<\/p>\n<p data-path-to-node=\"6\">Le Trial Indoor ne se contente pas d\u2019\u00eatre une comp\u00e9tition sportive ; c\u2019est une exp\u00e9rience immersive. D\u00e8s 20h00, les spectateurs seront plong\u00e9s dans une atmosph\u00e8re \u00e9lectrisante m\u00ealant jeux de lumi\u00e8res, musique rythm\u00e9e et sc\u00e9nographie moderne.<\/p>\n<p data-path-to-node=\"7\">Le d\u00e9fi pour les pilotes ? Franchir des zones compos\u00e9es d\u2019obstacles XXL \u2014 troncs, blocs de b\u00e9ton, structures m\u00e9talliques \u2014 sans jamais poser le pied \u00e0 terre. L\u2019agilit\u00e9, l\u2019\u00e9quilibre et la pr\u00e9cision millim\u00e9tr\u00e9e des concurrents transforment chaque franchissement en une v\u00e9ritable prouesse artistique et athl\u00e9tique.<\/p>\n<p>L\u2019\u00e9lite mondiale au rendez-vous<\/p>\n<p data-path-to-node=\"9\">Si la liste d\u00e9finitive des pilotes r\u00e9serve encore quelques surprises, le plateau attendu est, comme \u00e0 l\u2019accoutum\u00e9e, de rang international. On y retrouvera les meilleurs mondiaux, pr\u00eats \u00e0 en d\u00e9coudre pour d\u00e9crocher la premi\u00e8re victoire de l\u2019ann\u00e9e. Les spectateurs auront l\u2019occasion d\u2019admirer la dext\u00e9rit\u00e9 des champions espagnols, dominateurs historiques de la discipline, mais aussi de soutenir les meilleurs repr\u00e9sentants fran\u00e7ais qui brillent de plus en plus sur la sc\u00e8ne internationale.<\/p>\n<p>Un \u00e9v\u00e9nement pour tous les publics<\/p>\n<p data-path-to-node=\"11\">L\u2019un des points forts du Trial Indoor de Montpellier est son accessibilit\u00e9. Le show est con\u00e7u pour captiver les enfants comme les adultes. Pour ceux qui souhaitent vivre l\u2019exp\u00e9rience au plus pr\u00e8s des machines, un \u00ab\u00a0Pack Acc\u00e8s Paddock\u00a0\u00bb est propos\u00e9, permettant de d\u00e9couvrir les coulisses et d\u2019approcher les pilotes avant le d\u00e9but des hostilit\u00e9s.<\/p>\n<p data-path-to-node=\"11\">Ne manquez pas ce lancement de saison qui s\u2019annonce d\u00e9j\u00e0 historique. Que vous soyez amateur de sensations fortes ou en qu\u00eate d\u2019une sortie familiale originale, le Trial Indoor de Montpellier est le rendez-vous incontournable de ce d\u00e9but d\u2019ann\u00e9e 2026 !<\/p>\n<ul data-path-to-node=\"13\">\n<li>\n<p data-path-to-node=\"13,0,0\"><b data-path-to-node=\"13,0,0\" data-index-in-node=\"0\">Date :<\/b> Vendredi 9 janvier 2026<\/p>\n<\/li>\n<li>\n<p data-path-to-node=\"13,1,0\"><b data-path-to-node=\"13,1,0\" data-index-in-node=\"0\">Lieu :<\/b> Sud de France Arena \u00e0 P\u00e9rols (tram ligne 3)<\/p>\n<\/li>\n<li>\n<p data-path-to-node=\"13,2,0\"><b data-path-to-node=\"13,2,0\" data-index-in-node=\"0\">Horaires :<\/b> Ouverture des portes \u00e0 18h30 \/ D\u00e9but du show \u00e0 20h00<\/p>\n<\/li>\n<li>\n<p data-path-to-node=\"13,3,0\"><b data-path-to-node=\"13,3,0\" data-index-in-node=\"0\">Billetterie :<\/b> \u00c0 partir de 31\u20ac<\/p>\n<\/li>\n<\/ul>\n<p>Les infos <a href=\"https:\/\/trial-indoor-international.com\/?utm_source=ig&amp;utm_medium=social&amp;utm_content=link_in_bio&amp;fbclid=PAZXh0bgNhZW0CMTEAc3J0YwZhcHBfaWQMMjU2MjgxMDQwNTU4AAGn4_n1nRxgCY1z2qLgPPYnQXF5mmPq3vQCbKfHOxpv-x4DUsHEXhqaH53aCKo_aem_u8X8kXgU0Rp1aopKfgI_8Q\" target=\"_blank\" rel=\"noopener\"><strong>ici<\/strong><\/a><\/p>\n<blockquote class=\"instagram-media\" style=\"background: #FFF; border: 0; border-radius: 3px; box-shadow: 0 0 1px 0 rgba(0,0,0,0.5),0 1px 10px 0 rgba(0,0,0,0.15); margin: 1px; max-width: 540px; min-width: 326px; padding: 0; width: calc(100% - 2px);\" data-instgrm-captioned=\"\" data-instgrm-permalink=\"https:\/\/www.instagram.com\/p\/DTBTDw3iAPV\/?utm_source=ig_embed&amp;utm_campaign=loading\" data-instgrm-version=\"14\">\n<\/blockquote>\n<p><script async src=\"\/\/www.instagram.com\/embed.js\"><\/script><\/p>\n","protected":false},"excerpt":{"rendered":"Apr\u00e8s des \u00e9ditions pr\u00e9c\u00e9dentes qui ont marqu\u00e9 les esprits, le Trial Indoor International revient en terre h\u00e9raultaise pour&hellip;\n","protected":false},"author":2,"featured_media":645064,"comment_status":"","ping_status":"","sticky":false,"template":"","format":"standard","meta":{"footnotes":""},"categories":[9599],"tags":[1111,11,1777,674,1011,27,2208,12,2680,25],"class_list":{"0":"post-645660","1":"post","2":"type-post","3":"status-publish","4":"format-standard","5":"has-post-thumbnail","7":"category-montpellier","8":"tag-actu","9":"tag-actualites","10":"tag-eu","11":"tag-europe","12":"tag-fr","13":"tag-france","14":"tag-montpellier","15":"tag-news","16":"tag-occitanie","17":"tag-republique-francaise"},"share_on_mastodon":{"url":"https:\/\/pubeurope.com\/@fr\/115850344038916179","error":""},"_links":{"self":[{"href":"https:\/\/www.europesays.com\/fr\/wp-json\/wp\/v2\/posts\/645660","targetHints":{"allow":["GET"]}}],"collection":[{"href":"https:\/\/www.europesays.com\/fr\/wp-json\/wp\/v2\/posts"}],"about":[{"href":"https:\/\/www.europesays.com\/fr\/wp-json\/wp\/v2\/types\/post"}],"author":[{"embeddable":true,"href":"https:\/\/www.europesays.com\/fr\/wp-json\/wp\/v2\/users\/2"}],"replies":[{"embeddable":true,"href":"https:\/\/www.europesays.com\/fr\/wp-json\/wp\/v2\/comments?post=645660"}],"version-history":[{"count":0,"href":"https:\/\/www.europesays.com\/fr\/wp-json\/wp\/v2\/posts\/645660\/revisions"}],"wp:featuredmedia":[{"embeddable":true,"href":"https:\/\/www.europesays.com\/fr\/wp-json\/wp\/v2\/media\/645064"}],"wp:attachment":[{"href":"https:\/\/www.europesays.com\/fr\/wp-json\/wp\/v2\/media?parent=645660"}],"wp:term":[{"taxonomy":"category","embeddable":true,"href":"https:\/\/www.europesays.com\/fr\/wp-json\/wp\/v2\/categories?post=645660"},{"taxonomy":"post_tag","embeddable":true,"href":"https:\/\/www.europesays.com\/fr\/wp-json\/wp\/v2\/tags?post=645660"}],"curies":[{"name":"wp","href":"https:\/\/api.w.org\/{rel}","templated":true}]}}