{"id":645661,"date":"2026-01-06T21:46:19","date_gmt":"2026-01-06T21:46:19","guid":{"rendered":"https:\/\/www.europesays.com\/fr\/645661\/"},"modified":"2026-01-06T21:46:19","modified_gmt":"2026-01-06T21:46:19","slug":"apres-des-infractions-graves-la-ville-de-rouen-prend-la-main-sur-ce-commerce-de-la-rue-de-la-republique","status":"publish","type":"post","link":"https:\/\/www.europesays.com\/fr\/645661\/","title":{"rendered":"Apr\u00e8s des \u00ab\u00a0infractions graves\u00a0\u00bb, la Ville de Rouen prend la main sur ce commerce de la rue de la R\u00e9publique"},"content":{"rendered":"<p>                    Par<br \/>\n        <strong><br \/>\n            <a href=\"https:\/\/actu.fr\/auteur\/fmass\" title=\"Consulter tous les articles de Fabien Massin\" target=\"_blank\" rel=\"noopener\">Fabien Massin<\/a><br \/>\n                    <\/strong><\/p>\n<p>        Publi\u00e9 le<\/p>\n<p>            6 janv. 2026 \u00e0 20h30<br \/>\n        ; mis \u00e0 jour le 6 janv. 2026 \u00e0 20h31    <\/p>\n<p>Dans le secteur du commerce, la Ville de <a href=\"https:\/\/actu.fr\/normandie\/rouen_76540\" target=\"_blank\" rel=\"noopener\">Rouen (Seine-Maritime)<\/a> veut faire le m\u00e9nage.\u00a0La collectivit\u00e9 a ainsi a exerc\u00e9 son <strong>droit de pr\u00e9emption<\/strong> sur un fonds de commerce situ\u00e9 au 57 <a href=\"https:\/\/actu.fr\/normandie\/rouen_76540\/comment-se-porte-le-commerce-rue-de-la-republique-a-rouen-cette-rue-mal-aimee-de-la-rive-droite_62949148.html\" target=\"_blank\" rel=\"noopener\">rue de la R\u00e9publique<\/a>, \u00ab\u00a0actuellement exploit\u00e9 sous l\u2019enseigne d\u2019un salon de massage\u00a0\u00bb, annonce la Ville dans un communiqu\u00e9, lundi 6 janvier 2025.<\/p>\n<p>Un \u00ab\u00a0signal\u00a0\u00bb contre les activit\u00e9s ill\u00e9gales<\/p>\n<p class=\" wall-content\">\u00ab\u00a0Cette d\u00e9cision intervient dans le cadre de la politique municipale visant \u00e0 pr\u00e9server la qualit\u00e9 et la diversit\u00e9 de l\u2019offre commerciale et \u00e0 lutter contre les pratiques interdites, explique la Ville. Le commerce concern\u00e9 a fait l\u2019objet d\u2019un contr\u00f4le des autorit\u00e9s<strong> r\u00e9v\u00e9lant des infractions graves<\/strong>.\u00a0\u00bb<\/p>\n<blockquote class=\"ac-article-quote wall-content\">\n<p>En pr\u00e9emptant ce fonds, la Ville entend : mettre un terme d\u00e9finitif \u00e0 ces activit\u00e9s illicites ; r\u00e9introduire une activit\u00e9 commerciale conforme aux valeurs et \u00e0 l\u2019attractivit\u00e9 du centre-ville ; envoyer un signal fort contre les r\u00e9seaux exploitant des commerces \u00e0 des fins ill\u00e9gales.<\/p>\n<p>    <strong>La Ville de Rouen <\/strong>\n            <\/p><\/blockquote>\n<p class=\" wall-content\">Des travaux de remise en \u00e9tat vont \u00eatre engag\u00e9s afin de permettre la r\u00e9trocession du local \u00e0 un nouvel exploitant \u00ab\u00a0respectueux des r\u00e8gles et contribuant \u00e0 la vitalit\u00e9 \u00e9conomique de la rue de la R\u00e9publique\u00a0\u00bb.\u00a0<\/p>\n<p>\u00ab\u00a0Un acte fort pour prot\u00e9ger nos commer\u00e7ants\u00a0\u00bb<\/p>\n<p class=\" wall-content\"><strong>Nicolas Mayer-Rossignol<\/strong>, maire et pr\u00e9sident de la M\u00e9tropole Rouen Normandie, <strong>Sileymane Sow<\/strong>, adjoint en charge du commerce et <strong>Nicolas Zuili<\/strong>, adjoint en charge de la rive droite, soulignent : \u00ab\u00a0Nous ne pouvons tol\u00e9rer que des activit\u00e9s ill\u00e9gales s\u2019installent au c\u0153ur de notre ville. Cette pr\u00e9emption est un acte fort pour prot\u00e9ger nos commer\u00e7ants, nos habitants et l\u2019image de Rouen.\u00a0\u00bb<\/p>\n<p>Vid\u00e9os : en ce moment sur ActuSuivez l\u2019actualit\u00e9 de Rouen sur notre <a href=\"https:\/\/www.whatsapp.com\/channel\/0029VaKfnf99hXF2ddApFB1D\" target=\"_blank\" rel=\"noopener\">cha\u00eene WhatsApp<\/a> et sur notre <a href=\"https:\/\/www.tiktok.com\/@76actu.fr?lang=fr\" target=\"_blank\" rel=\"noopener\">compte TikTok<\/a><\/p>\n<p class=\" wall-content\">Personnalisez votre actualit\u00e9 en ajoutant vos villes et m\u00e9dias en favori avec <a href=\"https:\/\/moncompte.actu.fr\" title=\"D\u00e9couvez Mon Actu\" rel=\"nofollow noopener\" data-trk=\"{&quot;cta&quot;:{&quot;action&quot;:&quot;https:\\\/\\\/moncompte.actu.fr&quot;,&quot;category&quot;:&quot;mon compte&quot;,&quot;from&quot;:&quot;article footer&quot;,&quot;name&quot;:&quot;Mon actu&quot;,&quot;type&quot;:&quot;cta&quot;}}\" target=\"_blank\">Mon Actu<\/a>.<\/p>\n<p>                    <script async src=\"\/\/www.tiktok.com\/embed.js\"><\/script><\/p>\n","protected":false},"excerpt":{"rendered":"Par Fabien Massin Publi\u00e9 le 6 janv. 2026 \u00e0 20h30 ; mis \u00e0 jour le 6 janv. 2026&hellip;\n","protected":false},"author":2,"featured_media":645662,"comment_status":"","ping_status":"","sticky":false,"template":"","format":"standard","meta":{"footnotes":""},"categories":[9587],"tags":[1111,11,215,33,1777,674,1011,27,1006,12,5161,25,9590],"class_list":{"0":"post-645661","1":"post","2":"type-post","3":"status-publish","4":"format-standard","5":"has-post-thumbnail","7":"category-rouen","8":"tag-actu","9":"tag-actualites","10":"tag-commerce","11":"tag-economie","12":"tag-eu","13":"tag-europe","14":"tag-fr","15":"tag-france","16":"tag-fraude","17":"tag-news","18":"tag-normandie","19":"tag-republique-francaise","20":"tag-rouen"},"share_on_mastodon":{"url":"https:\/\/pubeurope.com\/@fr\/115850352050483753","error":""},"_links":{"self":[{"href":"https:\/\/www.europesays.com\/fr\/wp-json\/wp\/v2\/posts\/645661","targetHints":{"allow":["GET"]}}],"collection":[{"href":"https:\/\/www.europesays.com\/fr\/wp-json\/wp\/v2\/posts"}],"about":[{"href":"https:\/\/www.europesays.com\/fr\/wp-json\/wp\/v2\/types\/post"}],"author":[{"embeddable":true,"href":"https:\/\/www.europesays.com\/fr\/wp-json\/wp\/v2\/users\/2"}],"replies":[{"embeddable":true,"href":"https:\/\/www.europesays.com\/fr\/wp-json\/wp\/v2\/comments?post=645661"}],"version-history":[{"count":0,"href":"https:\/\/www.europesays.com\/fr\/wp-json\/wp\/v2\/posts\/645661\/revisions"}],"wp:featuredmedia":[{"embeddable":true,"href":"https:\/\/www.europesays.com\/fr\/wp-json\/wp\/v2\/media\/645662"}],"wp:attachment":[{"href":"https:\/\/www.europesays.com\/fr\/wp-json\/wp\/v2\/media?parent=645661"}],"wp:term":[{"taxonomy":"category","embeddable":true,"href":"https:\/\/www.europesays.com\/fr\/wp-json\/wp\/v2\/categories?post=645661"},{"taxonomy":"post_tag","embeddable":true,"href":"https:\/\/www.europesays.com\/fr\/wp-json\/wp\/v2\/tags?post=645661"}],"curies":[{"name":"wp","href":"https:\/\/api.w.org\/{rel}","templated":true}]}}