{"id":645663,"date":"2026-01-06T21:47:11","date_gmt":"2026-01-06T21:47:11","guid":{"rendered":"https:\/\/www.europesays.com\/fr\/645663\/"},"modified":"2026-01-06T21:47:11","modified_gmt":"2026-01-06T21:47:11","slug":"des-tirs-de-mortiers-mais-aucun-incident-a-deplorer","status":"publish","type":"post","link":"https:\/\/www.europesays.com\/fr\/645663\/","title":{"rendered":"des tirs de mortiers mais aucun incident \u00e0 d\u00e9plorer"},"content":{"rendered":"<p>Des supporters alg\u00e9riens ont voulu c\u00e9l\u00e9brer la victoire de leur \u00e9quipe <a href=\"https:\/\/www.ledauphine.com\/sport\/2026\/01\/06\/un-missile-sous-la-barre-l-algerie-elimine-la-rd-congo-en-prolongations-et-file-en-quarts-de-la-can\" target=\"_blank\" rel=\"noopener\">qui s&rsquo;est qualifi\u00e9e contre le Congo<\/a> pour les quarts de finale de la Coupe d&rsquo;Afrique des nations, ce mardi soir, en se regroupant sur le cours Jean-Jaur\u00e8s \u00e0 Grenoble.<\/p>\n<p>Anticipant ce mouvement de liesse et pour parer \u00e0 d&rsquo;\u00e9ventuels d\u00e9bordements, des CRS et des policiers grenoblois se sont d\u00e9ploy\u00e9s en nombre pour disperser les groupes et r\u00e9guler la circulation notamment aux intersections de l\u2019avenue Alsace-Lorraine et du cours Berriat.<\/p>\n<p>La circulation du tramway n&rsquo;a \u00e9t\u00e9 que l\u00e9g\u00e8rement perturb\u00e9e<\/p>\n<p>Plusieurs dizaines de supporters se sont donc rassembl\u00e9es \u00e0 l&rsquo;intersection de la rue Condorcet, tirant plusieurs mortiers en l&rsquo;air, tandis que des automobilistes manifestaient leur joie \u00e0 grands coups de klaxon et en brandissant des drapeaux alg\u00e9riens mais aucun incident n&rsquo;a \u00e9t\u00e9 \u00e0 d\u00e9plorer et m\u00eame la circulation du tramway n&rsquo;a \u00e9t\u00e9 que l\u00e9g\u00e8rement perturb\u00e9e.\u00a0<\/p>\n<p>Ce contenu est bloqu\u00e9 car vous n&rsquo;avez pas accept\u00e9 les cookies et autres traceurs.<\/p>\n<p>En cliquant sur \u00ab J\u2019accepte \u00bb, les cookies et autres traceurs seront d\u00e9pos\u00e9s et vous pourrez visualiser les contenus  (<a href=\"\" class=\"consentModule_policy\" target=\"_blank\" title=\"Consulter la politique de protection des donn\u00e9es du fournisseur\">plus d&rsquo;informations<\/a>).<\/p>\n<p>En cliquant sur \u00ab J\u2019accepte tous les cookies \u00bb, vous autorisez des d\u00e9p\u00f4ts de cookies et autres traceurs pour le stockage de vos donn\u00e9es sur nos sites et applications \u00e0 des fins de personnalisation et de ciblage publicitaire.<\/p>\n<p class=\"consentModule_secondaryText\">Vous gardez la possibilit\u00e9 de retirer votre consentement \u00e0 tout moment en consultant notre <a href=\"https:\/\/www.ledauphine.com\/protection-des-donnees\" target=\"_blank\" title=\"Consulter notre politique de protection des donn\u00e9es\" rel=\"noopener\">politique de protection des donn\u00e9es<\/a>. <br \/>&#13;<br \/>\n            <a href=\"https:\/\/www.ledauphine.com\/faits-divers-justice\/2026\/01\/06\/javascript:Didomi.notice.show()\" class=\"consentModule_cmp\" target=\"_blank\" rel=\"noopener\">G\u00e9rer mes choix<\/a>&#13;\n        <\/p>\n<p>&#13;<br \/>\n                        J&rsquo;accepte&#13;<br \/>\n            J&rsquo;accepte tous les cookies&#13;\n        <\/p>\n","protected":false},"excerpt":{"rendered":"Des supporters alg\u00e9riens ont voulu c\u00e9l\u00e9brer la victoire de leur \u00e9quipe qui s&rsquo;est qualifi\u00e9e contre le Congo pour&hellip;\n","protected":false},"author":2,"featured_media":645664,"comment_status":"","ping_status":"","sticky":false,"template":"","format":"standard","meta":{"footnotes":""},"categories":[9566],"tags":[1111,11,2430,3542,112,1777,674,274,63,1011,27,2731,108,12,25,104],"class_list":{"0":"post-645663","1":"post","2":"type-post","3":"status-publish","4":"format-standard","5":"has-post-thumbnail","7":"category-grenoble","8":"tag-actu","9":"tag-actualites","10":"tag-auvergne-rhone-alpes","11":"tag-circulation","12":"tag-edition-grenoble-agglomeration","13":"tag-eu","14":"tag-europe","15":"tag-faits-divers-justice","16":"tag-football","17":"tag-fr","18":"tag-france","19":"tag-grenoble","20":"tag-isere","21":"tag-news","22":"tag-republique-francaise","23":"tag-societe"},"share_on_mastodon":{"url":"https:\/\/pubeurope.com\/@fr\/115850355951267059","error":""},"_links":{"self":[{"href":"https:\/\/www.europesays.com\/fr\/wp-json\/wp\/v2\/posts\/645663","targetHints":{"allow":["GET"]}}],"collection":[{"href":"https:\/\/www.europesays.com\/fr\/wp-json\/wp\/v2\/posts"}],"about":[{"href":"https:\/\/www.europesays.com\/fr\/wp-json\/wp\/v2\/types\/post"}],"author":[{"embeddable":true,"href":"https:\/\/www.europesays.com\/fr\/wp-json\/wp\/v2\/users\/2"}],"replies":[{"embeddable":true,"href":"https:\/\/www.europesays.com\/fr\/wp-json\/wp\/v2\/comments?post=645663"}],"version-history":[{"count":0,"href":"https:\/\/www.europesays.com\/fr\/wp-json\/wp\/v2\/posts\/645663\/revisions"}],"wp:featuredmedia":[{"embeddable":true,"href":"https:\/\/www.europesays.com\/fr\/wp-json\/wp\/v2\/media\/645664"}],"wp:attachment":[{"href":"https:\/\/www.europesays.com\/fr\/wp-json\/wp\/v2\/media?parent=645663"}],"wp:term":[{"taxonomy":"category","embeddable":true,"href":"https:\/\/www.europesays.com\/fr\/wp-json\/wp\/v2\/categories?post=645663"},{"taxonomy":"post_tag","embeddable":true,"href":"https:\/\/www.europesays.com\/fr\/wp-json\/wp\/v2\/tags?post=645663"}],"curies":[{"name":"wp","href":"https:\/\/api.w.org\/{rel}","templated":true}]}}