{"id":645667,"date":"2026-01-06T21:49:16","date_gmt":"2026-01-06T21:49:16","guid":{"rendered":"https:\/\/www.europesays.com\/fr\/645667\/"},"modified":"2026-01-06T21:49:16","modified_gmt":"2026-01-06T21:49:16","slug":"autres-mesures-2026-alter1fo","status":"publish","type":"post","link":"https:\/\/www.europesays.com\/fr\/645667\/","title":{"rendered":"Autres Mesures 2026 \u2013 Alter1fo"},"content":{"rendered":"<p style=\"text-align: justify;\"><b>Pour la 11e ann\u00e9e, le festival Autres Mesures revient explorer avec passion et g\u00e9n\u00e9rosit\u00e9 les territoires vastes et contrast\u00e9s des musiques contemporaines. <\/b><b>Du 15 janvier au 17 f\u00e9vrier 2026, c<\/b><b>ette onzi\u00e8me \u00e9dition vous proposera une large s\u00e9lection de ce qui se fait de plus \u00e9moustillant dans ce domaine musical, parfois intimidant, mais toujours passionnant pour celles et ceux qui se lanceront dans l\u2019aventure. Fid\u00e8le \u00e0 sa d\u00e9marche originale, cette riche s\u00e9lection investira une dizaine de lieux d\u2019exposition rennais et sera, de plus, le plus souvent gratuite.<\/b><\/p>\n<p style=\"text-align: center;\"><img fetchpriority=\"high\" decoding=\"async\" class=\"aligncenter size-large wp-image-150374\" src=\"https:\/\/www.europesays.com\/fr\/wp-content\/uploads\/2026\/01\/autres-mesures-2026-341x500.png\" alt=\"\" width=\"341\" height=\"500\"  \/>\u00a9 Justine Molkhou\u00a0<\/p>\n<p style=\"text-align: justify;\">Depuis 2015, le festival <a href=\"https:\/\/autresmesures.com\/\" target=\"_blank\" rel=\"noopener\"><strong>Autres Mesures<\/strong><\/a> invite le meilleur de la cr\u00e9ation musicale contemporaine sur Rennes. Ces concerts, en majorit\u00e9 gratuits, sont jou\u00e9s dans les divers lieux d\u2019exposition locaux, histoire de d\u00e9multiplier les plaisirs artistiques. On salue bien bas la d\u00e9marche aventureuse, g\u00e9n\u00e9reuse et salutairement accueillante de l\u2019\u00e9v\u00e9nement. Pour sa dixi\u00e8me \u00e9dition, le festival a d\u00e9multipli\u00e9 les partenariats locaux et proposera, en plus des habituels passages par le <strong>mus\u00e9e des Beaux-Arts<\/strong>, le <strong>Conservatoire<\/strong> et le <strong>FRAC Bretagne<\/strong>, d\u2019autres propositions toutes aussi \u00e9moustillantes qui vous emm\u00e8neront \u00e0 l\u2019<strong>Arvor<\/strong>, \u00e0 la <strong>MJC Br\u00e9quigny<\/strong>, l\u2019<strong>Aire Libre<\/strong> ou \u00e0 l\u2019<strong>Antipode.<\/strong> Malgr\u00e9 le succ\u00e8s grandissant de l\u2019\u00e9v\u00e8nement, trop de gens pensent encore que la cr\u00e9ation musicale contemporaine reste le domaine r\u00e9serv\u00e9 d\u2019une minorit\u00e9 d\u2019esth\u00e8tes, nous allons essayer de vous prouver le contraire.<\/p>\n<p style=\"text-align: center;\">Tous nos articles sur l\u2019\u00e9dition 2026 du festival <strong>Autres Mesures<\/strong> :<\/p>\n<p>\u00a0<\/p>\n","protected":false},"excerpt":{"rendered":"Pour la 11e ann\u00e9e, le festival Autres Mesures revient explorer avec passion et g\u00e9n\u00e9rosit\u00e9 les territoires vastes et&hellip;\n","protected":false},"author":2,"featured_media":645668,"comment_status":"","ping_status":"","sticky":false,"template":"","format":"standard","meta":{"footnotes":""},"categories":[2821],"tags":[1111,11,829,1777,674,1011,27,12,584,25],"class_list":{"0":"post-645667","1":"post","2":"type-post","3":"status-publish","4":"format-standard","5":"has-post-thumbnail","7":"category-rennes","8":"tag-actu","9":"tag-actualites","10":"tag-bretagne","11":"tag-eu","12":"tag-europe","13":"tag-fr","14":"tag-france","15":"tag-news","16":"tag-rennes","17":"tag-republique-francaise"},"share_on_mastodon":{"url":"https:\/\/pubeurope.com\/@fr\/115850363791065150","error":""},"_links":{"self":[{"href":"https:\/\/www.europesays.com\/fr\/wp-json\/wp\/v2\/posts\/645667","targetHints":{"allow":["GET"]}}],"collection":[{"href":"https:\/\/www.europesays.com\/fr\/wp-json\/wp\/v2\/posts"}],"about":[{"href":"https:\/\/www.europesays.com\/fr\/wp-json\/wp\/v2\/types\/post"}],"author":[{"embeddable":true,"href":"https:\/\/www.europesays.com\/fr\/wp-json\/wp\/v2\/users\/2"}],"replies":[{"embeddable":true,"href":"https:\/\/www.europesays.com\/fr\/wp-json\/wp\/v2\/comments?post=645667"}],"version-history":[{"count":0,"href":"https:\/\/www.europesays.com\/fr\/wp-json\/wp\/v2\/posts\/645667\/revisions"}],"wp:featuredmedia":[{"embeddable":true,"href":"https:\/\/www.europesays.com\/fr\/wp-json\/wp\/v2\/media\/645668"}],"wp:attachment":[{"href":"https:\/\/www.europesays.com\/fr\/wp-json\/wp\/v2\/media?parent=645667"}],"wp:term":[{"taxonomy":"category","embeddable":true,"href":"https:\/\/www.europesays.com\/fr\/wp-json\/wp\/v2\/categories?post=645667"},{"taxonomy":"post_tag","embeddable":true,"href":"https:\/\/www.europesays.com\/fr\/wp-json\/wp\/v2\/tags?post=645667"}],"curies":[{"name":"wp","href":"https:\/\/api.w.org\/{rel}","templated":true}]}}